{"id":948,"date":"2023-05-29T00:52:00","date_gmt":"2023-05-28T22:52:00","guid":{"rendered":"https:\/\/ingenieria.udd.cl\/data-science\/?p=948"},"modified":"2024-08-16T00:57:45","modified_gmt":"2024-08-15T22:57:45","slug":"la-dra-loreto-bravo-encabezo-la-charla-el-impacto-de-la-inteligencia-artificial-mas-alla-de-la-generacion-de-contenido","status":"publish","type":"post","link":"https:\/\/ingenieria.udd.cl\/data-science\/2023\/05\/29\/la-dra-loreto-bravo-encabezo-la-charla-el-impacto-de-la-inteligencia-artificial-mas-alla-de-la-generacion-de-contenido\/","title":{"rendered":"La Dra. Loreto Bravo encabez\u00f3 la charla \u00abEl Impacto de la Inteligencia Artificial: M\u00e1s All\u00e1 de la Generaci\u00f3n de Contenido\u00bb"},"content":{"rendered":"\n<figure class=\"wp-block-image size-large is-resized\"><img loading=\"lazy\" decoding=\"async\" width=\"1024\" height=\"549\" src=\"http:\/\/ingenieria.udd.cl\/data-science\/files\/2024\/08\/captura-de-pantalla-2023-05-30-a-las-10-03-28-1024x549.png\" alt=\"\" class=\"wp-image-949\" style=\"width:858px;height:auto\" srcset=\"https:\/\/ingenieria.udd.cl\/data-science\/files\/2024\/08\/captura-de-pantalla-2023-05-30-a-las-10-03-28-1024x549.png 1024w, https:\/\/ingenieria.udd.cl\/data-science\/files\/2024\/08\/captura-de-pantalla-2023-05-30-a-las-10-03-28-300x161.png 300w, https:\/\/ingenieria.udd.cl\/data-science\/files\/2024\/08\/captura-de-pantalla-2023-05-30-a-las-10-03-28-768x412.png 768w, https:\/\/ingenieria.udd.cl\/data-science\/files\/2024\/08\/captura-de-pantalla-2023-05-30-a-las-10-03-28-1536x824.png 1536w, https:\/\/ingenieria.udd.cl\/data-science\/files\/2024\/08\/captura-de-pantalla-2023-05-30-a-las-10-03-28-2048x1098.png 2048w\" sizes=\"auto, (max-width: 1024px) 100vw, 1024px\" \/><\/figure>\n\n\n\n<p>La Inteligencia Artificial ha tomado un rol relevante dentro de las empresas, y es por esto, que el Instituto de Data Science de la Universidad del Desarrollo junto a la Red Am\u00e9rica, realizaron la charla \u201cInteligencia Artificial y su impacto en la sociedad de hoy\u201d, quienes en compa\u00f1\u00eda de tres expertos en la materia, analizaron c\u00f3mo su alcance va m\u00e1s alla de la generaci\u00f3n de contenido y c\u00f3mo influye en diversas \u00e1reas de nuestra sociedad.\u00a0<\/p>\n\n\n\n<p>La conversaci\u00f3n se centr\u00f3 en la IA generativa, como es el caso del conocido modelo ChatGPT, que utiliza texto o \u00abprompts\u00bb para generar contenido en forma de texto, im\u00e1genes, audios o videos. Sin embargo, los avances en esta \u00e1rea han llevado a la aparici\u00f3n de un nuevo rol: los&nbsp;<strong>\u00abpropentier\u00bb<\/strong>, expertos que se encargan de guiar y controlar la IA generativa para obtener los resultados deseados.<\/p>\n\n\n\n<p>La Directora del Instituto de Data Science, Dra. Loreto Bravo, destac\u00f3 el impacto abrumador de la inteligencia artificial generativa y explor\u00f3 el panorama general de esta nueva herramienta.&nbsp;<\/p>\n\n\n\n<p>De hecho, comparti\u00f3 los resultados de un estudio que analiz\u00f3 la implementaci\u00f3n de IA en empresas, y seg\u00fan los datos presentados, en 2019, un 78% de las empresas se destacaron \u00aboutsiders\u00bb, con escasa o nula implementaci\u00f3n en sus \u00e1reas de trabajo. Situaci\u00f3n que cambi\u00f3 completamente tras la pandemia del a\u00f1o 2020, ya que, el a\u00f1o pasado se realiz\u00f3 la misma medici\u00f3n y el porcentaje de empresas en esta categor\u00eda se redujo a un 0%.&nbsp;<\/p>\n\n\n\n<p>Estos resultados se\u00f1alan una evoluci\u00f3n impresionante en la adopci\u00f3n de IA por parte de las empresas, aunque a\u00fan quedan desaf\u00edos por superar.<\/p>\n\n\n\n<p>Con respecto a la Inteligencia Artificial Generativa, la Dra. Loreto Bravo se\u00f1al\u00f3 que \u201cse basa en redes neuronales, una aproximaci\u00f3n que busca imitar el funcionamiento del cerebro humano. Estos modelos de IA poseen par\u00e1metros que representan la cantidad y conexiones neuronales presentes en el cerebro. Dado su nivel de complejidad, estos modelos requieren grandes vol\u00famenes de datos para su entrenamiento y calibraci\u00f3n\u201d.<\/p>\n\n\n\n<p>Adem\u00e1s, destac\u00f3 el trabajo que est\u00e1 realizando la Uni\u00f3n Europea sobre el funcionamiento de la IA, y es que \u201cse exigir\u00e1n tres puntos para su uso, 1. El algoritmo tiene que ser transparente 2. Tiene que haber un humano involucrado en el proceso de decisi\u00f3n, y por \u00faltimo, 3. Transparencia en las fuentes de dato\u201d.&nbsp;<\/p>\n\n\n\n<p>En la instancia, tambi\u00e9n se abord\u00f3 el tema de la \u00e9tica y regulaci\u00f3n de la Inteligencia Artificial, con un panel compuesto por Ignacio Chanes,&nbsp; CTO &amp; Technical Community de IBM y Maurizio Pancorvo, Gerente Comercial de BackSpace.<\/p>\n\n\n\n<p>La charla fue un recordatorio de que, si bien la inteligencia artificial generativa es impresionante, todav\u00eda hay muchos aspectos y desaf\u00edos a considerar en el panorama general de la IA, y que tiene un alcance mucho m\u00e1s amplio que la mera generaci\u00f3n de contenido. Sus aplicaciones se extienden desde la resoluci\u00f3n de problemas complejos hasta la transformaci\u00f3n de sectores diversos.<\/p>\n","protected":false},"excerpt":{"rendered":"<p>La Inteligencia Artificial ha tomado un rol relevante dentro de las empresas, y es por esto, que el Instituto de Data Science de la Universidad del Desarrollo junto a la Red Am\u00e9rica, realizaron la charla \u201cInteligencia Artificial y su impacto en la sociedad de hoy\u201d, quienes en compa\u00f1\u00eda de tres expertos en la materia, analizaron [&hellip;]<\/p>\n","protected":false},"author":33,"featured_media":949,"comment_status":"closed","ping_status":"open","sticky":false,"template":"","format":"standard","meta":{"footnotes":""},"categories":[2,3],"tags":[],"class_list":["post-948","post","type-post","status-publish","format-standard","has-post-thumbnail","hentry","category-destacados","category-noticias"],"yoast_head":"<!-- This site is optimized with the Yoast SEO plugin v26.9 - https:\/\/yoast.com\/product\/yoast-seo-wordpress\/ -->\n<title>La Dra. Loreto Bravo encabez\u00f3 la charla \u00abEl Impacto de la Inteligencia Artificial: M\u00e1s All\u00e1 de la Generaci\u00f3n de Contenido\u00bb - Instituto de Data Science<\/title>\n<meta name=\"robots\" content=\"index, follow, max-snippet:-1, max-image-preview:large, max-video-preview:-1\" \/>\n<link rel=\"canonical\" href=\"https:\/\/ingenieria.udd.cl\/data-science\/2023\/05\/29\/la-dra-loreto-bravo-encabezo-la-charla-el-impacto-de-la-inteligencia-artificial-mas-alla-de-la-generacion-de-contenido\/\" \/>\n<meta property=\"og:locale\" content=\"es_ES\" \/>\n<meta property=\"og:type\" content=\"article\" \/>\n<meta property=\"og:title\" content=\"La Dra. Loreto Bravo encabez\u00f3 la charla \u00abEl Impacto de la Inteligencia Artificial: M\u00e1s All\u00e1 de la Generaci\u00f3n de Contenido\u00bb - Instituto de Data Science\" \/>\n<meta property=\"og:description\" content=\"La Inteligencia Artificial ha tomado un rol relevante dentro de las empresas, y es por esto, que el Instituto de Data Science de la Universidad del Desarrollo junto a la Red Am\u00e9rica, realizaron la charla \u201cInteligencia Artificial y su impacto en la sociedad de hoy\u201d, quienes en compa\u00f1\u00eda de tres expertos en la materia, analizaron [&hellip;]\" \/>\n<meta property=\"og:url\" content=\"https:\/\/ingenieria.udd.cl\/data-science\/2023\/05\/29\/la-dra-loreto-bravo-encabezo-la-charla-el-impacto-de-la-inteligencia-artificial-mas-alla-de-la-generacion-de-contenido\/\" \/>\n<meta property=\"og:site_name\" content=\"Instituto de Data Science\" \/>\n<meta property=\"article:published_time\" content=\"2023-05-28T22:52:00+00:00\" \/>\n<meta property=\"article:modified_time\" content=\"2024-08-15T22:57:45+00:00\" \/>\n<meta property=\"og:image\" content=\"http:\/\/ingenieria.udd.cl\/data-science\/files\/2024\/08\/captura-de-pantalla-2023-05-30-a-las-10-03-28-1024x549.png\" \/>\n\t<meta property=\"og:image:width\" content=\"1024\" \/>\n\t<meta property=\"og:image:height\" content=\"549\" \/>\n\t<meta property=\"og:image:type\" content=\"image\/png\" \/>\n<meta name=\"author\" content=\"bravo\" \/>\n<meta name=\"twitter:card\" content=\"summary_large_image\" \/>\n<meta name=\"twitter:label1\" content=\"Escrito por\" \/>\n\t<meta name=\"twitter:data1\" content=\"bravo\" \/>\n\t<meta name=\"twitter:label2\" content=\"Tiempo de lectura\" \/>\n\t<meta name=\"twitter:data2\" content=\"3 minutos\" \/>\n<script type=\"application\/ld+json\" class=\"yoast-schema-graph\">{\"@context\":\"https:\/\/schema.org\",\"@graph\":[{\"@type\":\"Article\",\"@id\":\"https:\/\/ingenieria.udd.cl\/data-science\/2023\/05\/29\/la-dra-loreto-bravo-encabezo-la-charla-el-impacto-de-la-inteligencia-artificial-mas-alla-de-la-generacion-de-contenido\/#article\",\"isPartOf\":{\"@id\":\"https:\/\/ingenieria.udd.cl\/data-science\/2023\/05\/29\/la-dra-loreto-bravo-encabezo-la-charla-el-impacto-de-la-inteligencia-artificial-mas-alla-de-la-generacion-de-contenido\/\"},\"author\":{\"name\":\"bravo\",\"@id\":\"https:\/\/ingenieria.udd.cl\/data-science\/#\/schema\/person\/031eff78396a83ac24986f3ed294e641\"},\"headline\":\"La Dra. Loreto Bravo encabez\u00f3 la charla \u00abEl Impacto de la Inteligencia Artificial: M\u00e1s All\u00e1 de la Generaci\u00f3n de Contenido\u00bb\",\"datePublished\":\"2023-05-28T22:52:00+00:00\",\"dateModified\":\"2024-08-15T22:57:45+00:00\",\"mainEntityOfPage\":{\"@id\":\"https:\/\/ingenieria.udd.cl\/data-science\/2023\/05\/29\/la-dra-loreto-bravo-encabezo-la-charla-el-impacto-de-la-inteligencia-artificial-mas-alla-de-la-generacion-de-contenido\/\"},\"wordCount\":538,\"image\":{\"@id\":\"https:\/\/ingenieria.udd.cl\/data-science\/2023\/05\/29\/la-dra-loreto-bravo-encabezo-la-charla-el-impacto-de-la-inteligencia-artificial-mas-alla-de-la-generacion-de-contenido\/#primaryimage\"},\"thumbnailUrl\":\"https:\/\/ingenieria.udd.cl\/data-science\/files\/2024\/08\/captura-de-pantalla-2023-05-30-a-las-10-03-28.png\",\"articleSection\":[\"Destacados\",\"Noticias\"],\"inLanguage\":\"es\"},{\"@type\":\"WebPage\",\"@id\":\"https:\/\/ingenieria.udd.cl\/data-science\/2023\/05\/29\/la-dra-loreto-bravo-encabezo-la-charla-el-impacto-de-la-inteligencia-artificial-mas-alla-de-la-generacion-de-contenido\/\",\"url\":\"https:\/\/ingenieria.udd.cl\/data-science\/2023\/05\/29\/la-dra-loreto-bravo-encabezo-la-charla-el-impacto-de-la-inteligencia-artificial-mas-alla-de-la-generacion-de-contenido\/\",\"name\":\"La Dra. Loreto Bravo encabez\u00f3 la charla \u00abEl Impacto de la Inteligencia Artificial: M\u00e1s All\u00e1 de la Generaci\u00f3n de Contenido\u00bb - Instituto de Data Science\",\"isPartOf\":{\"@id\":\"https:\/\/ingenieria.udd.cl\/data-science\/#website\"},\"primaryImageOfPage\":{\"@id\":\"https:\/\/ingenieria.udd.cl\/data-science\/2023\/05\/29\/la-dra-loreto-bravo-encabezo-la-charla-el-impacto-de-la-inteligencia-artificial-mas-alla-de-la-generacion-de-contenido\/#primaryimage\"},\"image\":{\"@id\":\"https:\/\/ingenieria.udd.cl\/data-science\/2023\/05\/29\/la-dra-loreto-bravo-encabezo-la-charla-el-impacto-de-la-inteligencia-artificial-mas-alla-de-la-generacion-de-contenido\/#primaryimage\"},\"thumbnailUrl\":\"https:\/\/ingenieria.udd.cl\/data-science\/files\/2024\/08\/captura-de-pantalla-2023-05-30-a-las-10-03-28.png\",\"datePublished\":\"2023-05-28T22:52:00+00:00\",\"dateModified\":\"2024-08-15T22:57:45+00:00\",\"author\":{\"@id\":\"https:\/\/ingenieria.udd.cl\/data-science\/#\/schema\/person\/031eff78396a83ac24986f3ed294e641\"},\"breadcrumb\":{\"@id\":\"https:\/\/ingenieria.udd.cl\/data-science\/2023\/05\/29\/la-dra-loreto-bravo-encabezo-la-charla-el-impacto-de-la-inteligencia-artificial-mas-alla-de-la-generacion-de-contenido\/#breadcrumb\"},\"inLanguage\":\"es\",\"potentialAction\":[{\"@type\":\"ReadAction\",\"target\":[\"https:\/\/ingenieria.udd.cl\/data-science\/2023\/05\/29\/la-dra-loreto-bravo-encabezo-la-charla-el-impacto-de-la-inteligencia-artificial-mas-alla-de-la-generacion-de-contenido\/\"]}]},{\"@type\":\"ImageObject\",\"inLanguage\":\"es\",\"@id\":\"https:\/\/ingenieria.udd.cl\/data-science\/2023\/05\/29\/la-dra-loreto-bravo-encabezo-la-charla-el-impacto-de-la-inteligencia-artificial-mas-alla-de-la-generacion-de-contenido\/#primaryimage\",\"url\":\"https:\/\/ingenieria.udd.cl\/data-science\/files\/2024\/08\/captura-de-pantalla-2023-05-30-a-las-10-03-28.png\",\"contentUrl\":\"https:\/\/ingenieria.udd.cl\/data-science\/files\/2024\/08\/captura-de-pantalla-2023-05-30-a-las-10-03-28.png\",\"width\":2484,\"height\":1332},{\"@type\":\"BreadcrumbList\",\"@id\":\"https:\/\/ingenieria.udd.cl\/data-science\/2023\/05\/29\/la-dra-loreto-bravo-encabezo-la-charla-el-impacto-de-la-inteligencia-artificial-mas-alla-de-la-generacion-de-contenido\/#breadcrumb\",\"itemListElement\":[{\"@type\":\"ListItem\",\"position\":1,\"name\":\"Portada\",\"item\":\"https:\/\/ingenieria.udd.cl\/data-science\/\"},{\"@type\":\"ListItem\",\"position\":2,\"name\":\"La Dra. Loreto Bravo encabez\u00f3 la charla \u00abEl Impacto de la Inteligencia Artificial: M\u00e1s All\u00e1 de la Generaci\u00f3n de Contenido\u00bb\"}]},{\"@type\":\"WebSite\",\"@id\":\"https:\/\/ingenieria.udd.cl\/data-science\/#website\",\"url\":\"https:\/\/ingenieria.udd.cl\/data-science\/\",\"name\":\"Instituto de Data Science\",\"description\":\"Generando valor a partir de datos\",\"inLanguage\":\"es\"},{\"@type\":\"Person\",\"@id\":\"https:\/\/ingenieria.udd.cl\/data-science\/#\/schema\/person\/031eff78396a83ac24986f3ed294e641\",\"name\":\"bravo\",\"image\":{\"@type\":\"ImageObject\",\"inLanguage\":\"es\",\"@id\":\"https:\/\/ingenieria.udd.cl\/data-science\/#\/schema\/person\/image\/\",\"url\":\"https:\/\/secure.gravatar.com\/avatar\/9dec6d45a7fa35db0761e28d9cccd8da3686d9856e0a676865a3a2d6ac59f53a?s=96&d=mm&r=g\",\"contentUrl\":\"https:\/\/secure.gravatar.com\/avatar\/9dec6d45a7fa35db0761e28d9cccd8da3686d9856e0a676865a3a2d6ac59f53a?s=96&d=mm&r=g\",\"caption\":\"bravo\"},\"url\":\"https:\/\/ingenieria.udd.cl\/data-science\/author\/bravo\/\"}]}<\/script>\n<!-- \/ Yoast SEO plugin. -->","yoast_head_json":{"title":"La Dra. Loreto Bravo encabez\u00f3 la charla \u00abEl Impacto de la Inteligencia Artificial: M\u00e1s All\u00e1 de la Generaci\u00f3n de Contenido\u00bb - Instituto de Data Science","robots":{"index":"index","follow":"follow","max-snippet":"max-snippet:-1","max-image-preview":"max-image-preview:large","max-video-preview":"max-video-preview:-1"},"canonical":"https:\/\/ingenieria.udd.cl\/data-science\/2023\/05\/29\/la-dra-loreto-bravo-encabezo-la-charla-el-impacto-de-la-inteligencia-artificial-mas-alla-de-la-generacion-de-contenido\/","og_locale":"es_ES","og_type":"article","og_title":"La Dra. Loreto Bravo encabez\u00f3 la charla \u00abEl Impacto de la Inteligencia Artificial: M\u00e1s All\u00e1 de la Generaci\u00f3n de Contenido\u00bb - Instituto de Data Science","og_description":"La Inteligencia Artificial ha tomado un rol relevante dentro de las empresas, y es por esto, que el Instituto de Data Science de la Universidad del Desarrollo junto a la Red Am\u00e9rica, realizaron la charla \u201cInteligencia Artificial y su impacto en la sociedad de hoy\u201d, quienes en compa\u00f1\u00eda de tres expertos en la materia, analizaron [&hellip;]","og_url":"https:\/\/ingenieria.udd.cl\/data-science\/2023\/05\/29\/la-dra-loreto-bravo-encabezo-la-charla-el-impacto-de-la-inteligencia-artificial-mas-alla-de-la-generacion-de-contenido\/","og_site_name":"Instituto de Data Science","article_published_time":"2023-05-28T22:52:00+00:00","article_modified_time":"2024-08-15T22:57:45+00:00","og_image":[{"width":1024,"height":549,"url":"http:\/\/ingenieria.udd.cl\/data-science\/files\/2024\/08\/captura-de-pantalla-2023-05-30-a-las-10-03-28-1024x549.png","type":"image\/png"}],"author":"bravo","twitter_card":"summary_large_image","twitter_misc":{"Escrito por":"bravo","Tiempo de lectura":"3 minutos"},"schema":{"@context":"https:\/\/schema.org","@graph":[{"@type":"Article","@id":"https:\/\/ingenieria.udd.cl\/data-science\/2023\/05\/29\/la-dra-loreto-bravo-encabezo-la-charla-el-impacto-de-la-inteligencia-artificial-mas-alla-de-la-generacion-de-contenido\/#article","isPartOf":{"@id":"https:\/\/ingenieria.udd.cl\/data-science\/2023\/05\/29\/la-dra-loreto-bravo-encabezo-la-charla-el-impacto-de-la-inteligencia-artificial-mas-alla-de-la-generacion-de-contenido\/"},"author":{"name":"bravo","@id":"https:\/\/ingenieria.udd.cl\/data-science\/#\/schema\/person\/031eff78396a83ac24986f3ed294e641"},"headline":"La Dra. Loreto Bravo encabez\u00f3 la charla \u00abEl Impacto de la Inteligencia Artificial: M\u00e1s All\u00e1 de la Generaci\u00f3n de Contenido\u00bb","datePublished":"2023-05-28T22:52:00+00:00","dateModified":"2024-08-15T22:57:45+00:00","mainEntityOfPage":{"@id":"https:\/\/ingenieria.udd.cl\/data-science\/2023\/05\/29\/la-dra-loreto-bravo-encabezo-la-charla-el-impacto-de-la-inteligencia-artificial-mas-alla-de-la-generacion-de-contenido\/"},"wordCount":538,"image":{"@id":"https:\/\/ingenieria.udd.cl\/data-science\/2023\/05\/29\/la-dra-loreto-bravo-encabezo-la-charla-el-impacto-de-la-inteligencia-artificial-mas-alla-de-la-generacion-de-contenido\/#primaryimage"},"thumbnailUrl":"https:\/\/ingenieria.udd.cl\/data-science\/files\/2024\/08\/captura-de-pantalla-2023-05-30-a-las-10-03-28.png","articleSection":["Destacados","Noticias"],"inLanguage":"es"},{"@type":"WebPage","@id":"https:\/\/ingenieria.udd.cl\/data-science\/2023\/05\/29\/la-dra-loreto-bravo-encabezo-la-charla-el-impacto-de-la-inteligencia-artificial-mas-alla-de-la-generacion-de-contenido\/","url":"https:\/\/ingenieria.udd.cl\/data-science\/2023\/05\/29\/la-dra-loreto-bravo-encabezo-la-charla-el-impacto-de-la-inteligencia-artificial-mas-alla-de-la-generacion-de-contenido\/","name":"La Dra. Loreto Bravo encabez\u00f3 la charla \u00abEl Impacto de la Inteligencia Artificial: M\u00e1s All\u00e1 de la Generaci\u00f3n de Contenido\u00bb - Instituto de Data Science","isPartOf":{"@id":"https:\/\/ingenieria.udd.cl\/data-science\/#website"},"primaryImageOfPage":{"@id":"https:\/\/ingenieria.udd.cl\/data-science\/2023\/05\/29\/la-dra-loreto-bravo-encabezo-la-charla-el-impacto-de-la-inteligencia-artificial-mas-alla-de-la-generacion-de-contenido\/#primaryimage"},"image":{"@id":"https:\/\/ingenieria.udd.cl\/data-science\/2023\/05\/29\/la-dra-loreto-bravo-encabezo-la-charla-el-impacto-de-la-inteligencia-artificial-mas-alla-de-la-generacion-de-contenido\/#primaryimage"},"thumbnailUrl":"https:\/\/ingenieria.udd.cl\/data-science\/files\/2024\/08\/captura-de-pantalla-2023-05-30-a-las-10-03-28.png","datePublished":"2023-05-28T22:52:00+00:00","dateModified":"2024-08-15T22:57:45+00:00","author":{"@id":"https:\/\/ingenieria.udd.cl\/data-science\/#\/schema\/person\/031eff78396a83ac24986f3ed294e641"},"breadcrumb":{"@id":"https:\/\/ingenieria.udd.cl\/data-science\/2023\/05\/29\/la-dra-loreto-bravo-encabezo-la-charla-el-impacto-de-la-inteligencia-artificial-mas-alla-de-la-generacion-de-contenido\/#breadcrumb"},"inLanguage":"es","potentialAction":[{"@type":"ReadAction","target":["https:\/\/ingenieria.udd.cl\/data-science\/2023\/05\/29\/la-dra-loreto-bravo-encabezo-la-charla-el-impacto-de-la-inteligencia-artificial-mas-alla-de-la-generacion-de-contenido\/"]}]},{"@type":"ImageObject","inLanguage":"es","@id":"https:\/\/ingenieria.udd.cl\/data-science\/2023\/05\/29\/la-dra-loreto-bravo-encabezo-la-charla-el-impacto-de-la-inteligencia-artificial-mas-alla-de-la-generacion-de-contenido\/#primaryimage","url":"https:\/\/ingenieria.udd.cl\/data-science\/files\/2024\/08\/captura-de-pantalla-2023-05-30-a-las-10-03-28.png","contentUrl":"https:\/\/ingenieria.udd.cl\/data-science\/files\/2024\/08\/captura-de-pantalla-2023-05-30-a-las-10-03-28.png","width":2484,"height":1332},{"@type":"BreadcrumbList","@id":"https:\/\/ingenieria.udd.cl\/data-science\/2023\/05\/29\/la-dra-loreto-bravo-encabezo-la-charla-el-impacto-de-la-inteligencia-artificial-mas-alla-de-la-generacion-de-contenido\/#breadcrumb","itemListElement":[{"@type":"ListItem","position":1,"name":"Portada","item":"https:\/\/ingenieria.udd.cl\/data-science\/"},{"@type":"ListItem","position":2,"name":"La Dra. Loreto Bravo encabez\u00f3 la charla \u00abEl Impacto de la Inteligencia Artificial: M\u00e1s All\u00e1 de la Generaci\u00f3n de Contenido\u00bb"}]},{"@type":"WebSite","@id":"https:\/\/ingenieria.udd.cl\/data-science\/#website","url":"https:\/\/ingenieria.udd.cl\/data-science\/","name":"Instituto de Data Science","description":"Generando valor a partir de datos","inLanguage":"es"},{"@type":"Person","@id":"https:\/\/ingenieria.udd.cl\/data-science\/#\/schema\/person\/031eff78396a83ac24986f3ed294e641","name":"bravo","image":{"@type":"ImageObject","inLanguage":"es","@id":"https:\/\/ingenieria.udd.cl\/data-science\/#\/schema\/person\/image\/","url":"https:\/\/secure.gravatar.com\/avatar\/9dec6d45a7fa35db0761e28d9cccd8da3686d9856e0a676865a3a2d6ac59f53a?s=96&d=mm&r=g","contentUrl":"https:\/\/secure.gravatar.com\/avatar\/9dec6d45a7fa35db0761e28d9cccd8da3686d9856e0a676865a3a2d6ac59f53a?s=96&d=mm&r=g","caption":"bravo"},"url":"https:\/\/ingenieria.udd.cl\/data-science\/author\/bravo\/"}]}},"featured_image_url":"https:\/\/ingenieria.udd.cl\/data-science\/files\/2024\/08\/captura-de-pantalla-2023-05-30-a-las-10-03-28.png","_links":{"self":[{"href":"https:\/\/ingenieria.udd.cl\/data-science\/wp-json\/wp\/v2\/posts\/948","targetHints":{"allow":["GET"]}}],"collection":[{"href":"https:\/\/ingenieria.udd.cl\/data-science\/wp-json\/wp\/v2\/posts"}],"about":[{"href":"https:\/\/ingenieria.udd.cl\/data-science\/wp-json\/wp\/v2\/types\/post"}],"author":[{"embeddable":true,"href":"https:\/\/ingenieria.udd.cl\/data-science\/wp-json\/wp\/v2\/users\/33"}],"replies":[{"embeddable":true,"href":"https:\/\/ingenieria.udd.cl\/data-science\/wp-json\/wp\/v2\/comments?post=948"}],"version-history":[{"count":1,"href":"https:\/\/ingenieria.udd.cl\/data-science\/wp-json\/wp\/v2\/posts\/948\/revisions"}],"predecessor-version":[{"id":950,"href":"https:\/\/ingenieria.udd.cl\/data-science\/wp-json\/wp\/v2\/posts\/948\/revisions\/950"}],"wp:featuredmedia":[{"embeddable":true,"href":"https:\/\/ingenieria.udd.cl\/data-science\/wp-json\/wp\/v2\/media\/949"}],"wp:attachment":[{"href":"https:\/\/ingenieria.udd.cl\/data-science\/wp-json\/wp\/v2\/media?parent=948"}],"wp:term":[{"taxonomy":"category","embeddable":true,"href":"https:\/\/ingenieria.udd.cl\/data-science\/wp-json\/wp\/v2\/categories?post=948"},{"taxonomy":"post_tag","embeddable":true,"href":"https:\/\/ingenieria.udd.cl\/data-science\/wp-json\/wp\/v2\/tags?post=948"}],"curies":[{"name":"wp","href":"https:\/\/api.w.org\/{rel}","templated":true}]}}