{"id":1519,"date":"2020-11-12T14:44:11","date_gmt":"2020-11-12T13:44:11","guid":{"rendered":"https:\/\/ingenieria.udd.cl\/ii\/?p=1519"},"modified":"2020-11-12T14:45:00","modified_gmt":"2020-11-12T13:45:00","slug":"direccion-de-innovacion-y-desarrollo-se-adjudica-historico-fondequip","status":"publish","type":"post","link":"https:\/\/ingenieria.udd.cl\/ii\/2020\/11\/12\/direccion-de-innovacion-y-desarrollo-se-adjudica-historico-fondequip\/","title":{"rendered":"Direcci\u00f3n de Innovaci\u00f3n y Desarrollo se adjudica hist\u00f3rico FONDEQUIP"},"content":{"rendered":"\n<p>Una de las principales necesidades en el pa\u00eds es medir los niveles de contaminaci\u00f3n en agua y aire para la toma de decisiones, pero \u2013 \u00bfc\u00f3mo hacemos un instrumento que sea de f\u00e1cil acceso para generar datos de estudio en el pa\u00eds? \u2013 Hace alg\u00fan tiempo el equipo de Direcci\u00f3n de Innovaci\u00f3n y Desarrollo comenz\u00f3 a trabajar sobre esta pregunta con \u00abPlatform for standardization, characterization and calibration of environmental air and water diagnoses\u00bb, dando origen a lo que hoy se materializa con esta adjudicaci\u00f3n que financiar\u00e1 tres a\u00f1os de implementaci\u00f3n y desarrollo, en primera instancia.<\/p>\n\n\n\n<p>Este proyecto permite generar insumos de investigaci\u00f3n para la toma de decisiones en beneficio del medio ambiente, al respecto, el Director del \u00e1rea a cargo, Camilo Rodr\u00edguez-Beltr\u00e1n, nos cuenta \u201cChile tiene desaf\u00edos tremendos en estas \u00e1reas donde parte del problema es que se cuenta con muy poca data, justamente porque el instrumental de mediciones es costoso, por lo tanto, poco accesible\u201d.<\/p>\n\n\n\n<p>La cient\u00edfica investigadora asociada at Center for Climate an Resilience Research que colabora en esta iniciativa, Zoe Fleming PhD, nos comenta que hay dos formas de realizar estas mediciones, una es llevando muestras a un laboratorio y la segunda: \u201cun mini laboratorio m\u00f3vil que pueda llegar a todos los lugares y as\u00ed acceder a zonas que tienen gran contaminaci\u00f3n y que nunca se han evaluado, por lo tanto, no se han puesto restricciones actualmente porque no hay mediciones que lleguen a lugares lejanos\u201d.<\/p>\n\n\n\n<p>Fleming nos cuenta la envergadura y proyecci\u00f3n de esta adjudicaci\u00f3n: \u201chay poco conocimiento del estado de las aguas chilenas, los estudios no se unen y queremos fijar una orientaci\u00f3n en beneficio de la mejora\u201d, entonces, gracias a los resultados posibles podremos comparar, ayudar, sugerir, discutir sobre qu\u00e9 es mejor, o c\u00f3mo medir varios tipos de contaminaci\u00f3n, en este aspecto, la cient\u00edfica agrega: \u201cLo que es interesante es que podamos ser la interfaz entre las contaminaciones de aire y agua. Hay cient\u00edficos que s\u00f3lo estudian un elemento y podemos llegar a conclusiones mucho m\u00e1s completas al vincular o cruzar resultados\u201d.<\/p>\n\n\n\n<p>Diego Rivera PhD,&nbsp; investigador de nuestra Facultad, su especialidad son los recursos h\u00eddricos y nos menciona sobre la importancia de este desarrollo en su \u00e1rea de estudio: \u201cexiste una serie de aplicaciones importantes; por ejemplo, al relacionarlo con la calidad en la agricultura, vamos a necesitar establecer las condiciones de operaci\u00f3n en la industria agr\u00edcola y los efectos en el medio ambiente que los rodea, este tipo de tecnolog\u00eda o t\u00e9cnica, nos permite obtener monitoreo y observaci\u00f3n sobre estos efectos \u00a1Va a tener un impacto positivo para la resiliencia del cambio clim\u00e1tico!\u201d- asegura.<\/p>\n\n\n\n<p>Actualmente se dispone de nuevas tecnolog\u00edas que permiten generar un mejor alcance y que, adem\u00e1s, sea un instrumento confiable, entonces \u201cnosotros crearemos una plataforma que permita estandarizar y calibrar an\u00e1lisis con informaci\u00f3n fidedigna, permitiendo finalmente una mejora en la toma de decisiones en el sector p\u00fablico y privado, asimismo a la sociedad y finalmente que estos datos puedan fortalecer a diversas investigaciones\u201d, finaliza Rodr\u00edguez-Beltr\u00e1n.<\/p>\n","protected":false},"excerpt":{"rendered":"<p>Una de las principales necesidades en el pa\u00eds es medir los niveles de contaminaci\u00f3n en agua y aire para la toma de decisiones, pero \u2013 \u00bfc\u00f3mo hacemos un instrumento que sea de f\u00e1cil acceso para generar datos de estudio en el pa\u00eds? \u2013 Hace alg\u00fan tiempo el equipo de Direcci\u00f3n de Innovaci\u00f3n y Desarrollo comenz\u00f3 [&hellip;]<\/p>\n","protected":false},"author":9192227,"featured_media":1520,"comment_status":"open","ping_status":"open","sticky":false,"template":"","format":"standard","meta":{"footnotes":""},"categories":[2,10],"tags":[],"class_list":["post-1519","post","type-post","status-publish","format-standard","has-post-thumbnail","hentry","category-iinoticias","category-noticias-fondos"],"yoast_head":"<!-- This site is optimized with the Yoast SEO plugin v26.9 - https:\/\/yoast.com\/product\/yoast-seo-wordpress\/ -->\n<title>Direcci\u00f3n de Innovaci\u00f3n y Desarrollo se adjudica hist\u00f3rico FONDEQUIP - Innovaci\u00f3n Ingenier\u00eda<\/title>\n<meta name=\"robots\" content=\"index, follow, max-snippet:-1, max-image-preview:large, max-video-preview:-1\" \/>\n<link rel=\"canonical\" href=\"https:\/\/ingenieria.udd.cl\/ii\/2020\/11\/12\/direccion-de-innovacion-y-desarrollo-se-adjudica-historico-fondequip\/\" \/>\n<meta property=\"og:locale\" content=\"es_ES\" \/>\n<meta property=\"og:type\" content=\"article\" \/>\n<meta property=\"og:title\" content=\"Direcci\u00f3n de Innovaci\u00f3n y Desarrollo se adjudica hist\u00f3rico FONDEQUIP - Innovaci\u00f3n Ingenier\u00eda\" \/>\n<meta property=\"og:description\" content=\"Una de las principales necesidades en el pa\u00eds es medir los niveles de contaminaci\u00f3n en agua y aire para la toma de decisiones, pero \u2013 \u00bfc\u00f3mo hacemos un instrumento que sea de f\u00e1cil acceso para generar datos de estudio en el pa\u00eds? \u2013 Hace alg\u00fan tiempo el equipo de Direcci\u00f3n de Innovaci\u00f3n y Desarrollo comenz\u00f3 [&hellip;]\" \/>\n<meta property=\"og:url\" content=\"https:\/\/ingenieria.udd.cl\/ii\/2020\/11\/12\/direccion-de-innovacion-y-desarrollo-se-adjudica-historico-fondequip\/\" \/>\n<meta property=\"og:site_name\" content=\"Innovaci\u00f3n Ingenier\u00eda\" \/>\n<meta property=\"article:published_time\" content=\"2020-11-12T13:44:11+00:00\" \/>\n<meta property=\"article:modified_time\" content=\"2020-11-12T13:45:00+00:00\" \/>\n<meta property=\"og:image\" content=\"https:\/\/ingenieria.udd.cl\/ii\/files\/2020\/11\/Captura-de-Pantalla-2020-11-12-a-las-10.43.25.png\" \/>\n\t<meta property=\"og:image:width\" content=\"595\" \/>\n\t<meta property=\"og:image:height\" content=\"539\" \/>\n\t<meta property=\"og:image:type\" content=\"image\/png\" \/>\n<meta name=\"author\" content=\"asantelices\" \/>\n<meta name=\"twitter:card\" content=\"summary_large_image\" \/>\n<meta name=\"twitter:label1\" content=\"Escrito por\" \/>\n\t<meta name=\"twitter:data1\" content=\"asantelices\" \/>\n\t<meta name=\"twitter:label2\" content=\"Tiempo de lectura\" \/>\n\t<meta name=\"twitter:data2\" content=\"3 minutos\" \/>\n<script type=\"application\/ld+json\" class=\"yoast-schema-graph\">{\"@context\":\"https:\/\/schema.org\",\"@graph\":[{\"@type\":\"Article\",\"@id\":\"https:\/\/ingenieria.udd.cl\/ii\/2020\/11\/12\/direccion-de-innovacion-y-desarrollo-se-adjudica-historico-fondequip\/#article\",\"isPartOf\":{\"@id\":\"https:\/\/ingenieria.udd.cl\/ii\/2020\/11\/12\/direccion-de-innovacion-y-desarrollo-se-adjudica-historico-fondequip\/\"},\"author\":{\"name\":\"asantelices\",\"@id\":\"https:\/\/ingenieria.udd.cl\/ii\/#\/schema\/person\/8a62cceff1e85fc4055583eeb11790f1\"},\"headline\":\"Direcci\u00f3n de Innovaci\u00f3n y Desarrollo se adjudica hist\u00f3rico FONDEQUIP\",\"datePublished\":\"2020-11-12T13:44:11+00:00\",\"dateModified\":\"2020-11-12T13:45:00+00:00\",\"mainEntityOfPage\":{\"@id\":\"https:\/\/ingenieria.udd.cl\/ii\/2020\/11\/12\/direccion-de-innovacion-y-desarrollo-se-adjudica-historico-fondequip\/\"},\"wordCount\":548,\"commentCount\":0,\"image\":{\"@id\":\"https:\/\/ingenieria.udd.cl\/ii\/2020\/11\/12\/direccion-de-innovacion-y-desarrollo-se-adjudica-historico-fondequip\/#primaryimage\"},\"thumbnailUrl\":\"https:\/\/ingenieria.udd.cl\/ii\/files\/2020\/11\/Captura-de-Pantalla-2020-11-12-a-las-10.43.25.png\",\"articleSection\":[\"Noticias\",\"Noticias-Fondos\"],\"inLanguage\":\"es\",\"potentialAction\":[{\"@type\":\"CommentAction\",\"name\":\"Comment\",\"target\":[\"https:\/\/ingenieria.udd.cl\/ii\/2020\/11\/12\/direccion-de-innovacion-y-desarrollo-se-adjudica-historico-fondequip\/#respond\"]}]},{\"@type\":\"WebPage\",\"@id\":\"https:\/\/ingenieria.udd.cl\/ii\/2020\/11\/12\/direccion-de-innovacion-y-desarrollo-se-adjudica-historico-fondequip\/\",\"url\":\"https:\/\/ingenieria.udd.cl\/ii\/2020\/11\/12\/direccion-de-innovacion-y-desarrollo-se-adjudica-historico-fondequip\/\",\"name\":\"Direcci\u00f3n de Innovaci\u00f3n y Desarrollo se adjudica hist\u00f3rico FONDEQUIP - Innovaci\u00f3n Ingenier\u00eda\",\"isPartOf\":{\"@id\":\"https:\/\/ingenieria.udd.cl\/ii\/#website\"},\"primaryImageOfPage\":{\"@id\":\"https:\/\/ingenieria.udd.cl\/ii\/2020\/11\/12\/direccion-de-innovacion-y-desarrollo-se-adjudica-historico-fondequip\/#primaryimage\"},\"image\":{\"@id\":\"https:\/\/ingenieria.udd.cl\/ii\/2020\/11\/12\/direccion-de-innovacion-y-desarrollo-se-adjudica-historico-fondequip\/#primaryimage\"},\"thumbnailUrl\":\"https:\/\/ingenieria.udd.cl\/ii\/files\/2020\/11\/Captura-de-Pantalla-2020-11-12-a-las-10.43.25.png\",\"datePublished\":\"2020-11-12T13:44:11+00:00\",\"dateModified\":\"2020-11-12T13:45:00+00:00\",\"author\":{\"@id\":\"https:\/\/ingenieria.udd.cl\/ii\/#\/schema\/person\/8a62cceff1e85fc4055583eeb11790f1\"},\"breadcrumb\":{\"@id\":\"https:\/\/ingenieria.udd.cl\/ii\/2020\/11\/12\/direccion-de-innovacion-y-desarrollo-se-adjudica-historico-fondequip\/#breadcrumb\"},\"inLanguage\":\"es\",\"potentialAction\":[{\"@type\":\"ReadAction\",\"target\":[\"https:\/\/ingenieria.udd.cl\/ii\/2020\/11\/12\/direccion-de-innovacion-y-desarrollo-se-adjudica-historico-fondequip\/\"]}]},{\"@type\":\"ImageObject\",\"inLanguage\":\"es\",\"@id\":\"https:\/\/ingenieria.udd.cl\/ii\/2020\/11\/12\/direccion-de-innovacion-y-desarrollo-se-adjudica-historico-fondequip\/#primaryimage\",\"url\":\"https:\/\/ingenieria.udd.cl\/ii\/files\/2020\/11\/Captura-de-Pantalla-2020-11-12-a-las-10.43.25.png\",\"contentUrl\":\"https:\/\/ingenieria.udd.cl\/ii\/files\/2020\/11\/Captura-de-Pantalla-2020-11-12-a-las-10.43.25.png\",\"width\":595,\"height\":539},{\"@type\":\"BreadcrumbList\",\"@id\":\"https:\/\/ingenieria.udd.cl\/ii\/2020\/11\/12\/direccion-de-innovacion-y-desarrollo-se-adjudica-historico-fondequip\/#breadcrumb\",\"itemListElement\":[{\"@type\":\"ListItem\",\"position\":1,\"name\":\"Portada\",\"item\":\"https:\/\/ingenieria.udd.cl\/ii\/\"},{\"@type\":\"ListItem\",\"position\":2,\"name\":\"Direcci\u00f3n de Innovaci\u00f3n y Desarrollo se adjudica hist\u00f3rico FONDEQUIP\"}]},{\"@type\":\"WebSite\",\"@id\":\"https:\/\/ingenieria.udd.cl\/ii\/#website\",\"url\":\"https:\/\/ingenieria.udd.cl\/ii\/\",\"name\":\"Innovaci\u00f3n Ingenier\u00eda\",\"description\":\"Otro sitio m\u00e1s de Ingenieria\",\"inLanguage\":\"es\"},{\"@type\":\"Person\",\"@id\":\"https:\/\/ingenieria.udd.cl\/ii\/#\/schema\/person\/8a62cceff1e85fc4055583eeb11790f1\",\"name\":\"asantelices\",\"image\":{\"@type\":\"ImageObject\",\"inLanguage\":\"es\",\"@id\":\"https:\/\/ingenieria.udd.cl\/ii\/#\/schema\/person\/image\/\",\"url\":\"https:\/\/secure.gravatar.com\/avatar\/994e0189167ca1ed648f5e98c1527b7335dc0b35437f49f30cd8082a5d544855?s=96&d=mm&r=g\",\"contentUrl\":\"https:\/\/secure.gravatar.com\/avatar\/994e0189167ca1ed648f5e98c1527b7335dc0b35437f49f30cd8082a5d544855?s=96&d=mm&r=g\",\"caption\":\"asantelices\"},\"url\":\"https:\/\/ingenieria.udd.cl\/ii\/author\/asantelices\/\"}]}<\/script>\n<!-- \/ Yoast SEO plugin. -->","yoast_head_json":{"title":"Direcci\u00f3n de Innovaci\u00f3n y Desarrollo se adjudica hist\u00f3rico FONDEQUIP - Innovaci\u00f3n Ingenier\u00eda","robots":{"index":"index","follow":"follow","max-snippet":"max-snippet:-1","max-image-preview":"max-image-preview:large","max-video-preview":"max-video-preview:-1"},"canonical":"https:\/\/ingenieria.udd.cl\/ii\/2020\/11\/12\/direccion-de-innovacion-y-desarrollo-se-adjudica-historico-fondequip\/","og_locale":"es_ES","og_type":"article","og_title":"Direcci\u00f3n de Innovaci\u00f3n y Desarrollo se adjudica hist\u00f3rico FONDEQUIP - Innovaci\u00f3n Ingenier\u00eda","og_description":"Una de las principales necesidades en el pa\u00eds es medir los niveles de contaminaci\u00f3n en agua y aire para la toma de decisiones, pero \u2013 \u00bfc\u00f3mo hacemos un instrumento que sea de f\u00e1cil acceso para generar datos de estudio en el pa\u00eds? \u2013 Hace alg\u00fan tiempo el equipo de Direcci\u00f3n de Innovaci\u00f3n y Desarrollo comenz\u00f3 [&hellip;]","og_url":"https:\/\/ingenieria.udd.cl\/ii\/2020\/11\/12\/direccion-de-innovacion-y-desarrollo-se-adjudica-historico-fondequip\/","og_site_name":"Innovaci\u00f3n Ingenier\u00eda","article_published_time":"2020-11-12T13:44:11+00:00","article_modified_time":"2020-11-12T13:45:00+00:00","og_image":[{"width":595,"height":539,"url":"https:\/\/ingenieria.udd.cl\/ii\/files\/2020\/11\/Captura-de-Pantalla-2020-11-12-a-las-10.43.25.png","type":"image\/png"}],"author":"asantelices","twitter_card":"summary_large_image","twitter_misc":{"Escrito por":"asantelices","Tiempo de lectura":"3 minutos"},"schema":{"@context":"https:\/\/schema.org","@graph":[{"@type":"Article","@id":"https:\/\/ingenieria.udd.cl\/ii\/2020\/11\/12\/direccion-de-innovacion-y-desarrollo-se-adjudica-historico-fondequip\/#article","isPartOf":{"@id":"https:\/\/ingenieria.udd.cl\/ii\/2020\/11\/12\/direccion-de-innovacion-y-desarrollo-se-adjudica-historico-fondequip\/"},"author":{"name":"asantelices","@id":"https:\/\/ingenieria.udd.cl\/ii\/#\/schema\/person\/8a62cceff1e85fc4055583eeb11790f1"},"headline":"Direcci\u00f3n de Innovaci\u00f3n y Desarrollo se adjudica hist\u00f3rico FONDEQUIP","datePublished":"2020-11-12T13:44:11+00:00","dateModified":"2020-11-12T13:45:00+00:00","mainEntityOfPage":{"@id":"https:\/\/ingenieria.udd.cl\/ii\/2020\/11\/12\/direccion-de-innovacion-y-desarrollo-se-adjudica-historico-fondequip\/"},"wordCount":548,"commentCount":0,"image":{"@id":"https:\/\/ingenieria.udd.cl\/ii\/2020\/11\/12\/direccion-de-innovacion-y-desarrollo-se-adjudica-historico-fondequip\/#primaryimage"},"thumbnailUrl":"https:\/\/ingenieria.udd.cl\/ii\/files\/2020\/11\/Captura-de-Pantalla-2020-11-12-a-las-10.43.25.png","articleSection":["Noticias","Noticias-Fondos"],"inLanguage":"es","potentialAction":[{"@type":"CommentAction","name":"Comment","target":["https:\/\/ingenieria.udd.cl\/ii\/2020\/11\/12\/direccion-de-innovacion-y-desarrollo-se-adjudica-historico-fondequip\/#respond"]}]},{"@type":"WebPage","@id":"https:\/\/ingenieria.udd.cl\/ii\/2020\/11\/12\/direccion-de-innovacion-y-desarrollo-se-adjudica-historico-fondequip\/","url":"https:\/\/ingenieria.udd.cl\/ii\/2020\/11\/12\/direccion-de-innovacion-y-desarrollo-se-adjudica-historico-fondequip\/","name":"Direcci\u00f3n de Innovaci\u00f3n y Desarrollo se adjudica hist\u00f3rico FONDEQUIP - Innovaci\u00f3n Ingenier\u00eda","isPartOf":{"@id":"https:\/\/ingenieria.udd.cl\/ii\/#website"},"primaryImageOfPage":{"@id":"https:\/\/ingenieria.udd.cl\/ii\/2020\/11\/12\/direccion-de-innovacion-y-desarrollo-se-adjudica-historico-fondequip\/#primaryimage"},"image":{"@id":"https:\/\/ingenieria.udd.cl\/ii\/2020\/11\/12\/direccion-de-innovacion-y-desarrollo-se-adjudica-historico-fondequip\/#primaryimage"},"thumbnailUrl":"https:\/\/ingenieria.udd.cl\/ii\/files\/2020\/11\/Captura-de-Pantalla-2020-11-12-a-las-10.43.25.png","datePublished":"2020-11-12T13:44:11+00:00","dateModified":"2020-11-12T13:45:00+00:00","author":{"@id":"https:\/\/ingenieria.udd.cl\/ii\/#\/schema\/person\/8a62cceff1e85fc4055583eeb11790f1"},"breadcrumb":{"@id":"https:\/\/ingenieria.udd.cl\/ii\/2020\/11\/12\/direccion-de-innovacion-y-desarrollo-se-adjudica-historico-fondequip\/#breadcrumb"},"inLanguage":"es","potentialAction":[{"@type":"ReadAction","target":["https:\/\/ingenieria.udd.cl\/ii\/2020\/11\/12\/direccion-de-innovacion-y-desarrollo-se-adjudica-historico-fondequip\/"]}]},{"@type":"ImageObject","inLanguage":"es","@id":"https:\/\/ingenieria.udd.cl\/ii\/2020\/11\/12\/direccion-de-innovacion-y-desarrollo-se-adjudica-historico-fondequip\/#primaryimage","url":"https:\/\/ingenieria.udd.cl\/ii\/files\/2020\/11\/Captura-de-Pantalla-2020-11-12-a-las-10.43.25.png","contentUrl":"https:\/\/ingenieria.udd.cl\/ii\/files\/2020\/11\/Captura-de-Pantalla-2020-11-12-a-las-10.43.25.png","width":595,"height":539},{"@type":"BreadcrumbList","@id":"https:\/\/ingenieria.udd.cl\/ii\/2020\/11\/12\/direccion-de-innovacion-y-desarrollo-se-adjudica-historico-fondequip\/#breadcrumb","itemListElement":[{"@type":"ListItem","position":1,"name":"Portada","item":"https:\/\/ingenieria.udd.cl\/ii\/"},{"@type":"ListItem","position":2,"name":"Direcci\u00f3n de Innovaci\u00f3n y Desarrollo se adjudica hist\u00f3rico FONDEQUIP"}]},{"@type":"WebSite","@id":"https:\/\/ingenieria.udd.cl\/ii\/#website","url":"https:\/\/ingenieria.udd.cl\/ii\/","name":"Innovaci\u00f3n Ingenier\u00eda","description":"Otro sitio m\u00e1s de Ingenieria","inLanguage":"es"},{"@type":"Person","@id":"https:\/\/ingenieria.udd.cl\/ii\/#\/schema\/person\/8a62cceff1e85fc4055583eeb11790f1","name":"asantelices","image":{"@type":"ImageObject","inLanguage":"es","@id":"https:\/\/ingenieria.udd.cl\/ii\/#\/schema\/person\/image\/","url":"https:\/\/secure.gravatar.com\/avatar\/994e0189167ca1ed648f5e98c1527b7335dc0b35437f49f30cd8082a5d544855?s=96&d=mm&r=g","contentUrl":"https:\/\/secure.gravatar.com\/avatar\/994e0189167ca1ed648f5e98c1527b7335dc0b35437f49f30cd8082a5d544855?s=96&d=mm&r=g","caption":"asantelices"},"url":"https:\/\/ingenieria.udd.cl\/ii\/author\/asantelices\/"}]}},"featured_image_url":"https:\/\/ingenieria.udd.cl\/ii\/files\/2020\/11\/Captura-de-Pantalla-2020-11-12-a-las-10.43.25.png","_links":{"self":[{"href":"https:\/\/ingenieria.udd.cl\/ii\/wp-json\/wp\/v2\/posts\/1519","targetHints":{"allow":["GET"]}}],"collection":[{"href":"https:\/\/ingenieria.udd.cl\/ii\/wp-json\/wp\/v2\/posts"}],"about":[{"href":"https:\/\/ingenieria.udd.cl\/ii\/wp-json\/wp\/v2\/types\/post"}],"author":[{"embeddable":true,"href":"https:\/\/ingenieria.udd.cl\/ii\/wp-json\/wp\/v2\/users\/9192227"}],"replies":[{"embeddable":true,"href":"https:\/\/ingenieria.udd.cl\/ii\/wp-json\/wp\/v2\/comments?post=1519"}],"version-history":[{"count":1,"href":"https:\/\/ingenieria.udd.cl\/ii\/wp-json\/wp\/v2\/posts\/1519\/revisions"}],"predecessor-version":[{"id":1521,"href":"https:\/\/ingenieria.udd.cl\/ii\/wp-json\/wp\/v2\/posts\/1519\/revisions\/1521"}],"wp:featuredmedia":[{"embeddable":true,"href":"https:\/\/ingenieria.udd.cl\/ii\/wp-json\/wp\/v2\/media\/1520"}],"wp:attachment":[{"href":"https:\/\/ingenieria.udd.cl\/ii\/wp-json\/wp\/v2\/media?parent=1519"}],"wp:term":[{"taxonomy":"category","embeddable":true,"href":"https:\/\/ingenieria.udd.cl\/ii\/wp-json\/wp\/v2\/categories?post=1519"},{"taxonomy":"post_tag","embeddable":true,"href":"https:\/\/ingenieria.udd.cl\/ii\/wp-json\/wp\/v2\/tags?post=1519"}],"curies":[{"name":"wp","href":"https:\/\/api.w.org\/{rel}","templated":true}]}}