{"id":1534,"date":"2020-11-30T15:07:00","date_gmt":"2020-11-30T14:07:00","guid":{"rendered":"https:\/\/ingenieria.udd.cl\/ii\/?p=1534"},"modified":"2020-11-30T15:07:01","modified_gmt":"2020-11-30T14:07:01","slug":"festival-al-sur-del-sur-abordara-desde-la-creatividad-los-desafios-de-la-actual-crisis-climatica","status":"publish","type":"post","link":"https:\/\/ingenieria.udd.cl\/ii\/2020\/11\/30\/festival-al-sur-del-sur-abordara-desde-la-creatividad-los-desafios-de-la-actual-crisis-climatica\/","title":{"rendered":"Festival Al Sur del Sur abordar\u00e1 desde la creatividad los desaf\u00edos de la actual crisis clim\u00e1tica"},"content":{"rendered":"\n<p><em>El evento que se realiza entre el 30 de noviembre y el 4 de diciembre contar\u00e1 con Conversatorios y paneles expositivos en el cual participan destacados invitados.<\/em><br><\/p>\n\n\n\n<p>El Festival Al Sur del Sur, organizado por El Galp\u00f3n Lab con el apoyo de Corfo, la Universidad del Desarrollo, y Fundaci\u00f3n Patagonia, es una invitaci\u00f3n a pensar sobre el actual momento que vive el mundo y c\u00f3mo enfrentarlo desde las herramientas que nos brinda innovaci\u00f3n.<br><\/p>\n\n\n\n<p>La Directora de El Galp\u00f3n Lab, Sof\u00eda Aroca, se\u00f1al\u00f3 que la idea del festival es potenciar la innovaci\u00f3n como un puente entre el lugar en que vivimos y el que queremos vivir desde la Patagonia al mundo. \u201cEl festival es el primero que se quiere realizar a partir de generar un trabajo colaborativo desde la innovaci\u00f3n y el emprendimiento. Cada c\u00e1psula aborda un subtema relacionado a crisis clim\u00e1tica, teniendo en cuenta aristas como innovaci\u00f3n, aspectos legales, contexto en Magallanes y revoluci\u00f3n industrial\u201d, se\u00f1al\u00f3.<br><\/p>\n\n\n\n<p>Para m\u00e1s informaci\u00f3n sobre el Festival Al sur del Sur, ingresar a www.elgalponlab.cl\/festival\/, sitio web donde indican los horarios de los paneles expositivos y conversatorios, as\u00ed como tambi\u00e9n sobre sus invitados.<br><\/p>\n\n\n\n<p>Sobre El Galp\u00f3n LAB se\u00f1al\u00f3 que el espacio colaborativo nace desde la necesidad de potenciar el ecosistema emprendedor de Puerto Natales dada la gran red de creadores que realizan proyectos que impulsan sus ideas desde la econom\u00eda circular. \u201cLa idea es crear un balance donde se pueda aportar al medio ambiente donde se pueda crear un trabajo colaborativo\u201d, indic\u00f3.<br><\/p>\n","protected":false},"excerpt":{"rendered":"<p>El evento que se realiza entre el 30 de noviembre y el 4 de diciembre contar\u00e1 con Conversatorios y paneles expositivos en el cual participan destacados invitados. El Festival Al Sur del Sur, organizado por El Galp\u00f3n Lab con el apoyo de Corfo, la Universidad del Desarrollo, y Fundaci\u00f3n Patagonia, es una invitaci\u00f3n a pensar [&hellip;]<\/p>\n","protected":false},"author":9192227,"featured_media":1535,"comment_status":"open","ping_status":"open","sticky":false,"template":"","format":"standard","meta":{"footnotes":""},"categories":[2],"tags":[],"class_list":["post-1534","post","type-post","status-publish","format-standard","has-post-thumbnail","hentry","category-iinoticias"],"yoast_head":"<!-- This site is optimized with the Yoast SEO plugin v26.9 - https:\/\/yoast.com\/product\/yoast-seo-wordpress\/ -->\n<title>Festival Al Sur del Sur abordar\u00e1 desde la creatividad los desaf\u00edos de la actual crisis clim\u00e1tica - Innovaci\u00f3n Ingenier\u00eda<\/title>\n<meta name=\"robots\" content=\"index, follow, max-snippet:-1, max-image-preview:large, max-video-preview:-1\" \/>\n<link rel=\"canonical\" href=\"https:\/\/ingenieria.udd.cl\/ii\/2020\/11\/30\/festival-al-sur-del-sur-abordara-desde-la-creatividad-los-desafios-de-la-actual-crisis-climatica\/\" \/>\n<meta property=\"og:locale\" content=\"es_ES\" \/>\n<meta property=\"og:type\" content=\"article\" \/>\n<meta property=\"og:title\" content=\"Festival Al Sur del Sur abordar\u00e1 desde la creatividad los desaf\u00edos de la actual crisis clim\u00e1tica - Innovaci\u00f3n Ingenier\u00eda\" \/>\n<meta property=\"og:description\" content=\"El evento que se realiza entre el 30 de noviembre y el 4 de diciembre contar\u00e1 con Conversatorios y paneles expositivos en el cual participan destacados invitados. El Festival Al Sur del Sur, organizado por El Galp\u00f3n Lab con el apoyo de Corfo, la Universidad del Desarrollo, y Fundaci\u00f3n Patagonia, es una invitaci\u00f3n a pensar [&hellip;]\" \/>\n<meta property=\"og:url\" content=\"https:\/\/ingenieria.udd.cl\/ii\/2020\/11\/30\/festival-al-sur-del-sur-abordara-desde-la-creatividad-los-desafios-de-la-actual-crisis-climatica\/\" \/>\n<meta property=\"og:site_name\" content=\"Innovaci\u00f3n Ingenier\u00eda\" \/>\n<meta property=\"article:published_time\" content=\"2020-11-30T14:07:00+00:00\" \/>\n<meta property=\"article:modified_time\" content=\"2020-11-30T14:07:01+00:00\" \/>\n<meta property=\"og:image\" content=\"https:\/\/ingenieria.udd.cl\/ii\/files\/2020\/11\/WhatsApp-Image-2020-11-30-at-10.43.18.jpeg\" \/>\n\t<meta property=\"og:image:width\" content=\"1280\" \/>\n\t<meta property=\"og:image:height\" content=\"1280\" \/>\n\t<meta property=\"og:image:type\" content=\"image\/jpeg\" \/>\n<meta name=\"author\" content=\"asantelices\" \/>\n<meta name=\"twitter:card\" content=\"summary_large_image\" \/>\n<meta name=\"twitter:label1\" content=\"Escrito por\" \/>\n\t<meta name=\"twitter:data1\" content=\"asantelices\" \/>\n\t<meta name=\"twitter:label2\" content=\"Tiempo de lectura\" \/>\n\t<meta name=\"twitter:data2\" content=\"1 minuto\" \/>\n<script type=\"application\/ld+json\" class=\"yoast-schema-graph\">{\"@context\":\"https:\/\/schema.org\",\"@graph\":[{\"@type\":\"Article\",\"@id\":\"https:\/\/ingenieria.udd.cl\/ii\/2020\/11\/30\/festival-al-sur-del-sur-abordara-desde-la-creatividad-los-desafios-de-la-actual-crisis-climatica\/#article\",\"isPartOf\":{\"@id\":\"https:\/\/ingenieria.udd.cl\/ii\/2020\/11\/30\/festival-al-sur-del-sur-abordara-desde-la-creatividad-los-desafios-de-la-actual-crisis-climatica\/\"},\"author\":{\"name\":\"asantelices\",\"@id\":\"https:\/\/ingenieria.udd.cl\/ii\/#\/schema\/person\/8a62cceff1e85fc4055583eeb11790f1\"},\"headline\":\"Festival Al Sur del Sur abordar\u00e1 desde la creatividad los desaf\u00edos de la actual crisis clim\u00e1tica\",\"datePublished\":\"2020-11-30T14:07:00+00:00\",\"dateModified\":\"2020-11-30T14:07:01+00:00\",\"mainEntityOfPage\":{\"@id\":\"https:\/\/ingenieria.udd.cl\/ii\/2020\/11\/30\/festival-al-sur-del-sur-abordara-desde-la-creatividad-los-desafios-de-la-actual-crisis-climatica\/\"},\"wordCount\":286,\"commentCount\":0,\"image\":{\"@id\":\"https:\/\/ingenieria.udd.cl\/ii\/2020\/11\/30\/festival-al-sur-del-sur-abordara-desde-la-creatividad-los-desafios-de-la-actual-crisis-climatica\/#primaryimage\"},\"thumbnailUrl\":\"https:\/\/ingenieria.udd.cl\/ii\/files\/2020\/11\/WhatsApp-Image-2020-11-30-at-10.43.18.jpeg\",\"articleSection\":[\"Noticias\"],\"inLanguage\":\"es\",\"potentialAction\":[{\"@type\":\"CommentAction\",\"name\":\"Comment\",\"target\":[\"https:\/\/ingenieria.udd.cl\/ii\/2020\/11\/30\/festival-al-sur-del-sur-abordara-desde-la-creatividad-los-desafios-de-la-actual-crisis-climatica\/#respond\"]}]},{\"@type\":\"WebPage\",\"@id\":\"https:\/\/ingenieria.udd.cl\/ii\/2020\/11\/30\/festival-al-sur-del-sur-abordara-desde-la-creatividad-los-desafios-de-la-actual-crisis-climatica\/\",\"url\":\"https:\/\/ingenieria.udd.cl\/ii\/2020\/11\/30\/festival-al-sur-del-sur-abordara-desde-la-creatividad-los-desafios-de-la-actual-crisis-climatica\/\",\"name\":\"Festival Al Sur del Sur abordar\u00e1 desde la creatividad los desaf\u00edos de la actual crisis clim\u00e1tica - Innovaci\u00f3n Ingenier\u00eda\",\"isPartOf\":{\"@id\":\"https:\/\/ingenieria.udd.cl\/ii\/#website\"},\"primaryImageOfPage\":{\"@id\":\"https:\/\/ingenieria.udd.cl\/ii\/2020\/11\/30\/festival-al-sur-del-sur-abordara-desde-la-creatividad-los-desafios-de-la-actual-crisis-climatica\/#primaryimage\"},\"image\":{\"@id\":\"https:\/\/ingenieria.udd.cl\/ii\/2020\/11\/30\/festival-al-sur-del-sur-abordara-desde-la-creatividad-los-desafios-de-la-actual-crisis-climatica\/#primaryimage\"},\"thumbnailUrl\":\"https:\/\/ingenieria.udd.cl\/ii\/files\/2020\/11\/WhatsApp-Image-2020-11-30-at-10.43.18.jpeg\",\"datePublished\":\"2020-11-30T14:07:00+00:00\",\"dateModified\":\"2020-11-30T14:07:01+00:00\",\"author\":{\"@id\":\"https:\/\/ingenieria.udd.cl\/ii\/#\/schema\/person\/8a62cceff1e85fc4055583eeb11790f1\"},\"breadcrumb\":{\"@id\":\"https:\/\/ingenieria.udd.cl\/ii\/2020\/11\/30\/festival-al-sur-del-sur-abordara-desde-la-creatividad-los-desafios-de-la-actual-crisis-climatica\/#breadcrumb\"},\"inLanguage\":\"es\",\"potentialAction\":[{\"@type\":\"ReadAction\",\"target\":[\"https:\/\/ingenieria.udd.cl\/ii\/2020\/11\/30\/festival-al-sur-del-sur-abordara-desde-la-creatividad-los-desafios-de-la-actual-crisis-climatica\/\"]}]},{\"@type\":\"ImageObject\",\"inLanguage\":\"es\",\"@id\":\"https:\/\/ingenieria.udd.cl\/ii\/2020\/11\/30\/festival-al-sur-del-sur-abordara-desde-la-creatividad-los-desafios-de-la-actual-crisis-climatica\/#primaryimage\",\"url\":\"https:\/\/ingenieria.udd.cl\/ii\/files\/2020\/11\/WhatsApp-Image-2020-11-30-at-10.43.18.jpeg\",\"contentUrl\":\"https:\/\/ingenieria.udd.cl\/ii\/files\/2020\/11\/WhatsApp-Image-2020-11-30-at-10.43.18.jpeg\",\"width\":1280,\"height\":1280},{\"@type\":\"BreadcrumbList\",\"@id\":\"https:\/\/ingenieria.udd.cl\/ii\/2020\/11\/30\/festival-al-sur-del-sur-abordara-desde-la-creatividad-los-desafios-de-la-actual-crisis-climatica\/#breadcrumb\",\"itemListElement\":[{\"@type\":\"ListItem\",\"position\":1,\"name\":\"Portada\",\"item\":\"https:\/\/ingenieria.udd.cl\/ii\/\"},{\"@type\":\"ListItem\",\"position\":2,\"name\":\"Festival Al Sur del Sur abordar\u00e1 desde la creatividad los desaf\u00edos de la actual crisis clim\u00e1tica\"}]},{\"@type\":\"WebSite\",\"@id\":\"https:\/\/ingenieria.udd.cl\/ii\/#website\",\"url\":\"https:\/\/ingenieria.udd.cl\/ii\/\",\"name\":\"Innovaci\u00f3n Ingenier\u00eda\",\"description\":\"Otro sitio m\u00e1s de Ingenieria\",\"inLanguage\":\"es\"},{\"@type\":\"Person\",\"@id\":\"https:\/\/ingenieria.udd.cl\/ii\/#\/schema\/person\/8a62cceff1e85fc4055583eeb11790f1\",\"name\":\"asantelices\",\"image\":{\"@type\":\"ImageObject\",\"inLanguage\":\"es\",\"@id\":\"https:\/\/ingenieria.udd.cl\/ii\/#\/schema\/person\/image\/\",\"url\":\"https:\/\/secure.gravatar.com\/avatar\/994e0189167ca1ed648f5e98c1527b7335dc0b35437f49f30cd8082a5d544855?s=96&d=mm&r=g\",\"contentUrl\":\"https:\/\/secure.gravatar.com\/avatar\/994e0189167ca1ed648f5e98c1527b7335dc0b35437f49f30cd8082a5d544855?s=96&d=mm&r=g\",\"caption\":\"asantelices\"},\"url\":\"https:\/\/ingenieria.udd.cl\/ii\/author\/asantelices\/\"}]}<\/script>\n<!-- \/ Yoast SEO plugin. -->","yoast_head_json":{"title":"Festival Al Sur del Sur abordar\u00e1 desde la creatividad los desaf\u00edos de la actual crisis clim\u00e1tica - Innovaci\u00f3n Ingenier\u00eda","robots":{"index":"index","follow":"follow","max-snippet":"max-snippet:-1","max-image-preview":"max-image-preview:large","max-video-preview":"max-video-preview:-1"},"canonical":"https:\/\/ingenieria.udd.cl\/ii\/2020\/11\/30\/festival-al-sur-del-sur-abordara-desde-la-creatividad-los-desafios-de-la-actual-crisis-climatica\/","og_locale":"es_ES","og_type":"article","og_title":"Festival Al Sur del Sur abordar\u00e1 desde la creatividad los desaf\u00edos de la actual crisis clim\u00e1tica - Innovaci\u00f3n Ingenier\u00eda","og_description":"El evento que se realiza entre el 30 de noviembre y el 4 de diciembre contar\u00e1 con Conversatorios y paneles expositivos en el cual participan destacados invitados. El Festival Al Sur del Sur, organizado por El Galp\u00f3n Lab con el apoyo de Corfo, la Universidad del Desarrollo, y Fundaci\u00f3n Patagonia, es una invitaci\u00f3n a pensar [&hellip;]","og_url":"https:\/\/ingenieria.udd.cl\/ii\/2020\/11\/30\/festival-al-sur-del-sur-abordara-desde-la-creatividad-los-desafios-de-la-actual-crisis-climatica\/","og_site_name":"Innovaci\u00f3n Ingenier\u00eda","article_published_time":"2020-11-30T14:07:00+00:00","article_modified_time":"2020-11-30T14:07:01+00:00","og_image":[{"width":1280,"height":1280,"url":"https:\/\/ingenieria.udd.cl\/ii\/files\/2020\/11\/WhatsApp-Image-2020-11-30-at-10.43.18.jpeg","type":"image\/jpeg"}],"author":"asantelices","twitter_card":"summary_large_image","twitter_misc":{"Escrito por":"asantelices","Tiempo de lectura":"1 minuto"},"schema":{"@context":"https:\/\/schema.org","@graph":[{"@type":"Article","@id":"https:\/\/ingenieria.udd.cl\/ii\/2020\/11\/30\/festival-al-sur-del-sur-abordara-desde-la-creatividad-los-desafios-de-la-actual-crisis-climatica\/#article","isPartOf":{"@id":"https:\/\/ingenieria.udd.cl\/ii\/2020\/11\/30\/festival-al-sur-del-sur-abordara-desde-la-creatividad-los-desafios-de-la-actual-crisis-climatica\/"},"author":{"name":"asantelices","@id":"https:\/\/ingenieria.udd.cl\/ii\/#\/schema\/person\/8a62cceff1e85fc4055583eeb11790f1"},"headline":"Festival Al Sur del Sur abordar\u00e1 desde la creatividad los desaf\u00edos de la actual crisis clim\u00e1tica","datePublished":"2020-11-30T14:07:00+00:00","dateModified":"2020-11-30T14:07:01+00:00","mainEntityOfPage":{"@id":"https:\/\/ingenieria.udd.cl\/ii\/2020\/11\/30\/festival-al-sur-del-sur-abordara-desde-la-creatividad-los-desafios-de-la-actual-crisis-climatica\/"},"wordCount":286,"commentCount":0,"image":{"@id":"https:\/\/ingenieria.udd.cl\/ii\/2020\/11\/30\/festival-al-sur-del-sur-abordara-desde-la-creatividad-los-desafios-de-la-actual-crisis-climatica\/#primaryimage"},"thumbnailUrl":"https:\/\/ingenieria.udd.cl\/ii\/files\/2020\/11\/WhatsApp-Image-2020-11-30-at-10.43.18.jpeg","articleSection":["Noticias"],"inLanguage":"es","potentialAction":[{"@type":"CommentAction","name":"Comment","target":["https:\/\/ingenieria.udd.cl\/ii\/2020\/11\/30\/festival-al-sur-del-sur-abordara-desde-la-creatividad-los-desafios-de-la-actual-crisis-climatica\/#respond"]}]},{"@type":"WebPage","@id":"https:\/\/ingenieria.udd.cl\/ii\/2020\/11\/30\/festival-al-sur-del-sur-abordara-desde-la-creatividad-los-desafios-de-la-actual-crisis-climatica\/","url":"https:\/\/ingenieria.udd.cl\/ii\/2020\/11\/30\/festival-al-sur-del-sur-abordara-desde-la-creatividad-los-desafios-de-la-actual-crisis-climatica\/","name":"Festival Al Sur del Sur abordar\u00e1 desde la creatividad los desaf\u00edos de la actual crisis clim\u00e1tica - Innovaci\u00f3n Ingenier\u00eda","isPartOf":{"@id":"https:\/\/ingenieria.udd.cl\/ii\/#website"},"primaryImageOfPage":{"@id":"https:\/\/ingenieria.udd.cl\/ii\/2020\/11\/30\/festival-al-sur-del-sur-abordara-desde-la-creatividad-los-desafios-de-la-actual-crisis-climatica\/#primaryimage"},"image":{"@id":"https:\/\/ingenieria.udd.cl\/ii\/2020\/11\/30\/festival-al-sur-del-sur-abordara-desde-la-creatividad-los-desafios-de-la-actual-crisis-climatica\/#primaryimage"},"thumbnailUrl":"https:\/\/ingenieria.udd.cl\/ii\/files\/2020\/11\/WhatsApp-Image-2020-11-30-at-10.43.18.jpeg","datePublished":"2020-11-30T14:07:00+00:00","dateModified":"2020-11-30T14:07:01+00:00","author":{"@id":"https:\/\/ingenieria.udd.cl\/ii\/#\/schema\/person\/8a62cceff1e85fc4055583eeb11790f1"},"breadcrumb":{"@id":"https:\/\/ingenieria.udd.cl\/ii\/2020\/11\/30\/festival-al-sur-del-sur-abordara-desde-la-creatividad-los-desafios-de-la-actual-crisis-climatica\/#breadcrumb"},"inLanguage":"es","potentialAction":[{"@type":"ReadAction","target":["https:\/\/ingenieria.udd.cl\/ii\/2020\/11\/30\/festival-al-sur-del-sur-abordara-desde-la-creatividad-los-desafios-de-la-actual-crisis-climatica\/"]}]},{"@type":"ImageObject","inLanguage":"es","@id":"https:\/\/ingenieria.udd.cl\/ii\/2020\/11\/30\/festival-al-sur-del-sur-abordara-desde-la-creatividad-los-desafios-de-la-actual-crisis-climatica\/#primaryimage","url":"https:\/\/ingenieria.udd.cl\/ii\/files\/2020\/11\/WhatsApp-Image-2020-11-30-at-10.43.18.jpeg","contentUrl":"https:\/\/ingenieria.udd.cl\/ii\/files\/2020\/11\/WhatsApp-Image-2020-11-30-at-10.43.18.jpeg","width":1280,"height":1280},{"@type":"BreadcrumbList","@id":"https:\/\/ingenieria.udd.cl\/ii\/2020\/11\/30\/festival-al-sur-del-sur-abordara-desde-la-creatividad-los-desafios-de-la-actual-crisis-climatica\/#breadcrumb","itemListElement":[{"@type":"ListItem","position":1,"name":"Portada","item":"https:\/\/ingenieria.udd.cl\/ii\/"},{"@type":"ListItem","position":2,"name":"Festival Al Sur del Sur abordar\u00e1 desde la creatividad los desaf\u00edos de la actual crisis clim\u00e1tica"}]},{"@type":"WebSite","@id":"https:\/\/ingenieria.udd.cl\/ii\/#website","url":"https:\/\/ingenieria.udd.cl\/ii\/","name":"Innovaci\u00f3n Ingenier\u00eda","description":"Otro sitio m\u00e1s de Ingenieria","inLanguage":"es"},{"@type":"Person","@id":"https:\/\/ingenieria.udd.cl\/ii\/#\/schema\/person\/8a62cceff1e85fc4055583eeb11790f1","name":"asantelices","image":{"@type":"ImageObject","inLanguage":"es","@id":"https:\/\/ingenieria.udd.cl\/ii\/#\/schema\/person\/image\/","url":"https:\/\/secure.gravatar.com\/avatar\/994e0189167ca1ed648f5e98c1527b7335dc0b35437f49f30cd8082a5d544855?s=96&d=mm&r=g","contentUrl":"https:\/\/secure.gravatar.com\/avatar\/994e0189167ca1ed648f5e98c1527b7335dc0b35437f49f30cd8082a5d544855?s=96&d=mm&r=g","caption":"asantelices"},"url":"https:\/\/ingenieria.udd.cl\/ii\/author\/asantelices\/"}]}},"featured_image_url":"https:\/\/ingenieria.udd.cl\/ii\/files\/2020\/11\/WhatsApp-Image-2020-11-30-at-10.43.18.jpeg","_links":{"self":[{"href":"https:\/\/ingenieria.udd.cl\/ii\/wp-json\/wp\/v2\/posts\/1534","targetHints":{"allow":["GET"]}}],"collection":[{"href":"https:\/\/ingenieria.udd.cl\/ii\/wp-json\/wp\/v2\/posts"}],"about":[{"href":"https:\/\/ingenieria.udd.cl\/ii\/wp-json\/wp\/v2\/types\/post"}],"author":[{"embeddable":true,"href":"https:\/\/ingenieria.udd.cl\/ii\/wp-json\/wp\/v2\/users\/9192227"}],"replies":[{"embeddable":true,"href":"https:\/\/ingenieria.udd.cl\/ii\/wp-json\/wp\/v2\/comments?post=1534"}],"version-history":[{"count":1,"href":"https:\/\/ingenieria.udd.cl\/ii\/wp-json\/wp\/v2\/posts\/1534\/revisions"}],"predecessor-version":[{"id":1536,"href":"https:\/\/ingenieria.udd.cl\/ii\/wp-json\/wp\/v2\/posts\/1534\/revisions\/1536"}],"wp:featuredmedia":[{"embeddable":true,"href":"https:\/\/ingenieria.udd.cl\/ii\/wp-json\/wp\/v2\/media\/1535"}],"wp:attachment":[{"href":"https:\/\/ingenieria.udd.cl\/ii\/wp-json\/wp\/v2\/media?parent=1534"}],"wp:term":[{"taxonomy":"category","embeddable":true,"href":"https:\/\/ingenieria.udd.cl\/ii\/wp-json\/wp\/v2\/categories?post=1534"},{"taxonomy":"post_tag","embeddable":true,"href":"https:\/\/ingenieria.udd.cl\/ii\/wp-json\/wp\/v2\/tags?post=1534"}],"curies":[{"name":"wp","href":"https:\/\/api.w.org\/{rel}","templated":true}]}}