{"id":1685,"date":"2021-02-18T16:26:54","date_gmt":"2021-02-18T15:26:54","guid":{"rendered":"https:\/\/ingenieria.udd.cl\/ii\/?p=1685"},"modified":"2021-02-18T16:39:59","modified_gmt":"2021-02-18T15:39:59","slug":"direccion-de-innovacion-y-corporacion-regional-de-desarrollo-productivo-maule-firman-convenio-para-impulsar-la-innovacion-social","status":"publish","type":"post","link":"https:\/\/ingenieria.udd.cl\/ii\/2021\/02\/18\/direccion-de-innovacion-y-corporacion-regional-de-desarrollo-productivo-maule-firman-convenio-para-impulsar-la-innovacion-social\/","title":{"rendered":"Direcci\u00f3n de Innovaci\u00f3n y Corporaci\u00f3n Regional de Desarrollo Productivo Maule firman convenio para impulsar la innovaci\u00f3n social"},"content":{"rendered":"\n<p><em>El acuerdo permitir\u00e1 desarrollar un nuevo espacio de investigaci\u00f3n y desarrollo tecnol\u00f3gico que potenciar\u00e1 la innovaci\u00f3n social en la regi\u00f3n del Maule a trav\u00e9s del \u201cNodo Local Tecnol\u00f3gico del Maule\u201d.<\/em><br><\/p>\n\n\n\n<p>Con objetivo de fomentar la investigaci\u00f3n y el desarrollo tecnol\u00f3gico para encontrar soluciones innovadoras que permitan comprender y abordar los desaf\u00edos, problemas sociales y oportunidades de la regi\u00f3n, la Corporaci\u00f3n Regional de Desarrollo Productivo del Maule, desde la unidad de Innovaci\u00f3n para el desarrollo, firm\u00f3 un convenio de colaboraci\u00f3n con la Universidad del Desarrollo y el \u00e1rea de Innovaci\u00f3n de la Facultad de Ingenier\u00eda Civil. El acuerdo entregar\u00e1 un espacio multidisciplinario y de experimentaci\u00f3n llamado \u201cNodo Local Tecnol\u00f3gico del Maule\u201d. El espacio otorgado por CRDP Maule y equipado por la Universidad, tiene un foco de experimentaci\u00f3n y desarrollo de prototipos de diversas tecnolog\u00edas, y que abre una oportunidad para que se vuelva un nodo de una red de cooperaci\u00f3n multisectorial y participativo para poder entender los desaf\u00edos locales, identificar y priorizar las problem\u00e1ticas que enfrenta la Regi\u00f3n del Maule y co-ejecutar estos proyectos con el fin de lograr un impacto social, aportando a reducir las brechas tecnol\u00f3gicas y habilitando nuevas herramientas en el entorno urbano y agr\u00edcola de las comunas. Ya se ha empezado a trabajar en proyectos como un kit para la medici\u00f3n de suelos que se centre en el contexto de la realidad de la Regi\u00f3n del Maule, con foco en pesticidas y fertilizantes, dadas las necesidades presentadas por los agricultores de la zona de Empedrado.&nbsp;<br><\/p>\n\n\n\n<p>Sebasti\u00e1n Pino, director ejecutivo de CRDP Maule, valor\u00f3 este acuerdo que permitir\u00e1 entregar soluciones innovadoras a problemas sociales. \u201cEsperamos que en el futuro tengamos m\u00e1s iniciativas como esta que se est\u00e1 desarrollando. Para nosotros como Corporaci\u00f3n, la innovaci\u00f3n y poder dar soluci\u00f3n a estas problem\u00e1ticas a trav\u00e9s de esta v\u00eda, es sumamente importante para poder mejorar el desarrollo productivo en nuestra regi\u00f3n.\u201d El intendente del Maule, Juan Eduardo Prieto, recalc\u00f3 la importancia de esta alianza que \u00abpermitir\u00e1 dar un mayor impulso a la innovaci\u00f3n social en la regi\u00f3n, donde la investigaci\u00f3n y el desarrollo tecnol\u00f3gico ser\u00e1 fundamental para identificar y aportar a la busca de soluciones participativas con la comunidad en problem\u00e1ticas relacionadas a nuestra agricultura y otras \u00e1reas productivas y medioambientales\u00bb.&nbsp;<br><\/p>\n\n\n\n<p>Camilo Rodr\u00edguez-Beltr\u00e1n, Director de Innovaci\u00f3n de la Facultad de Ingenier\u00eda UDD, resalt\u00f3 este convenio que \u201cnos permite llevar a cabo esta idea de descentralizarse de nuestros actuales campus, para tener la posibilidad de entender mejor los desaf\u00edos del Maule y tambi\u00e9n para participar en buscar soluciones a partir de la investigaci\u00f3n, de la innovaci\u00f3n y de la tecnolog\u00eda que sean apropiadas para ser un aporte para la comunidad. A pesar del poco tiempo, ya hemos podido involucrarnos en algunos proyectos que se focalizan en la agricultura. Tambi\u00e9n estamos intentando involucrarnos en proyectos de calidad y disponibilidad de agua, sumamente importante para los temas agr\u00edcolas\u201d. Se pretende desarrollar un proceso de co-creaci\u00f3n del modelo de funcionamiento con las unidades regionales colaboradoras, dejando instalado un espacio de investigaci\u00f3n y desarrollo tecnol\u00f3gico, implementando proyectos en tem\u00e1ticas principalmente ambientales, culturales y de salud social, lo que ser\u00e1 difundido a trav\u00e9s de los ejes de Descubre el Maule, desarrollando una metodolog\u00eda para dejar instaladas capacidades tecnol\u00f3gicas en formato de academia.<br><\/p>\n\n\n\n<p>Fuente: Canal 2 de Linares.<br><\/p>\n","protected":false},"excerpt":{"rendered":"<p>El acuerdo permitir\u00e1 desarrollar un nuevo espacio de investigaci\u00f3n y desarrollo tecnol\u00f3gico que potenciar\u00e1 la innovaci\u00f3n social en la regi\u00f3n del Maule a trav\u00e9s del \u201cNodo Local Tecnol\u00f3gico del Maule\u201d. Con objetivo de fomentar la investigaci\u00f3n y el desarrollo tecnol\u00f3gico para encontrar soluciones innovadoras que permitan comprender y abordar los desaf\u00edos, problemas sociales y oportunidades [&hellip;]<\/p>\n","protected":false},"author":9192227,"featured_media":1695,"comment_status":"open","ping_status":"open","sticky":false,"template":"","format":"standard","meta":{"footnotes":""},"categories":[2],"tags":[],"class_list":["post-1685","post","type-post","status-publish","format-standard","has-post-thumbnail","hentry","category-iinoticias"],"yoast_head":"<!-- This site is optimized with the Yoast SEO plugin v26.9 - https:\/\/yoast.com\/product\/yoast-seo-wordpress\/ -->\n<title>Direcci\u00f3n de Innovaci\u00f3n y Corporaci\u00f3n Regional de Desarrollo Productivo Maule firman convenio para impulsar la innovaci\u00f3n social - Innovaci\u00f3n Ingenier\u00eda<\/title>\n<meta name=\"robots\" content=\"index, follow, max-snippet:-1, max-image-preview:large, max-video-preview:-1\" \/>\n<link rel=\"canonical\" href=\"https:\/\/ingenieria.udd.cl\/ii\/2021\/02\/18\/direccion-de-innovacion-y-corporacion-regional-de-desarrollo-productivo-maule-firman-convenio-para-impulsar-la-innovacion-social\/\" \/>\n<meta property=\"og:locale\" content=\"es_ES\" \/>\n<meta property=\"og:type\" content=\"article\" \/>\n<meta property=\"og:title\" content=\"Direcci\u00f3n de Innovaci\u00f3n y Corporaci\u00f3n Regional de Desarrollo Productivo Maule firman convenio para impulsar la innovaci\u00f3n social - Innovaci\u00f3n Ingenier\u00eda\" \/>\n<meta property=\"og:description\" content=\"El acuerdo permitir\u00e1 desarrollar un nuevo espacio de investigaci\u00f3n y desarrollo tecnol\u00f3gico que potenciar\u00e1 la innovaci\u00f3n social en la regi\u00f3n del Maule a trav\u00e9s del \u201cNodo Local Tecnol\u00f3gico del Maule\u201d. Con objetivo de fomentar la investigaci\u00f3n y el desarrollo tecnol\u00f3gico para encontrar soluciones innovadoras que permitan comprender y abordar los desaf\u00edos, problemas sociales y oportunidades [&hellip;]\" \/>\n<meta property=\"og:url\" content=\"https:\/\/ingenieria.udd.cl\/ii\/2021\/02\/18\/direccion-de-innovacion-y-corporacion-regional-de-desarrollo-productivo-maule-firman-convenio-para-impulsar-la-innovacion-social\/\" \/>\n<meta property=\"og:site_name\" content=\"Innovaci\u00f3n Ingenier\u00eda\" \/>\n<meta property=\"article:published_time\" content=\"2021-02-18T15:26:54+00:00\" \/>\n<meta property=\"article:modified_time\" content=\"2021-02-18T15:39:59+00:00\" \/>\n<meta property=\"og:image\" content=\"https:\/\/ingenieria.udd.cl\/ii\/files\/2021\/02\/Captura-de-Pantalla-2021-02-18-a-las-12.39.08.png\" \/>\n\t<meta property=\"og:image:width\" content=\"1236\" \/>\n\t<meta property=\"og:image:height\" content=\"734\" \/>\n\t<meta property=\"og:image:type\" content=\"image\/png\" \/>\n<meta name=\"author\" content=\"asantelices\" \/>\n<meta name=\"twitter:card\" content=\"summary_large_image\" \/>\n<meta name=\"twitter:label1\" content=\"Escrito por\" \/>\n\t<meta name=\"twitter:data1\" content=\"asantelices\" \/>\n\t<meta name=\"twitter:label2\" content=\"Tiempo de lectura\" \/>\n\t<meta name=\"twitter:data2\" content=\"3 minutos\" \/>\n<script type=\"application\/ld+json\" class=\"yoast-schema-graph\">{\"@context\":\"https:\/\/schema.org\",\"@graph\":[{\"@type\":\"Article\",\"@id\":\"https:\/\/ingenieria.udd.cl\/ii\/2021\/02\/18\/direccion-de-innovacion-y-corporacion-regional-de-desarrollo-productivo-maule-firman-convenio-para-impulsar-la-innovacion-social\/#article\",\"isPartOf\":{\"@id\":\"https:\/\/ingenieria.udd.cl\/ii\/2021\/02\/18\/direccion-de-innovacion-y-corporacion-regional-de-desarrollo-productivo-maule-firman-convenio-para-impulsar-la-innovacion-social\/\"},\"author\":{\"name\":\"asantelices\",\"@id\":\"https:\/\/ingenieria.udd.cl\/ii\/#\/schema\/person\/8a62cceff1e85fc4055583eeb11790f1\"},\"headline\":\"Direcci\u00f3n de Innovaci\u00f3n y Corporaci\u00f3n Regional de Desarrollo Productivo Maule firman convenio para impulsar la innovaci\u00f3n social\",\"datePublished\":\"2021-02-18T15:26:54+00:00\",\"dateModified\":\"2021-02-18T15:39:59+00:00\",\"mainEntityOfPage\":{\"@id\":\"https:\/\/ingenieria.udd.cl\/ii\/2021\/02\/18\/direccion-de-innovacion-y-corporacion-regional-de-desarrollo-productivo-maule-firman-convenio-para-impulsar-la-innovacion-social\/\"},\"wordCount\":621,\"commentCount\":0,\"image\":{\"@id\":\"https:\/\/ingenieria.udd.cl\/ii\/2021\/02\/18\/direccion-de-innovacion-y-corporacion-regional-de-desarrollo-productivo-maule-firman-convenio-para-impulsar-la-innovacion-social\/#primaryimage\"},\"thumbnailUrl\":\"https:\/\/ingenieria.udd.cl\/ii\/files\/2021\/02\/Captura-de-Pantalla-2021-02-18-a-las-12.39.08.png\",\"articleSection\":[\"Noticias\"],\"inLanguage\":\"es\",\"potentialAction\":[{\"@type\":\"CommentAction\",\"name\":\"Comment\",\"target\":[\"https:\/\/ingenieria.udd.cl\/ii\/2021\/02\/18\/direccion-de-innovacion-y-corporacion-regional-de-desarrollo-productivo-maule-firman-convenio-para-impulsar-la-innovacion-social\/#respond\"]}]},{\"@type\":\"WebPage\",\"@id\":\"https:\/\/ingenieria.udd.cl\/ii\/2021\/02\/18\/direccion-de-innovacion-y-corporacion-regional-de-desarrollo-productivo-maule-firman-convenio-para-impulsar-la-innovacion-social\/\",\"url\":\"https:\/\/ingenieria.udd.cl\/ii\/2021\/02\/18\/direccion-de-innovacion-y-corporacion-regional-de-desarrollo-productivo-maule-firman-convenio-para-impulsar-la-innovacion-social\/\",\"name\":\"Direcci\u00f3n de Innovaci\u00f3n y Corporaci\u00f3n Regional de Desarrollo Productivo Maule firman convenio para impulsar la innovaci\u00f3n social - Innovaci\u00f3n Ingenier\u00eda\",\"isPartOf\":{\"@id\":\"https:\/\/ingenieria.udd.cl\/ii\/#website\"},\"primaryImageOfPage\":{\"@id\":\"https:\/\/ingenieria.udd.cl\/ii\/2021\/02\/18\/direccion-de-innovacion-y-corporacion-regional-de-desarrollo-productivo-maule-firman-convenio-para-impulsar-la-innovacion-social\/#primaryimage\"},\"image\":{\"@id\":\"https:\/\/ingenieria.udd.cl\/ii\/2021\/02\/18\/direccion-de-innovacion-y-corporacion-regional-de-desarrollo-productivo-maule-firman-convenio-para-impulsar-la-innovacion-social\/#primaryimage\"},\"thumbnailUrl\":\"https:\/\/ingenieria.udd.cl\/ii\/files\/2021\/02\/Captura-de-Pantalla-2021-02-18-a-las-12.39.08.png\",\"datePublished\":\"2021-02-18T15:26:54+00:00\",\"dateModified\":\"2021-02-18T15:39:59+00:00\",\"author\":{\"@id\":\"https:\/\/ingenieria.udd.cl\/ii\/#\/schema\/person\/8a62cceff1e85fc4055583eeb11790f1\"},\"breadcrumb\":{\"@id\":\"https:\/\/ingenieria.udd.cl\/ii\/2021\/02\/18\/direccion-de-innovacion-y-corporacion-regional-de-desarrollo-productivo-maule-firman-convenio-para-impulsar-la-innovacion-social\/#breadcrumb\"},\"inLanguage\":\"es\",\"potentialAction\":[{\"@type\":\"ReadAction\",\"target\":[\"https:\/\/ingenieria.udd.cl\/ii\/2021\/02\/18\/direccion-de-innovacion-y-corporacion-regional-de-desarrollo-productivo-maule-firman-convenio-para-impulsar-la-innovacion-social\/\"]}]},{\"@type\":\"ImageObject\",\"inLanguage\":\"es\",\"@id\":\"https:\/\/ingenieria.udd.cl\/ii\/2021\/02\/18\/direccion-de-innovacion-y-corporacion-regional-de-desarrollo-productivo-maule-firman-convenio-para-impulsar-la-innovacion-social\/#primaryimage\",\"url\":\"https:\/\/ingenieria.udd.cl\/ii\/files\/2021\/02\/Captura-de-Pantalla-2021-02-18-a-las-12.39.08.png\",\"contentUrl\":\"https:\/\/ingenieria.udd.cl\/ii\/files\/2021\/02\/Captura-de-Pantalla-2021-02-18-a-las-12.39.08.png\",\"width\":1236,\"height\":734},{\"@type\":\"BreadcrumbList\",\"@id\":\"https:\/\/ingenieria.udd.cl\/ii\/2021\/02\/18\/direccion-de-innovacion-y-corporacion-regional-de-desarrollo-productivo-maule-firman-convenio-para-impulsar-la-innovacion-social\/#breadcrumb\",\"itemListElement\":[{\"@type\":\"ListItem\",\"position\":1,\"name\":\"Portada\",\"item\":\"https:\/\/ingenieria.udd.cl\/ii\/\"},{\"@type\":\"ListItem\",\"position\":2,\"name\":\"Direcci\u00f3n de Innovaci\u00f3n y Corporaci\u00f3n Regional de Desarrollo Productivo Maule firman convenio para impulsar la innovaci\u00f3n social\"}]},{\"@type\":\"WebSite\",\"@id\":\"https:\/\/ingenieria.udd.cl\/ii\/#website\",\"url\":\"https:\/\/ingenieria.udd.cl\/ii\/\",\"name\":\"Innovaci\u00f3n Ingenier\u00eda\",\"description\":\"Otro sitio m\u00e1s de Ingenieria\",\"inLanguage\":\"es\"},{\"@type\":\"Person\",\"@id\":\"https:\/\/ingenieria.udd.cl\/ii\/#\/schema\/person\/8a62cceff1e85fc4055583eeb11790f1\",\"name\":\"asantelices\",\"image\":{\"@type\":\"ImageObject\",\"inLanguage\":\"es\",\"@id\":\"https:\/\/ingenieria.udd.cl\/ii\/#\/schema\/person\/image\/\",\"url\":\"https:\/\/secure.gravatar.com\/avatar\/994e0189167ca1ed648f5e98c1527b7335dc0b35437f49f30cd8082a5d544855?s=96&d=mm&r=g\",\"contentUrl\":\"https:\/\/secure.gravatar.com\/avatar\/994e0189167ca1ed648f5e98c1527b7335dc0b35437f49f30cd8082a5d544855?s=96&d=mm&r=g\",\"caption\":\"asantelices\"},\"url\":\"https:\/\/ingenieria.udd.cl\/ii\/author\/asantelices\/\"}]}<\/script>\n<!-- \/ Yoast SEO plugin. -->","yoast_head_json":{"title":"Direcci\u00f3n de Innovaci\u00f3n y Corporaci\u00f3n Regional de Desarrollo Productivo Maule firman convenio para impulsar la innovaci\u00f3n social - Innovaci\u00f3n Ingenier\u00eda","robots":{"index":"index","follow":"follow","max-snippet":"max-snippet:-1","max-image-preview":"max-image-preview:large","max-video-preview":"max-video-preview:-1"},"canonical":"https:\/\/ingenieria.udd.cl\/ii\/2021\/02\/18\/direccion-de-innovacion-y-corporacion-regional-de-desarrollo-productivo-maule-firman-convenio-para-impulsar-la-innovacion-social\/","og_locale":"es_ES","og_type":"article","og_title":"Direcci\u00f3n de Innovaci\u00f3n y Corporaci\u00f3n Regional de Desarrollo Productivo Maule firman convenio para impulsar la innovaci\u00f3n social - Innovaci\u00f3n Ingenier\u00eda","og_description":"El acuerdo permitir\u00e1 desarrollar un nuevo espacio de investigaci\u00f3n y desarrollo tecnol\u00f3gico que potenciar\u00e1 la innovaci\u00f3n social en la regi\u00f3n del Maule a trav\u00e9s del \u201cNodo Local Tecnol\u00f3gico del Maule\u201d. Con objetivo de fomentar la investigaci\u00f3n y el desarrollo tecnol\u00f3gico para encontrar soluciones innovadoras que permitan comprender y abordar los desaf\u00edos, problemas sociales y oportunidades [&hellip;]","og_url":"https:\/\/ingenieria.udd.cl\/ii\/2021\/02\/18\/direccion-de-innovacion-y-corporacion-regional-de-desarrollo-productivo-maule-firman-convenio-para-impulsar-la-innovacion-social\/","og_site_name":"Innovaci\u00f3n Ingenier\u00eda","article_published_time":"2021-02-18T15:26:54+00:00","article_modified_time":"2021-02-18T15:39:59+00:00","og_image":[{"width":1236,"height":734,"url":"https:\/\/ingenieria.udd.cl\/ii\/files\/2021\/02\/Captura-de-Pantalla-2021-02-18-a-las-12.39.08.png","type":"image\/png"}],"author":"asantelices","twitter_card":"summary_large_image","twitter_misc":{"Escrito por":"asantelices","Tiempo de lectura":"3 minutos"},"schema":{"@context":"https:\/\/schema.org","@graph":[{"@type":"Article","@id":"https:\/\/ingenieria.udd.cl\/ii\/2021\/02\/18\/direccion-de-innovacion-y-corporacion-regional-de-desarrollo-productivo-maule-firman-convenio-para-impulsar-la-innovacion-social\/#article","isPartOf":{"@id":"https:\/\/ingenieria.udd.cl\/ii\/2021\/02\/18\/direccion-de-innovacion-y-corporacion-regional-de-desarrollo-productivo-maule-firman-convenio-para-impulsar-la-innovacion-social\/"},"author":{"name":"asantelices","@id":"https:\/\/ingenieria.udd.cl\/ii\/#\/schema\/person\/8a62cceff1e85fc4055583eeb11790f1"},"headline":"Direcci\u00f3n de Innovaci\u00f3n y Corporaci\u00f3n Regional de Desarrollo Productivo Maule firman convenio para impulsar la innovaci\u00f3n social","datePublished":"2021-02-18T15:26:54+00:00","dateModified":"2021-02-18T15:39:59+00:00","mainEntityOfPage":{"@id":"https:\/\/ingenieria.udd.cl\/ii\/2021\/02\/18\/direccion-de-innovacion-y-corporacion-regional-de-desarrollo-productivo-maule-firman-convenio-para-impulsar-la-innovacion-social\/"},"wordCount":621,"commentCount":0,"image":{"@id":"https:\/\/ingenieria.udd.cl\/ii\/2021\/02\/18\/direccion-de-innovacion-y-corporacion-regional-de-desarrollo-productivo-maule-firman-convenio-para-impulsar-la-innovacion-social\/#primaryimage"},"thumbnailUrl":"https:\/\/ingenieria.udd.cl\/ii\/files\/2021\/02\/Captura-de-Pantalla-2021-02-18-a-las-12.39.08.png","articleSection":["Noticias"],"inLanguage":"es","potentialAction":[{"@type":"CommentAction","name":"Comment","target":["https:\/\/ingenieria.udd.cl\/ii\/2021\/02\/18\/direccion-de-innovacion-y-corporacion-regional-de-desarrollo-productivo-maule-firman-convenio-para-impulsar-la-innovacion-social\/#respond"]}]},{"@type":"WebPage","@id":"https:\/\/ingenieria.udd.cl\/ii\/2021\/02\/18\/direccion-de-innovacion-y-corporacion-regional-de-desarrollo-productivo-maule-firman-convenio-para-impulsar-la-innovacion-social\/","url":"https:\/\/ingenieria.udd.cl\/ii\/2021\/02\/18\/direccion-de-innovacion-y-corporacion-regional-de-desarrollo-productivo-maule-firman-convenio-para-impulsar-la-innovacion-social\/","name":"Direcci\u00f3n de Innovaci\u00f3n y Corporaci\u00f3n Regional de Desarrollo Productivo Maule firman convenio para impulsar la innovaci\u00f3n social - Innovaci\u00f3n Ingenier\u00eda","isPartOf":{"@id":"https:\/\/ingenieria.udd.cl\/ii\/#website"},"primaryImageOfPage":{"@id":"https:\/\/ingenieria.udd.cl\/ii\/2021\/02\/18\/direccion-de-innovacion-y-corporacion-regional-de-desarrollo-productivo-maule-firman-convenio-para-impulsar-la-innovacion-social\/#primaryimage"},"image":{"@id":"https:\/\/ingenieria.udd.cl\/ii\/2021\/02\/18\/direccion-de-innovacion-y-corporacion-regional-de-desarrollo-productivo-maule-firman-convenio-para-impulsar-la-innovacion-social\/#primaryimage"},"thumbnailUrl":"https:\/\/ingenieria.udd.cl\/ii\/files\/2021\/02\/Captura-de-Pantalla-2021-02-18-a-las-12.39.08.png","datePublished":"2021-02-18T15:26:54+00:00","dateModified":"2021-02-18T15:39:59+00:00","author":{"@id":"https:\/\/ingenieria.udd.cl\/ii\/#\/schema\/person\/8a62cceff1e85fc4055583eeb11790f1"},"breadcrumb":{"@id":"https:\/\/ingenieria.udd.cl\/ii\/2021\/02\/18\/direccion-de-innovacion-y-corporacion-regional-de-desarrollo-productivo-maule-firman-convenio-para-impulsar-la-innovacion-social\/#breadcrumb"},"inLanguage":"es","potentialAction":[{"@type":"ReadAction","target":["https:\/\/ingenieria.udd.cl\/ii\/2021\/02\/18\/direccion-de-innovacion-y-corporacion-regional-de-desarrollo-productivo-maule-firman-convenio-para-impulsar-la-innovacion-social\/"]}]},{"@type":"ImageObject","inLanguage":"es","@id":"https:\/\/ingenieria.udd.cl\/ii\/2021\/02\/18\/direccion-de-innovacion-y-corporacion-regional-de-desarrollo-productivo-maule-firman-convenio-para-impulsar-la-innovacion-social\/#primaryimage","url":"https:\/\/ingenieria.udd.cl\/ii\/files\/2021\/02\/Captura-de-Pantalla-2021-02-18-a-las-12.39.08.png","contentUrl":"https:\/\/ingenieria.udd.cl\/ii\/files\/2021\/02\/Captura-de-Pantalla-2021-02-18-a-las-12.39.08.png","width":1236,"height":734},{"@type":"BreadcrumbList","@id":"https:\/\/ingenieria.udd.cl\/ii\/2021\/02\/18\/direccion-de-innovacion-y-corporacion-regional-de-desarrollo-productivo-maule-firman-convenio-para-impulsar-la-innovacion-social\/#breadcrumb","itemListElement":[{"@type":"ListItem","position":1,"name":"Portada","item":"https:\/\/ingenieria.udd.cl\/ii\/"},{"@type":"ListItem","position":2,"name":"Direcci\u00f3n de Innovaci\u00f3n y Corporaci\u00f3n Regional de Desarrollo Productivo Maule firman convenio para impulsar la innovaci\u00f3n social"}]},{"@type":"WebSite","@id":"https:\/\/ingenieria.udd.cl\/ii\/#website","url":"https:\/\/ingenieria.udd.cl\/ii\/","name":"Innovaci\u00f3n Ingenier\u00eda","description":"Otro sitio m\u00e1s de Ingenieria","inLanguage":"es"},{"@type":"Person","@id":"https:\/\/ingenieria.udd.cl\/ii\/#\/schema\/person\/8a62cceff1e85fc4055583eeb11790f1","name":"asantelices","image":{"@type":"ImageObject","inLanguage":"es","@id":"https:\/\/ingenieria.udd.cl\/ii\/#\/schema\/person\/image\/","url":"https:\/\/secure.gravatar.com\/avatar\/994e0189167ca1ed648f5e98c1527b7335dc0b35437f49f30cd8082a5d544855?s=96&d=mm&r=g","contentUrl":"https:\/\/secure.gravatar.com\/avatar\/994e0189167ca1ed648f5e98c1527b7335dc0b35437f49f30cd8082a5d544855?s=96&d=mm&r=g","caption":"asantelices"},"url":"https:\/\/ingenieria.udd.cl\/ii\/author\/asantelices\/"}]}},"featured_image_url":"https:\/\/ingenieria.udd.cl\/ii\/files\/2021\/02\/Captura-de-Pantalla-2021-02-18-a-las-12.39.08.png","_links":{"self":[{"href":"https:\/\/ingenieria.udd.cl\/ii\/wp-json\/wp\/v2\/posts\/1685","targetHints":{"allow":["GET"]}}],"collection":[{"href":"https:\/\/ingenieria.udd.cl\/ii\/wp-json\/wp\/v2\/posts"}],"about":[{"href":"https:\/\/ingenieria.udd.cl\/ii\/wp-json\/wp\/v2\/types\/post"}],"author":[{"embeddable":true,"href":"https:\/\/ingenieria.udd.cl\/ii\/wp-json\/wp\/v2\/users\/9192227"}],"replies":[{"embeddable":true,"href":"https:\/\/ingenieria.udd.cl\/ii\/wp-json\/wp\/v2\/comments?post=1685"}],"version-history":[{"count":1,"href":"https:\/\/ingenieria.udd.cl\/ii\/wp-json\/wp\/v2\/posts\/1685\/revisions"}],"predecessor-version":[{"id":1687,"href":"https:\/\/ingenieria.udd.cl\/ii\/wp-json\/wp\/v2\/posts\/1685\/revisions\/1687"}],"wp:featuredmedia":[{"embeddable":true,"href":"https:\/\/ingenieria.udd.cl\/ii\/wp-json\/wp\/v2\/media\/1695"}],"wp:attachment":[{"href":"https:\/\/ingenieria.udd.cl\/ii\/wp-json\/wp\/v2\/media?parent=1685"}],"wp:term":[{"taxonomy":"category","embeddable":true,"href":"https:\/\/ingenieria.udd.cl\/ii\/wp-json\/wp\/v2\/categories?post=1685"},{"taxonomy":"post_tag","embeddable":true,"href":"https:\/\/ingenieria.udd.cl\/ii\/wp-json\/wp\/v2\/tags?post=1685"}],"curies":[{"name":"wp","href":"https:\/\/api.w.org\/{rel}","templated":true}]}}