{"id":2184,"date":"2021-11-11T20:53:20","date_gmt":"2021-11-11T19:53:20","guid":{"rendered":"https:\/\/ingenieria.udd.cl\/ii\/?p=2184"},"modified":"2021-12-10T14:40:29","modified_gmt":"2021-12-10T13:40:29","slug":"maker-campus-realizo-jornada-laboratorio-abierto-dirigido-a-docentes-de-la-corporacion-de-educacion-de-las-condes","status":"publish","type":"post","link":"https:\/\/ingenieria.udd.cl\/ii\/2021\/11\/11\/maker-campus-realizo-jornada-laboratorio-abierto-dirigido-a-docentes-de-la-corporacion-de-educacion-de-las-condes\/","title":{"rendered":"Maker Campus realiz\u00f3 Jornada Laboratorio Abierto dirigido a docentes de la Corporaci\u00f3n de Educaci\u00f3n de Las Condes"},"content":{"rendered":"\n<figure class=\"wp-block-embed-youtube wp-block-embed is-type-video is-provider-youtube wp-embed-aspect-16-9 wp-has-aspect-ratio\"><div class=\"wp-block-embed__wrapper\">\n<iframe loading=\"lazy\" title=\"Jornada de Laboratorio Abierto para docentes de la Corp. de Educaci\u00f3n de Las Condes\" width=\"500\" height=\"281\" src=\"https:\/\/www.youtube.com\/embed\/IQmmXL-Hywg?feature=oembed\" frameborder=\"0\" allow=\"accelerometer; autoplay; clipboard-write; encrypted-media; gyroscope; picture-in-picture; web-share\" referrerpolicy=\"strict-origin-when-cross-origin\" allowfullscreen><\/iframe>\n<\/div><\/figure>\n\n\n\n<p>La Academia Maker Campus perteneciente a la Direcci\u00f3n de Innovaci\u00f3n de la Facultad de Ingenier\u00eda realiz\u00f3 el evento Laboratorio Abierto dirigido a docentes de todos los establecimientos educacionales de la Municipalidad de Las Condes.<br><\/p>\n\n\n\n<p>La visita en terreno tuvo por objetivo brindar acceso a docentes de distintas asignaturas de tecnolog\u00eda que participan en la Academia Maker Campus Las Condes las instalaciones del Edificio Plaza i de la sede Las Condes de la Universidad del Desarrollo para de esta forma acercar la tecnolog\u00eda e innovaci\u00f3n a sus procesos de ense\u00f1anza en sus respectivas aulas. La actividad forma parte del proceso de implementaci\u00f3n por parte de los profesores del Aprendizaje Basado en Proyectos (ABP) que se ejecuta en establecimientos educacionales, espec\u00edficamente en estudiantes de quinto b\u00e1sico a segundo medio.&nbsp;<br><\/p>\n\n\n\n<p>Bernardita Undurraga, Directora de Educaci\u00f3n de la Corporaci\u00f3n de Educaci\u00f3n y Salud de Las Condes, destac\u00f3 que esta actividad result\u00f3 significativa para los docentes dado que represent\u00f3 una oportunidad para ver de forma tangible la tecnolog\u00eda que se abord\u00f3 en el curso anual de Rob\u00f3tica e Inteligencia Artificial. \u201cEste proyecto es muy importante porque tiene que ver con todo lo que implica la innovaci\u00f3n que nosotros estamos desarrollando en los colegios en relaci\u00f3n a las habilidades del siglo que deben poseer nuestros alumnos al salir del colegio\u201d, se\u00f1al\u00f3.<br><\/p>\n\n\n\n<p>Andrea Moreno, coordinadora acad\u00e9mica de la Corporaci\u00f3n de Educaci\u00f3n y Salud de Las Condes, indic\u00f3 que \u201cesta visita a terreno permiti\u00f3 vincular los distintos aspectos que conlleva de Maker Campus lo cual enriquece el proceso\u201d. A modo de balance, se\u00f1al\u00f3 que este programa ha posibilitado bastante aprendizaje sobre la dimensi\u00f3n de este proyecto, as\u00ed como tambi\u00e9n de los avances que podamos lograr el pr\u00f3ximo a\u00f1o dada la gran experiencia de este 2021\u201d.<br><\/p>\n\n\n\n<p>Daniela Simunovic, coordinadora pedag\u00f3gica de Maker Campus Las Condes, destac\u00f3 que la instancia permiti\u00f3 adem\u00e1s de conocer los avances de los docentes en sus Proyectos bajo la metodolog\u00eda Aprendizaje Basado en Proyectos se logr\u00f3 conocer que existe una gran conformidad por parte de los docentes con el programa.<br><\/p>\n\n\n\n<p>Asimismo, los docentes que participan en esta versi\u00f3n 2021 de la Academia Maker Campus destacaron que esta visita en terreno permiti\u00f3 ampliar los conocimientos sobre tecnolog\u00eda y permiti\u00f3 un aprendizaje m\u00e1s significativo. Grace Hern\u00e1ndez, profesora de artes visuales del Colegio Leonardo Da Vinci y que participa en el programa, se\u00f1al\u00f3 que \u201cha sido muy enriquecedor conocer en forma presencial tanto a tutores como al resto de los docentes de los otros establecimientos\u201d. En tanto, Laura Pancer\u00f3n, profesora de artes visuales del mismo establecimiento educacional destac\u00f3 que el proceso de este a\u00f1o ha permitido mirar la realidad con otros ojos pues a los estudiantes les brinda la posibilidad explorar nuevas posibilidades. Mientras que Esteban Salgado encargado de Makerspace del Colegio Leonardo Da Vinci indic\u00f3 que el programa \u201cha resultado fenomenal para los estudiantes pues les estudiantes pueden tener una perspectiva m\u00e1s amplia al momento de utilizar los materiales y les abre un abanico de posibilidades dado que el programa tendr\u00e1 continuidad el a\u00f1o 2022\u201d.<br><\/p>\n","protected":false},"excerpt":{"rendered":"<p>La Academia Maker Campus perteneciente a la Direcci\u00f3n de Innovaci\u00f3n de la Facultad de Ingenier\u00eda realiz\u00f3 el evento Laboratorio Abierto dirigido a docentes de todos los establecimientos educacionales de la Municipalidad de Las Condes. La visita en terreno tuvo por objetivo brindar acceso a docentes de distintas asignaturas de tecnolog\u00eda que participan en la Academia [&hellip;]<\/p>\n","protected":false},"author":9192225,"featured_media":2185,"comment_status":"open","ping_status":"open","sticky":false,"template":"","format":"standard","meta":{"footnotes":""},"categories":[2],"tags":[],"class_list":["post-2184","post","type-post","status-publish","format-standard","has-post-thumbnail","hentry","category-iinoticias"],"yoast_head":"<!-- This site is optimized with the Yoast SEO plugin v26.9 - https:\/\/yoast.com\/product\/yoast-seo-wordpress\/ -->\n<title>Maker Campus realiz\u00f3 Jornada Laboratorio Abierto dirigido a docentes de la Corporaci\u00f3n de Educaci\u00f3n de Las Condes - Innovaci\u00f3n Ingenier\u00eda<\/title>\n<meta name=\"robots\" content=\"index, follow, max-snippet:-1, max-image-preview:large, max-video-preview:-1\" \/>\n<link rel=\"canonical\" href=\"https:\/\/ingenieria.udd.cl\/ii\/2021\/11\/11\/maker-campus-realizo-jornada-laboratorio-abierto-dirigido-a-docentes-de-la-corporacion-de-educacion-de-las-condes\/\" \/>\n<meta property=\"og:locale\" content=\"es_ES\" \/>\n<meta property=\"og:type\" content=\"article\" \/>\n<meta property=\"og:title\" content=\"Maker Campus realiz\u00f3 Jornada Laboratorio Abierto dirigido a docentes de la Corporaci\u00f3n de Educaci\u00f3n de Las Condes - Innovaci\u00f3n Ingenier\u00eda\" \/>\n<meta property=\"og:description\" content=\"La Academia Maker Campus perteneciente a la Direcci\u00f3n de Innovaci\u00f3n de la Facultad de Ingenier\u00eda realiz\u00f3 el evento Laboratorio Abierto dirigido a docentes de todos los establecimientos educacionales de la Municipalidad de Las Condes. La visita en terreno tuvo por objetivo brindar acceso a docentes de distintas asignaturas de tecnolog\u00eda que participan en la Academia [&hellip;]\" \/>\n<meta property=\"og:url\" content=\"https:\/\/ingenieria.udd.cl\/ii\/2021\/11\/11\/maker-campus-realizo-jornada-laboratorio-abierto-dirigido-a-docentes-de-la-corporacion-de-educacion-de-las-condes\/\" \/>\n<meta property=\"og:site_name\" content=\"Innovaci\u00f3n Ingenier\u00eda\" \/>\n<meta property=\"article:published_time\" content=\"2021-11-11T19:53:20+00:00\" \/>\n<meta property=\"article:modified_time\" content=\"2021-12-10T13:40:29+00:00\" \/>\n<meta property=\"og:image\" content=\"https:\/\/ingenieria.udd.cl\/ii\/files\/2021\/11\/IMG_7467-scaled.jpg\" \/>\n\t<meta property=\"og:image:width\" content=\"2560\" \/>\n\t<meta property=\"og:image:height\" content=\"1707\" \/>\n\t<meta property=\"og:image:type\" content=\"image\/jpeg\" \/>\n<meta name=\"author\" content=\"innovacioning\" \/>\n<meta name=\"twitter:card\" content=\"summary_large_image\" \/>\n<meta name=\"twitter:label1\" content=\"Escrito por\" \/>\n\t<meta name=\"twitter:data1\" content=\"innovacioning\" \/>\n\t<meta name=\"twitter:label2\" content=\"Tiempo de lectura\" \/>\n\t<meta name=\"twitter:data2\" content=\"3 minutos\" \/>\n<script type=\"application\/ld+json\" class=\"yoast-schema-graph\">{\"@context\":\"https:\/\/schema.org\",\"@graph\":[{\"@type\":\"Article\",\"@id\":\"https:\/\/ingenieria.udd.cl\/ii\/2021\/11\/11\/maker-campus-realizo-jornada-laboratorio-abierto-dirigido-a-docentes-de-la-corporacion-de-educacion-de-las-condes\/#article\",\"isPartOf\":{\"@id\":\"https:\/\/ingenieria.udd.cl\/ii\/2021\/11\/11\/maker-campus-realizo-jornada-laboratorio-abierto-dirigido-a-docentes-de-la-corporacion-de-educacion-de-las-condes\/\"},\"author\":{\"name\":\"innovacioning\",\"@id\":\"https:\/\/ingenieria.udd.cl\/ii\/#\/schema\/person\/1bc62a1a9a844eac900d3cbed49257ae\"},\"headline\":\"Maker Campus realiz\u00f3 Jornada Laboratorio Abierto dirigido a docentes de la Corporaci\u00f3n de Educaci\u00f3n de Las Condes\",\"datePublished\":\"2021-11-11T19:53:20+00:00\",\"dateModified\":\"2021-12-10T13:40:29+00:00\",\"mainEntityOfPage\":{\"@id\":\"https:\/\/ingenieria.udd.cl\/ii\/2021\/11\/11\/maker-campus-realizo-jornada-laboratorio-abierto-dirigido-a-docentes-de-la-corporacion-de-educacion-de-las-condes\/\"},\"wordCount\":560,\"commentCount\":0,\"image\":{\"@id\":\"https:\/\/ingenieria.udd.cl\/ii\/2021\/11\/11\/maker-campus-realizo-jornada-laboratorio-abierto-dirigido-a-docentes-de-la-corporacion-de-educacion-de-las-condes\/#primaryimage\"},\"thumbnailUrl\":\"https:\/\/ingenieria.udd.cl\/ii\/files\/2021\/11\/IMG_7467-scaled.jpg\",\"articleSection\":[\"Noticias\"],\"inLanguage\":\"es\",\"potentialAction\":[{\"@type\":\"CommentAction\",\"name\":\"Comment\",\"target\":[\"https:\/\/ingenieria.udd.cl\/ii\/2021\/11\/11\/maker-campus-realizo-jornada-laboratorio-abierto-dirigido-a-docentes-de-la-corporacion-de-educacion-de-las-condes\/#respond\"]}]},{\"@type\":\"WebPage\",\"@id\":\"https:\/\/ingenieria.udd.cl\/ii\/2021\/11\/11\/maker-campus-realizo-jornada-laboratorio-abierto-dirigido-a-docentes-de-la-corporacion-de-educacion-de-las-condes\/\",\"url\":\"https:\/\/ingenieria.udd.cl\/ii\/2021\/11\/11\/maker-campus-realizo-jornada-laboratorio-abierto-dirigido-a-docentes-de-la-corporacion-de-educacion-de-las-condes\/\",\"name\":\"Maker Campus realiz\u00f3 Jornada Laboratorio Abierto dirigido a docentes de la Corporaci\u00f3n de Educaci\u00f3n de Las Condes - Innovaci\u00f3n Ingenier\u00eda\",\"isPartOf\":{\"@id\":\"https:\/\/ingenieria.udd.cl\/ii\/#website\"},\"primaryImageOfPage\":{\"@id\":\"https:\/\/ingenieria.udd.cl\/ii\/2021\/11\/11\/maker-campus-realizo-jornada-laboratorio-abierto-dirigido-a-docentes-de-la-corporacion-de-educacion-de-las-condes\/#primaryimage\"},\"image\":{\"@id\":\"https:\/\/ingenieria.udd.cl\/ii\/2021\/11\/11\/maker-campus-realizo-jornada-laboratorio-abierto-dirigido-a-docentes-de-la-corporacion-de-educacion-de-las-condes\/#primaryimage\"},\"thumbnailUrl\":\"https:\/\/ingenieria.udd.cl\/ii\/files\/2021\/11\/IMG_7467-scaled.jpg\",\"datePublished\":\"2021-11-11T19:53:20+00:00\",\"dateModified\":\"2021-12-10T13:40:29+00:00\",\"author\":{\"@id\":\"https:\/\/ingenieria.udd.cl\/ii\/#\/schema\/person\/1bc62a1a9a844eac900d3cbed49257ae\"},\"breadcrumb\":{\"@id\":\"https:\/\/ingenieria.udd.cl\/ii\/2021\/11\/11\/maker-campus-realizo-jornada-laboratorio-abierto-dirigido-a-docentes-de-la-corporacion-de-educacion-de-las-condes\/#breadcrumb\"},\"inLanguage\":\"es\",\"potentialAction\":[{\"@type\":\"ReadAction\",\"target\":[\"https:\/\/ingenieria.udd.cl\/ii\/2021\/11\/11\/maker-campus-realizo-jornada-laboratorio-abierto-dirigido-a-docentes-de-la-corporacion-de-educacion-de-las-condes\/\"]}]},{\"@type\":\"ImageObject\",\"inLanguage\":\"es\",\"@id\":\"https:\/\/ingenieria.udd.cl\/ii\/2021\/11\/11\/maker-campus-realizo-jornada-laboratorio-abierto-dirigido-a-docentes-de-la-corporacion-de-educacion-de-las-condes\/#primaryimage\",\"url\":\"https:\/\/ingenieria.udd.cl\/ii\/files\/2021\/11\/IMG_7467-scaled.jpg\",\"contentUrl\":\"https:\/\/ingenieria.udd.cl\/ii\/files\/2021\/11\/IMG_7467-scaled.jpg\",\"width\":2560,\"height\":1707},{\"@type\":\"BreadcrumbList\",\"@id\":\"https:\/\/ingenieria.udd.cl\/ii\/2021\/11\/11\/maker-campus-realizo-jornada-laboratorio-abierto-dirigido-a-docentes-de-la-corporacion-de-educacion-de-las-condes\/#breadcrumb\",\"itemListElement\":[{\"@type\":\"ListItem\",\"position\":1,\"name\":\"Portada\",\"item\":\"https:\/\/ingenieria.udd.cl\/ii\/\"},{\"@type\":\"ListItem\",\"position\":2,\"name\":\"Maker Campus realiz\u00f3 Jornada Laboratorio Abierto dirigido a docentes de la Corporaci\u00f3n de Educaci\u00f3n de Las Condes\"}]},{\"@type\":\"WebSite\",\"@id\":\"https:\/\/ingenieria.udd.cl\/ii\/#website\",\"url\":\"https:\/\/ingenieria.udd.cl\/ii\/\",\"name\":\"Innovaci\u00f3n Ingenier\u00eda\",\"description\":\"Otro sitio m\u00e1s de Ingenieria\",\"inLanguage\":\"es\"},{\"@type\":\"Person\",\"@id\":\"https:\/\/ingenieria.udd.cl\/ii\/#\/schema\/person\/1bc62a1a9a844eac900d3cbed49257ae\",\"name\":\"innovacioning\",\"image\":{\"@type\":\"ImageObject\",\"inLanguage\":\"es\",\"@id\":\"https:\/\/ingenieria.udd.cl\/ii\/#\/schema\/person\/image\/\",\"url\":\"https:\/\/secure.gravatar.com\/avatar\/ad6f915cae0f525cea1bbd2b78b598f56cf980449fbbaef05e9d6271fb154710?s=96&d=mm&r=g\",\"contentUrl\":\"https:\/\/secure.gravatar.com\/avatar\/ad6f915cae0f525cea1bbd2b78b598f56cf980449fbbaef05e9d6271fb154710?s=96&d=mm&r=g\",\"caption\":\"innovacioning\"},\"url\":\"https:\/\/ingenieria.udd.cl\/ii\/author\/innovacioning\/\"}]}<\/script>\n<!-- \/ Yoast SEO plugin. -->","yoast_head_json":{"title":"Maker Campus realiz\u00f3 Jornada Laboratorio Abierto dirigido a docentes de la Corporaci\u00f3n de Educaci\u00f3n de Las Condes - Innovaci\u00f3n Ingenier\u00eda","robots":{"index":"index","follow":"follow","max-snippet":"max-snippet:-1","max-image-preview":"max-image-preview:large","max-video-preview":"max-video-preview:-1"},"canonical":"https:\/\/ingenieria.udd.cl\/ii\/2021\/11\/11\/maker-campus-realizo-jornada-laboratorio-abierto-dirigido-a-docentes-de-la-corporacion-de-educacion-de-las-condes\/","og_locale":"es_ES","og_type":"article","og_title":"Maker Campus realiz\u00f3 Jornada Laboratorio Abierto dirigido a docentes de la Corporaci\u00f3n de Educaci\u00f3n de Las Condes - Innovaci\u00f3n Ingenier\u00eda","og_description":"La Academia Maker Campus perteneciente a la Direcci\u00f3n de Innovaci\u00f3n de la Facultad de Ingenier\u00eda realiz\u00f3 el evento Laboratorio Abierto dirigido a docentes de todos los establecimientos educacionales de la Municipalidad de Las Condes. La visita en terreno tuvo por objetivo brindar acceso a docentes de distintas asignaturas de tecnolog\u00eda que participan en la Academia [&hellip;]","og_url":"https:\/\/ingenieria.udd.cl\/ii\/2021\/11\/11\/maker-campus-realizo-jornada-laboratorio-abierto-dirigido-a-docentes-de-la-corporacion-de-educacion-de-las-condes\/","og_site_name":"Innovaci\u00f3n Ingenier\u00eda","article_published_time":"2021-11-11T19:53:20+00:00","article_modified_time":"2021-12-10T13:40:29+00:00","og_image":[{"width":2560,"height":1707,"url":"https:\/\/ingenieria.udd.cl\/ii\/files\/2021\/11\/IMG_7467-scaled.jpg","type":"image\/jpeg"}],"author":"innovacioning","twitter_card":"summary_large_image","twitter_misc":{"Escrito por":"innovacioning","Tiempo de lectura":"3 minutos"},"schema":{"@context":"https:\/\/schema.org","@graph":[{"@type":"Article","@id":"https:\/\/ingenieria.udd.cl\/ii\/2021\/11\/11\/maker-campus-realizo-jornada-laboratorio-abierto-dirigido-a-docentes-de-la-corporacion-de-educacion-de-las-condes\/#article","isPartOf":{"@id":"https:\/\/ingenieria.udd.cl\/ii\/2021\/11\/11\/maker-campus-realizo-jornada-laboratorio-abierto-dirigido-a-docentes-de-la-corporacion-de-educacion-de-las-condes\/"},"author":{"name":"innovacioning","@id":"https:\/\/ingenieria.udd.cl\/ii\/#\/schema\/person\/1bc62a1a9a844eac900d3cbed49257ae"},"headline":"Maker Campus realiz\u00f3 Jornada Laboratorio Abierto dirigido a docentes de la Corporaci\u00f3n de Educaci\u00f3n de Las Condes","datePublished":"2021-11-11T19:53:20+00:00","dateModified":"2021-12-10T13:40:29+00:00","mainEntityOfPage":{"@id":"https:\/\/ingenieria.udd.cl\/ii\/2021\/11\/11\/maker-campus-realizo-jornada-laboratorio-abierto-dirigido-a-docentes-de-la-corporacion-de-educacion-de-las-condes\/"},"wordCount":560,"commentCount":0,"image":{"@id":"https:\/\/ingenieria.udd.cl\/ii\/2021\/11\/11\/maker-campus-realizo-jornada-laboratorio-abierto-dirigido-a-docentes-de-la-corporacion-de-educacion-de-las-condes\/#primaryimage"},"thumbnailUrl":"https:\/\/ingenieria.udd.cl\/ii\/files\/2021\/11\/IMG_7467-scaled.jpg","articleSection":["Noticias"],"inLanguage":"es","potentialAction":[{"@type":"CommentAction","name":"Comment","target":["https:\/\/ingenieria.udd.cl\/ii\/2021\/11\/11\/maker-campus-realizo-jornada-laboratorio-abierto-dirigido-a-docentes-de-la-corporacion-de-educacion-de-las-condes\/#respond"]}]},{"@type":"WebPage","@id":"https:\/\/ingenieria.udd.cl\/ii\/2021\/11\/11\/maker-campus-realizo-jornada-laboratorio-abierto-dirigido-a-docentes-de-la-corporacion-de-educacion-de-las-condes\/","url":"https:\/\/ingenieria.udd.cl\/ii\/2021\/11\/11\/maker-campus-realizo-jornada-laboratorio-abierto-dirigido-a-docentes-de-la-corporacion-de-educacion-de-las-condes\/","name":"Maker Campus realiz\u00f3 Jornada Laboratorio Abierto dirigido a docentes de la Corporaci\u00f3n de Educaci\u00f3n de Las Condes - Innovaci\u00f3n Ingenier\u00eda","isPartOf":{"@id":"https:\/\/ingenieria.udd.cl\/ii\/#website"},"primaryImageOfPage":{"@id":"https:\/\/ingenieria.udd.cl\/ii\/2021\/11\/11\/maker-campus-realizo-jornada-laboratorio-abierto-dirigido-a-docentes-de-la-corporacion-de-educacion-de-las-condes\/#primaryimage"},"image":{"@id":"https:\/\/ingenieria.udd.cl\/ii\/2021\/11\/11\/maker-campus-realizo-jornada-laboratorio-abierto-dirigido-a-docentes-de-la-corporacion-de-educacion-de-las-condes\/#primaryimage"},"thumbnailUrl":"https:\/\/ingenieria.udd.cl\/ii\/files\/2021\/11\/IMG_7467-scaled.jpg","datePublished":"2021-11-11T19:53:20+00:00","dateModified":"2021-12-10T13:40:29+00:00","author":{"@id":"https:\/\/ingenieria.udd.cl\/ii\/#\/schema\/person\/1bc62a1a9a844eac900d3cbed49257ae"},"breadcrumb":{"@id":"https:\/\/ingenieria.udd.cl\/ii\/2021\/11\/11\/maker-campus-realizo-jornada-laboratorio-abierto-dirigido-a-docentes-de-la-corporacion-de-educacion-de-las-condes\/#breadcrumb"},"inLanguage":"es","potentialAction":[{"@type":"ReadAction","target":["https:\/\/ingenieria.udd.cl\/ii\/2021\/11\/11\/maker-campus-realizo-jornada-laboratorio-abierto-dirigido-a-docentes-de-la-corporacion-de-educacion-de-las-condes\/"]}]},{"@type":"ImageObject","inLanguage":"es","@id":"https:\/\/ingenieria.udd.cl\/ii\/2021\/11\/11\/maker-campus-realizo-jornada-laboratorio-abierto-dirigido-a-docentes-de-la-corporacion-de-educacion-de-las-condes\/#primaryimage","url":"https:\/\/ingenieria.udd.cl\/ii\/files\/2021\/11\/IMG_7467-scaled.jpg","contentUrl":"https:\/\/ingenieria.udd.cl\/ii\/files\/2021\/11\/IMG_7467-scaled.jpg","width":2560,"height":1707},{"@type":"BreadcrumbList","@id":"https:\/\/ingenieria.udd.cl\/ii\/2021\/11\/11\/maker-campus-realizo-jornada-laboratorio-abierto-dirigido-a-docentes-de-la-corporacion-de-educacion-de-las-condes\/#breadcrumb","itemListElement":[{"@type":"ListItem","position":1,"name":"Portada","item":"https:\/\/ingenieria.udd.cl\/ii\/"},{"@type":"ListItem","position":2,"name":"Maker Campus realiz\u00f3 Jornada Laboratorio Abierto dirigido a docentes de la Corporaci\u00f3n de Educaci\u00f3n de Las Condes"}]},{"@type":"WebSite","@id":"https:\/\/ingenieria.udd.cl\/ii\/#website","url":"https:\/\/ingenieria.udd.cl\/ii\/","name":"Innovaci\u00f3n Ingenier\u00eda","description":"Otro sitio m\u00e1s de Ingenieria","inLanguage":"es"},{"@type":"Person","@id":"https:\/\/ingenieria.udd.cl\/ii\/#\/schema\/person\/1bc62a1a9a844eac900d3cbed49257ae","name":"innovacioning","image":{"@type":"ImageObject","inLanguage":"es","@id":"https:\/\/ingenieria.udd.cl\/ii\/#\/schema\/person\/image\/","url":"https:\/\/secure.gravatar.com\/avatar\/ad6f915cae0f525cea1bbd2b78b598f56cf980449fbbaef05e9d6271fb154710?s=96&d=mm&r=g","contentUrl":"https:\/\/secure.gravatar.com\/avatar\/ad6f915cae0f525cea1bbd2b78b598f56cf980449fbbaef05e9d6271fb154710?s=96&d=mm&r=g","caption":"innovacioning"},"url":"https:\/\/ingenieria.udd.cl\/ii\/author\/innovacioning\/"}]}},"featured_image_url":"https:\/\/ingenieria.udd.cl\/ii\/files\/2021\/11\/IMG_7467-scaled.jpg","_links":{"self":[{"href":"https:\/\/ingenieria.udd.cl\/ii\/wp-json\/wp\/v2\/posts\/2184","targetHints":{"allow":["GET"]}}],"collection":[{"href":"https:\/\/ingenieria.udd.cl\/ii\/wp-json\/wp\/v2\/posts"}],"about":[{"href":"https:\/\/ingenieria.udd.cl\/ii\/wp-json\/wp\/v2\/types\/post"}],"author":[{"embeddable":true,"href":"https:\/\/ingenieria.udd.cl\/ii\/wp-json\/wp\/v2\/users\/9192225"}],"replies":[{"embeddable":true,"href":"https:\/\/ingenieria.udd.cl\/ii\/wp-json\/wp\/v2\/comments?post=2184"}],"version-history":[{"count":5,"href":"https:\/\/ingenieria.udd.cl\/ii\/wp-json\/wp\/v2\/posts\/2184\/revisions"}],"predecessor-version":[{"id":2240,"href":"https:\/\/ingenieria.udd.cl\/ii\/wp-json\/wp\/v2\/posts\/2184\/revisions\/2240"}],"wp:featuredmedia":[{"embeddable":true,"href":"https:\/\/ingenieria.udd.cl\/ii\/wp-json\/wp\/v2\/media\/2185"}],"wp:attachment":[{"href":"https:\/\/ingenieria.udd.cl\/ii\/wp-json\/wp\/v2\/media?parent=2184"}],"wp:term":[{"taxonomy":"category","embeddable":true,"href":"https:\/\/ingenieria.udd.cl\/ii\/wp-json\/wp\/v2\/categories?post=2184"},{"taxonomy":"post_tag","embeddable":true,"href":"https:\/\/ingenieria.udd.cl\/ii\/wp-json\/wp\/v2\/tags?post=2184"}],"curies":[{"name":"wp","href":"https:\/\/api.w.org\/{rel}","templated":true}]}}