{"id":2260,"date":"2021-12-21T16:26:33","date_gmt":"2021-12-21T15:26:33","guid":{"rendered":"https:\/\/ingenieria.udd.cl\/ii\/?p=2260"},"modified":"2022-01-06T15:23:25","modified_gmt":"2022-01-06T14:23:25","slug":"direccion-de-innovacion-recibe-premio-icono-en-la-categoria-vinculacion-con-la-industria-para-la-generacion-de-proyecto-idi","status":"publish","type":"post","link":"https:\/\/ingenieria.udd.cl\/ii\/2021\/12\/21\/direccion-de-innovacion-recibe-premio-icono-en-la-categoria-vinculacion-con-la-industria-para-la-generacion-de-proyecto-idi\/","title":{"rendered":"Direcci\u00f3n de Innovaci\u00f3n recibe premio iCono en la categor\u00eda \u201cVinculaci\u00f3n con la industria para la generaci\u00f3n de proyecto I+D+i\u201d"},"content":{"rendered":"\n<p>La Direcci\u00f3n de Transferencia Tecnol\u00f3gica de la Universidad del Desarrollo, realiz\u00f3 la ceremonia Premios iCono UDD, en la cual se reconoci\u00f3 a profesores, investigadores y colaboradores quienes con su trabajo estrat\u00e9gico contribuyen a generar impacto en la sociedad.<\/p>\n\n\n\n<p>El premio se dividi\u00f3 en categor\u00edas enmarcadas en las distintas etapas del proceso de transferencia. Precisamente, la Direcci\u00f3n de Innovaci\u00f3n de la Facultad de Ingenier\u00eda se adjudic\u00f3 el premio iCono en: \u201cVinculaci\u00f3n con la industria para la generaci\u00f3n de proyecto Innovaci\u00f3n, Desarrollo e Investigaci\u00f3n (I+D+i)\u00bb. <\/p>\n\n\n\n<p>Al respecto, el subdirector de la Direcci\u00f3n de Innovaci\u00f3n, Vicente Lorca, destac\u00f3 que este premio refleja el impacto de las tecnolog\u00edas. \u201cQueremos que todos nuestros proyectos de investigaci\u00f3n est\u00e9n enfocados en la comunidad, para que el conocimiento sea aplicado, por ello, este premio es un reconocimiento al esfuerzo que hemos hecho para llevar conocimiento a la comunidad\u201d.<\/p>\n\n\n\n<p>iCono UDD contribuye a generar v\u00ednculos para que se establezca colaboraci\u00f3n entre investigadores e instituciones p\u00fablicas y privadas. Es a su vez, responsable de velar por la propiedad intelectual y de promover su transferencia en las mejores condiciones a la sociedad.<\/p>\n\n\n\n<p><br><\/p>\n\n\n\n<figure class=\"wp-block-gallery columns-3 is-cropped wp-block-gallery-1 is-layout-flex wp-block-gallery-is-layout-flex\"><ul class=\"blocks-gallery-grid\"><li class=\"blocks-gallery-item\"><figure><img loading=\"lazy\" decoding=\"async\" width=\"768\" height=\"1024\" src=\"https:\/\/ingenieria.udd.cl\/ii\/files\/2021\/12\/IMG_5849-768x1024.jpg\" alt=\"\" data-id=\"2291\" data-link=\"https:\/\/ingenieria.udd.cl\/ii\/2021\/12\/21\/direccion-de-innovacion-recibe-premio-icono-en-la-categoria-vinculacion-con-la-industria-para-la-generacion-de-proyecto-idi\/img_5849\/\" class=\"wp-image-2291\" srcset=\"https:\/\/ingenieria.udd.cl\/ii\/files\/2021\/12\/IMG_5849-768x1024.jpg 768w, https:\/\/ingenieria.udd.cl\/ii\/files\/2021\/12\/IMG_5849-225x300.jpg 225w, https:\/\/ingenieria.udd.cl\/ii\/files\/2021\/12\/IMG_5849-1152x1536.jpg 1152w, https:\/\/ingenieria.udd.cl\/ii\/files\/2021\/12\/IMG_5849-1536x2048.jpg 1536w, https:\/\/ingenieria.udd.cl\/ii\/files\/2021\/12\/IMG_5849-scaled.jpg 1920w\" sizes=\"auto, (max-width: 768px) 100vw, 768px\" \/><\/figure><\/li><li class=\"blocks-gallery-item\"><figure><img loading=\"lazy\" decoding=\"async\" width=\"1024\" height=\"1024\" src=\"https:\/\/ingenieria.udd.cl\/ii\/files\/2021\/12\/IMG_5844-1024x1024.jpg\" alt=\"\" data-id=\"2289\" data-link=\"https:\/\/ingenieria.udd.cl\/ii\/2021\/12\/21\/direccion-de-innovacion-recibe-premio-icono-en-la-categoria-vinculacion-con-la-industria-para-la-generacion-de-proyecto-idi\/img_5844\/\" class=\"wp-image-2289\" srcset=\"https:\/\/ingenieria.udd.cl\/ii\/files\/2021\/12\/IMG_5844-1024x1024.jpg 1024w, https:\/\/ingenieria.udd.cl\/ii\/files\/2021\/12\/IMG_5844-300x300.jpg 300w, https:\/\/ingenieria.udd.cl\/ii\/files\/2021\/12\/IMG_5844-150x150.jpg 150w, https:\/\/ingenieria.udd.cl\/ii\/files\/2021\/12\/IMG_5844-768x768.jpg 768w, https:\/\/ingenieria.udd.cl\/ii\/files\/2021\/12\/IMG_5844-62x62.jpg 62w, https:\/\/ingenieria.udd.cl\/ii\/files\/2021\/12\/IMG_5844-1536x1536.jpg 1536w, https:\/\/ingenieria.udd.cl\/ii\/files\/2021\/12\/IMG_5844-2048x2048.jpg 2048w, https:\/\/ingenieria.udd.cl\/ii\/files\/2021\/12\/IMG_5844-750x750.jpg 750w, https:\/\/ingenieria.udd.cl\/ii\/files\/2021\/12\/IMG_5844-500x500.jpg 500w, https:\/\/ingenieria.udd.cl\/ii\/files\/2021\/12\/IMG_5844-250x250.jpg 250w, https:\/\/ingenieria.udd.cl\/ii\/files\/2021\/12\/IMG_5844-126x126.jpg 126w\" sizes=\"auto, (max-width: 1024px) 100vw, 1024px\" \/><\/figure><\/li><li class=\"blocks-gallery-item\"><figure><img loading=\"lazy\" decoding=\"async\" width=\"1024\" height=\"768\" src=\"https:\/\/ingenieria.udd.cl\/ii\/files\/2021\/12\/95de65b5-b342-4022-8d85-df53c16dd81e-1024x768.jpg\" alt=\"\" data-id=\"2294\" data-full-url=\"https:\/\/ingenieria.udd.cl\/ii\/files\/2021\/12\/95de65b5-b342-4022-8d85-df53c16dd81e.jpg\" data-link=\"https:\/\/ingenieria.udd.cl\/ii\/2021\/12\/21\/direccion-de-innovacion-recibe-premio-icono-en-la-categoria-vinculacion-con-la-industria-para-la-generacion-de-proyecto-idi\/95de65b5-b342-4022-8d85-df53c16dd81e\/\" class=\"wp-image-2294\" srcset=\"https:\/\/ingenieria.udd.cl\/ii\/files\/2021\/12\/95de65b5-b342-4022-8d85-df53c16dd81e-1024x768.jpg 1024w, https:\/\/ingenieria.udd.cl\/ii\/files\/2021\/12\/95de65b5-b342-4022-8d85-df53c16dd81e-300x225.jpg 300w, https:\/\/ingenieria.udd.cl\/ii\/files\/2021\/12\/95de65b5-b342-4022-8d85-df53c16dd81e-768x576.jpg 768w, https:\/\/ingenieria.udd.cl\/ii\/files\/2021\/12\/95de65b5-b342-4022-8d85-df53c16dd81e-1536x1152.jpg 1536w, https:\/\/ingenieria.udd.cl\/ii\/files\/2021\/12\/95de65b5-b342-4022-8d85-df53c16dd81e.jpg 1600w\" sizes=\"auto, (max-width: 1024px) 100vw, 1024px\" \/><\/figure><\/li><li class=\"blocks-gallery-item\"><figure><img loading=\"lazy\" decoding=\"async\" width=\"1024\" height=\"683\" src=\"https:\/\/ingenieria.udd.cl\/ii\/files\/2021\/12\/IMG_5841-1-1024x683.jpg\" alt=\"\" data-id=\"2293\" data-link=\"https:\/\/ingenieria.udd.cl\/ii\/2021\/12\/21\/direccion-de-innovacion-recibe-premio-icono-en-la-categoria-vinculacion-con-la-industria-para-la-generacion-de-proyecto-idi\/img_5841-1\/\" class=\"wp-image-2293\" srcset=\"https:\/\/ingenieria.udd.cl\/ii\/files\/2021\/12\/IMG_5841-1-1024x683.jpg 1024w, https:\/\/ingenieria.udd.cl\/ii\/files\/2021\/12\/IMG_5841-1-300x200.jpg 300w, https:\/\/ingenieria.udd.cl\/ii\/files\/2021\/12\/IMG_5841-1-768x512.jpg 768w, https:\/\/ingenieria.udd.cl\/ii\/files\/2021\/12\/IMG_5841-1-1536x1024.jpg 1536w, https:\/\/ingenieria.udd.cl\/ii\/files\/2021\/12\/IMG_5841-1-2048x1365.jpg 2048w\" sizes=\"auto, (max-width: 1024px) 100vw, 1024px\" \/><\/figure><\/li><\/ul><\/figure>\n\n\n\n<figure class=\"wp-block-video\"><\/figure>\n\n\n\n<p><br><\/p>\n","protected":false},"excerpt":{"rendered":"<p>La Direcci\u00f3n de Transferencia Tecnol\u00f3gica de la Universidad del Desarrollo, realiz\u00f3 la ceremonia Premios iCono UDD, en la cual se reconoci\u00f3 a profesores, investigadores y colaboradores quienes con su trabajo estrat\u00e9gico contribuyen a generar impacto en la sociedad. El premio se dividi\u00f3 en categor\u00edas enmarcadas en las distintas etapas del proceso de transferencia. Precisamente, la [&hellip;]<\/p>\n","protected":false},"author":9192225,"featured_media":2261,"comment_status":"open","ping_status":"open","sticky":false,"template":"","format":"standard","meta":{"footnotes":""},"categories":[2],"tags":[],"class_list":["post-2260","post","type-post","status-publish","format-standard","has-post-thumbnail","hentry","category-iinoticias"],"yoast_head":"<!-- This site is optimized with the Yoast SEO plugin v26.9 - https:\/\/yoast.com\/product\/yoast-seo-wordpress\/ -->\n<title>Direcci\u00f3n de Innovaci\u00f3n recibe premio iCono en la categor\u00eda \u201cVinculaci\u00f3n con la industria para la generaci\u00f3n de proyecto I+D+i\u201d - Innovaci\u00f3n Ingenier\u00eda<\/title>\n<meta name=\"robots\" content=\"index, follow, max-snippet:-1, max-image-preview:large, max-video-preview:-1\" \/>\n<link rel=\"canonical\" href=\"https:\/\/ingenieria.udd.cl\/ii\/2021\/12\/21\/direccion-de-innovacion-recibe-premio-icono-en-la-categoria-vinculacion-con-la-industria-para-la-generacion-de-proyecto-idi\/\" \/>\n<meta property=\"og:locale\" content=\"es_ES\" \/>\n<meta property=\"og:type\" content=\"article\" \/>\n<meta property=\"og:title\" content=\"Direcci\u00f3n de Innovaci\u00f3n recibe premio iCono en la categor\u00eda \u201cVinculaci\u00f3n con la industria para la generaci\u00f3n de proyecto I+D+i\u201d - Innovaci\u00f3n Ingenier\u00eda\" \/>\n<meta property=\"og:description\" content=\"La Direcci\u00f3n de Transferencia Tecnol\u00f3gica de la Universidad del Desarrollo, realiz\u00f3 la ceremonia Premios iCono UDD, en la cual se reconoci\u00f3 a profesores, investigadores y colaboradores quienes con su trabajo estrat\u00e9gico contribuyen a generar impacto en la sociedad. El premio se dividi\u00f3 en categor\u00edas enmarcadas en las distintas etapas del proceso de transferencia. Precisamente, la [&hellip;]\" \/>\n<meta property=\"og:url\" content=\"https:\/\/ingenieria.udd.cl\/ii\/2021\/12\/21\/direccion-de-innovacion-recibe-premio-icono-en-la-categoria-vinculacion-con-la-industria-para-la-generacion-de-proyecto-idi\/\" \/>\n<meta property=\"og:site_name\" content=\"Innovaci\u00f3n Ingenier\u00eda\" \/>\n<meta property=\"article:published_time\" content=\"2021-12-21T15:26:33+00:00\" \/>\n<meta property=\"article:modified_time\" content=\"2022-01-06T14:23:25+00:00\" \/>\n<meta property=\"og:image\" content=\"https:\/\/ingenieria.udd.cl\/ii\/files\/2021\/12\/Captura-de-Pantalla-2021-12-21-a-las-12.25.17.png\" \/>\n\t<meta property=\"og:image:width\" content=\"715\" \/>\n\t<meta property=\"og:image:height\" content=\"708\" \/>\n\t<meta property=\"og:image:type\" content=\"image\/png\" \/>\n<meta name=\"author\" content=\"innovacioning\" \/>\n<meta name=\"twitter:card\" content=\"summary_large_image\" \/>\n<meta name=\"twitter:label1\" content=\"Escrito por\" \/>\n\t<meta name=\"twitter:data1\" content=\"innovacioning\" \/>\n\t<meta name=\"twitter:label2\" content=\"Tiempo de lectura\" \/>\n\t<meta name=\"twitter:data2\" content=\"1 minuto\" \/>\n<script type=\"application\/ld+json\" class=\"yoast-schema-graph\">{\"@context\":\"https:\/\/schema.org\",\"@graph\":[{\"@type\":\"Article\",\"@id\":\"https:\/\/ingenieria.udd.cl\/ii\/2021\/12\/21\/direccion-de-innovacion-recibe-premio-icono-en-la-categoria-vinculacion-con-la-industria-para-la-generacion-de-proyecto-idi\/#article\",\"isPartOf\":{\"@id\":\"https:\/\/ingenieria.udd.cl\/ii\/2021\/12\/21\/direccion-de-innovacion-recibe-premio-icono-en-la-categoria-vinculacion-con-la-industria-para-la-generacion-de-proyecto-idi\/\"},\"author\":{\"name\":\"innovacioning\",\"@id\":\"https:\/\/ingenieria.udd.cl\/ii\/#\/schema\/person\/1bc62a1a9a844eac900d3cbed49257ae\"},\"headline\":\"Direcci\u00f3n de Innovaci\u00f3n recibe premio iCono en la categor\u00eda \u201cVinculaci\u00f3n con la industria para la generaci\u00f3n de proyecto I+D+i\u201d\",\"datePublished\":\"2021-12-21T15:26:33+00:00\",\"dateModified\":\"2022-01-06T14:23:25+00:00\",\"mainEntityOfPage\":{\"@id\":\"https:\/\/ingenieria.udd.cl\/ii\/2021\/12\/21\/direccion-de-innovacion-recibe-premio-icono-en-la-categoria-vinculacion-con-la-industria-para-la-generacion-de-proyecto-idi\/\"},\"wordCount\":228,\"commentCount\":0,\"image\":{\"@id\":\"https:\/\/ingenieria.udd.cl\/ii\/2021\/12\/21\/direccion-de-innovacion-recibe-premio-icono-en-la-categoria-vinculacion-con-la-industria-para-la-generacion-de-proyecto-idi\/#primaryimage\"},\"thumbnailUrl\":\"https:\/\/ingenieria.udd.cl\/ii\/files\/2021\/12\/Captura-de-Pantalla-2021-12-21-a-las-12.25.17.png\",\"articleSection\":[\"Noticias\"],\"inLanguage\":\"es\",\"potentialAction\":[{\"@type\":\"CommentAction\",\"name\":\"Comment\",\"target\":[\"https:\/\/ingenieria.udd.cl\/ii\/2021\/12\/21\/direccion-de-innovacion-recibe-premio-icono-en-la-categoria-vinculacion-con-la-industria-para-la-generacion-de-proyecto-idi\/#respond\"]}]},{\"@type\":\"WebPage\",\"@id\":\"https:\/\/ingenieria.udd.cl\/ii\/2021\/12\/21\/direccion-de-innovacion-recibe-premio-icono-en-la-categoria-vinculacion-con-la-industria-para-la-generacion-de-proyecto-idi\/\",\"url\":\"https:\/\/ingenieria.udd.cl\/ii\/2021\/12\/21\/direccion-de-innovacion-recibe-premio-icono-en-la-categoria-vinculacion-con-la-industria-para-la-generacion-de-proyecto-idi\/\",\"name\":\"Direcci\u00f3n de Innovaci\u00f3n recibe premio iCono en la categor\u00eda \u201cVinculaci\u00f3n con la industria para la generaci\u00f3n de proyecto I+D+i\u201d - Innovaci\u00f3n Ingenier\u00eda\",\"isPartOf\":{\"@id\":\"https:\/\/ingenieria.udd.cl\/ii\/#website\"},\"primaryImageOfPage\":{\"@id\":\"https:\/\/ingenieria.udd.cl\/ii\/2021\/12\/21\/direccion-de-innovacion-recibe-premio-icono-en-la-categoria-vinculacion-con-la-industria-para-la-generacion-de-proyecto-idi\/#primaryimage\"},\"image\":{\"@id\":\"https:\/\/ingenieria.udd.cl\/ii\/2021\/12\/21\/direccion-de-innovacion-recibe-premio-icono-en-la-categoria-vinculacion-con-la-industria-para-la-generacion-de-proyecto-idi\/#primaryimage\"},\"thumbnailUrl\":\"https:\/\/ingenieria.udd.cl\/ii\/files\/2021\/12\/Captura-de-Pantalla-2021-12-21-a-las-12.25.17.png\",\"datePublished\":\"2021-12-21T15:26:33+00:00\",\"dateModified\":\"2022-01-06T14:23:25+00:00\",\"author\":{\"@id\":\"https:\/\/ingenieria.udd.cl\/ii\/#\/schema\/person\/1bc62a1a9a844eac900d3cbed49257ae\"},\"breadcrumb\":{\"@id\":\"https:\/\/ingenieria.udd.cl\/ii\/2021\/12\/21\/direccion-de-innovacion-recibe-premio-icono-en-la-categoria-vinculacion-con-la-industria-para-la-generacion-de-proyecto-idi\/#breadcrumb\"},\"inLanguage\":\"es\",\"potentialAction\":[{\"@type\":\"ReadAction\",\"target\":[\"https:\/\/ingenieria.udd.cl\/ii\/2021\/12\/21\/direccion-de-innovacion-recibe-premio-icono-en-la-categoria-vinculacion-con-la-industria-para-la-generacion-de-proyecto-idi\/\"]}]},{\"@type\":\"ImageObject\",\"inLanguage\":\"es\",\"@id\":\"https:\/\/ingenieria.udd.cl\/ii\/2021\/12\/21\/direccion-de-innovacion-recibe-premio-icono-en-la-categoria-vinculacion-con-la-industria-para-la-generacion-de-proyecto-idi\/#primaryimage\",\"url\":\"https:\/\/ingenieria.udd.cl\/ii\/files\/2021\/12\/Captura-de-Pantalla-2021-12-21-a-las-12.25.17.png\",\"contentUrl\":\"https:\/\/ingenieria.udd.cl\/ii\/files\/2021\/12\/Captura-de-Pantalla-2021-12-21-a-las-12.25.17.png\",\"width\":715,\"height\":708},{\"@type\":\"BreadcrumbList\",\"@id\":\"https:\/\/ingenieria.udd.cl\/ii\/2021\/12\/21\/direccion-de-innovacion-recibe-premio-icono-en-la-categoria-vinculacion-con-la-industria-para-la-generacion-de-proyecto-idi\/#breadcrumb\",\"itemListElement\":[{\"@type\":\"ListItem\",\"position\":1,\"name\":\"Portada\",\"item\":\"https:\/\/ingenieria.udd.cl\/ii\/\"},{\"@type\":\"ListItem\",\"position\":2,\"name\":\"Direcci\u00f3n de Innovaci\u00f3n recibe premio iCono en la categor\u00eda \u201cVinculaci\u00f3n con la industria para la generaci\u00f3n de proyecto I+D+i\u201d\"}]},{\"@type\":\"WebSite\",\"@id\":\"https:\/\/ingenieria.udd.cl\/ii\/#website\",\"url\":\"https:\/\/ingenieria.udd.cl\/ii\/\",\"name\":\"Innovaci\u00f3n Ingenier\u00eda\",\"description\":\"Otro sitio m\u00e1s de Ingenieria\",\"inLanguage\":\"es\"},{\"@type\":\"Person\",\"@id\":\"https:\/\/ingenieria.udd.cl\/ii\/#\/schema\/person\/1bc62a1a9a844eac900d3cbed49257ae\",\"name\":\"innovacioning\",\"image\":{\"@type\":\"ImageObject\",\"inLanguage\":\"es\",\"@id\":\"https:\/\/ingenieria.udd.cl\/ii\/#\/schema\/person\/image\/\",\"url\":\"https:\/\/secure.gravatar.com\/avatar\/ad6f915cae0f525cea1bbd2b78b598f56cf980449fbbaef05e9d6271fb154710?s=96&d=mm&r=g\",\"contentUrl\":\"https:\/\/secure.gravatar.com\/avatar\/ad6f915cae0f525cea1bbd2b78b598f56cf980449fbbaef05e9d6271fb154710?s=96&d=mm&r=g\",\"caption\":\"innovacioning\"},\"url\":\"https:\/\/ingenieria.udd.cl\/ii\/author\/innovacioning\/\"}]}<\/script>\n<!-- \/ Yoast SEO plugin. -->","yoast_head_json":{"title":"Direcci\u00f3n de Innovaci\u00f3n recibe premio iCono en la categor\u00eda \u201cVinculaci\u00f3n con la industria para la generaci\u00f3n de proyecto I+D+i\u201d - Innovaci\u00f3n Ingenier\u00eda","robots":{"index":"index","follow":"follow","max-snippet":"max-snippet:-1","max-image-preview":"max-image-preview:large","max-video-preview":"max-video-preview:-1"},"canonical":"https:\/\/ingenieria.udd.cl\/ii\/2021\/12\/21\/direccion-de-innovacion-recibe-premio-icono-en-la-categoria-vinculacion-con-la-industria-para-la-generacion-de-proyecto-idi\/","og_locale":"es_ES","og_type":"article","og_title":"Direcci\u00f3n de Innovaci\u00f3n recibe premio iCono en la categor\u00eda \u201cVinculaci\u00f3n con la industria para la generaci\u00f3n de proyecto I+D+i\u201d - Innovaci\u00f3n Ingenier\u00eda","og_description":"La Direcci\u00f3n de Transferencia Tecnol\u00f3gica de la Universidad del Desarrollo, realiz\u00f3 la ceremonia Premios iCono UDD, en la cual se reconoci\u00f3 a profesores, investigadores y colaboradores quienes con su trabajo estrat\u00e9gico contribuyen a generar impacto en la sociedad. El premio se dividi\u00f3 en categor\u00edas enmarcadas en las distintas etapas del proceso de transferencia. Precisamente, la [&hellip;]","og_url":"https:\/\/ingenieria.udd.cl\/ii\/2021\/12\/21\/direccion-de-innovacion-recibe-premio-icono-en-la-categoria-vinculacion-con-la-industria-para-la-generacion-de-proyecto-idi\/","og_site_name":"Innovaci\u00f3n Ingenier\u00eda","article_published_time":"2021-12-21T15:26:33+00:00","article_modified_time":"2022-01-06T14:23:25+00:00","og_image":[{"width":715,"height":708,"url":"https:\/\/ingenieria.udd.cl\/ii\/files\/2021\/12\/Captura-de-Pantalla-2021-12-21-a-las-12.25.17.png","type":"image\/png"}],"author":"innovacioning","twitter_card":"summary_large_image","twitter_misc":{"Escrito por":"innovacioning","Tiempo de lectura":"1 minuto"},"schema":{"@context":"https:\/\/schema.org","@graph":[{"@type":"Article","@id":"https:\/\/ingenieria.udd.cl\/ii\/2021\/12\/21\/direccion-de-innovacion-recibe-premio-icono-en-la-categoria-vinculacion-con-la-industria-para-la-generacion-de-proyecto-idi\/#article","isPartOf":{"@id":"https:\/\/ingenieria.udd.cl\/ii\/2021\/12\/21\/direccion-de-innovacion-recibe-premio-icono-en-la-categoria-vinculacion-con-la-industria-para-la-generacion-de-proyecto-idi\/"},"author":{"name":"innovacioning","@id":"https:\/\/ingenieria.udd.cl\/ii\/#\/schema\/person\/1bc62a1a9a844eac900d3cbed49257ae"},"headline":"Direcci\u00f3n de Innovaci\u00f3n recibe premio iCono en la categor\u00eda \u201cVinculaci\u00f3n con la industria para la generaci\u00f3n de proyecto I+D+i\u201d","datePublished":"2021-12-21T15:26:33+00:00","dateModified":"2022-01-06T14:23:25+00:00","mainEntityOfPage":{"@id":"https:\/\/ingenieria.udd.cl\/ii\/2021\/12\/21\/direccion-de-innovacion-recibe-premio-icono-en-la-categoria-vinculacion-con-la-industria-para-la-generacion-de-proyecto-idi\/"},"wordCount":228,"commentCount":0,"image":{"@id":"https:\/\/ingenieria.udd.cl\/ii\/2021\/12\/21\/direccion-de-innovacion-recibe-premio-icono-en-la-categoria-vinculacion-con-la-industria-para-la-generacion-de-proyecto-idi\/#primaryimage"},"thumbnailUrl":"https:\/\/ingenieria.udd.cl\/ii\/files\/2021\/12\/Captura-de-Pantalla-2021-12-21-a-las-12.25.17.png","articleSection":["Noticias"],"inLanguage":"es","potentialAction":[{"@type":"CommentAction","name":"Comment","target":["https:\/\/ingenieria.udd.cl\/ii\/2021\/12\/21\/direccion-de-innovacion-recibe-premio-icono-en-la-categoria-vinculacion-con-la-industria-para-la-generacion-de-proyecto-idi\/#respond"]}]},{"@type":"WebPage","@id":"https:\/\/ingenieria.udd.cl\/ii\/2021\/12\/21\/direccion-de-innovacion-recibe-premio-icono-en-la-categoria-vinculacion-con-la-industria-para-la-generacion-de-proyecto-idi\/","url":"https:\/\/ingenieria.udd.cl\/ii\/2021\/12\/21\/direccion-de-innovacion-recibe-premio-icono-en-la-categoria-vinculacion-con-la-industria-para-la-generacion-de-proyecto-idi\/","name":"Direcci\u00f3n de Innovaci\u00f3n recibe premio iCono en la categor\u00eda \u201cVinculaci\u00f3n con la industria para la generaci\u00f3n de proyecto I+D+i\u201d - Innovaci\u00f3n Ingenier\u00eda","isPartOf":{"@id":"https:\/\/ingenieria.udd.cl\/ii\/#website"},"primaryImageOfPage":{"@id":"https:\/\/ingenieria.udd.cl\/ii\/2021\/12\/21\/direccion-de-innovacion-recibe-premio-icono-en-la-categoria-vinculacion-con-la-industria-para-la-generacion-de-proyecto-idi\/#primaryimage"},"image":{"@id":"https:\/\/ingenieria.udd.cl\/ii\/2021\/12\/21\/direccion-de-innovacion-recibe-premio-icono-en-la-categoria-vinculacion-con-la-industria-para-la-generacion-de-proyecto-idi\/#primaryimage"},"thumbnailUrl":"https:\/\/ingenieria.udd.cl\/ii\/files\/2021\/12\/Captura-de-Pantalla-2021-12-21-a-las-12.25.17.png","datePublished":"2021-12-21T15:26:33+00:00","dateModified":"2022-01-06T14:23:25+00:00","author":{"@id":"https:\/\/ingenieria.udd.cl\/ii\/#\/schema\/person\/1bc62a1a9a844eac900d3cbed49257ae"},"breadcrumb":{"@id":"https:\/\/ingenieria.udd.cl\/ii\/2021\/12\/21\/direccion-de-innovacion-recibe-premio-icono-en-la-categoria-vinculacion-con-la-industria-para-la-generacion-de-proyecto-idi\/#breadcrumb"},"inLanguage":"es","potentialAction":[{"@type":"ReadAction","target":["https:\/\/ingenieria.udd.cl\/ii\/2021\/12\/21\/direccion-de-innovacion-recibe-premio-icono-en-la-categoria-vinculacion-con-la-industria-para-la-generacion-de-proyecto-idi\/"]}]},{"@type":"ImageObject","inLanguage":"es","@id":"https:\/\/ingenieria.udd.cl\/ii\/2021\/12\/21\/direccion-de-innovacion-recibe-premio-icono-en-la-categoria-vinculacion-con-la-industria-para-la-generacion-de-proyecto-idi\/#primaryimage","url":"https:\/\/ingenieria.udd.cl\/ii\/files\/2021\/12\/Captura-de-Pantalla-2021-12-21-a-las-12.25.17.png","contentUrl":"https:\/\/ingenieria.udd.cl\/ii\/files\/2021\/12\/Captura-de-Pantalla-2021-12-21-a-las-12.25.17.png","width":715,"height":708},{"@type":"BreadcrumbList","@id":"https:\/\/ingenieria.udd.cl\/ii\/2021\/12\/21\/direccion-de-innovacion-recibe-premio-icono-en-la-categoria-vinculacion-con-la-industria-para-la-generacion-de-proyecto-idi\/#breadcrumb","itemListElement":[{"@type":"ListItem","position":1,"name":"Portada","item":"https:\/\/ingenieria.udd.cl\/ii\/"},{"@type":"ListItem","position":2,"name":"Direcci\u00f3n de Innovaci\u00f3n recibe premio iCono en la categor\u00eda \u201cVinculaci\u00f3n con la industria para la generaci\u00f3n de proyecto I+D+i\u201d"}]},{"@type":"WebSite","@id":"https:\/\/ingenieria.udd.cl\/ii\/#website","url":"https:\/\/ingenieria.udd.cl\/ii\/","name":"Innovaci\u00f3n Ingenier\u00eda","description":"Otro sitio m\u00e1s de Ingenieria","inLanguage":"es"},{"@type":"Person","@id":"https:\/\/ingenieria.udd.cl\/ii\/#\/schema\/person\/1bc62a1a9a844eac900d3cbed49257ae","name":"innovacioning","image":{"@type":"ImageObject","inLanguage":"es","@id":"https:\/\/ingenieria.udd.cl\/ii\/#\/schema\/person\/image\/","url":"https:\/\/secure.gravatar.com\/avatar\/ad6f915cae0f525cea1bbd2b78b598f56cf980449fbbaef05e9d6271fb154710?s=96&d=mm&r=g","contentUrl":"https:\/\/secure.gravatar.com\/avatar\/ad6f915cae0f525cea1bbd2b78b598f56cf980449fbbaef05e9d6271fb154710?s=96&d=mm&r=g","caption":"innovacioning"},"url":"https:\/\/ingenieria.udd.cl\/ii\/author\/innovacioning\/"}]}},"featured_image_url":"https:\/\/ingenieria.udd.cl\/ii\/files\/2021\/12\/Captura-de-Pantalla-2021-12-21-a-las-12.25.17.png","_links":{"self":[{"href":"https:\/\/ingenieria.udd.cl\/ii\/wp-json\/wp\/v2\/posts\/2260","targetHints":{"allow":["GET"]}}],"collection":[{"href":"https:\/\/ingenieria.udd.cl\/ii\/wp-json\/wp\/v2\/posts"}],"about":[{"href":"https:\/\/ingenieria.udd.cl\/ii\/wp-json\/wp\/v2\/types\/post"}],"author":[{"embeddable":true,"href":"https:\/\/ingenieria.udd.cl\/ii\/wp-json\/wp\/v2\/users\/9192225"}],"replies":[{"embeddable":true,"href":"https:\/\/ingenieria.udd.cl\/ii\/wp-json\/wp\/v2\/comments?post=2260"}],"version-history":[{"count":6,"href":"https:\/\/ingenieria.udd.cl\/ii\/wp-json\/wp\/v2\/posts\/2260\/revisions"}],"predecessor-version":[{"id":2321,"href":"https:\/\/ingenieria.udd.cl\/ii\/wp-json\/wp\/v2\/posts\/2260\/revisions\/2321"}],"wp:featuredmedia":[{"embeddable":true,"href":"https:\/\/ingenieria.udd.cl\/ii\/wp-json\/wp\/v2\/media\/2261"}],"wp:attachment":[{"href":"https:\/\/ingenieria.udd.cl\/ii\/wp-json\/wp\/v2\/media?parent=2260"}],"wp:term":[{"taxonomy":"category","embeddable":true,"href":"https:\/\/ingenieria.udd.cl\/ii\/wp-json\/wp\/v2\/categories?post=2260"},{"taxonomy":"post_tag","embeddable":true,"href":"https:\/\/ingenieria.udd.cl\/ii\/wp-json\/wp\/v2\/tags?post=2260"}],"curies":[{"name":"wp","href":"https:\/\/api.w.org\/{rel}","templated":true}]}}