{"id":2305,"date":"2021-12-23T16:27:58","date_gmt":"2021-12-23T15:27:58","guid":{"rendered":"https:\/\/ingenieria.udd.cl\/ii\/?p=2305"},"modified":"2022-02-28T18:04:21","modified_gmt":"2022-02-28T17:04:21","slug":"investigadores-lanzan-video-donde-se-evidencia-presencia-de-gas-responsable-entre-el-6-y-12-de-la-temperatura-global","status":"publish","type":"post","link":"https:\/\/ingenieria.udd.cl\/ii\/2021\/12\/23\/investigadores-lanzan-video-donde-se-evidencia-presencia-de-gas-responsable-entre-el-6-y-12-de-la-temperatura-global\/","title":{"rendered":"Investigadores lanzan video donde se evidencia presencia de gas responsable entre el 6% y 12% de la temperatura global"},"content":{"rendered":"\n<p>\u201cUn gas\nolvidado\u201d: As\u00ed se llama el proyecto de Winds of Change, iniciativa que re\u00fane a\nestudiantes de Posgrado de Nueva Zelanda y Chile para investigar problemas\ncomunes del cambio clim\u00e1tico y crear estrategias de desarrollo sostenible en el\nfuturo. La investigaci\u00f3n consisti\u00f3 en dar a conocer y generar conciencia de la\npresencia de \u00d3xido Nitroso en suelos agr\u00edcolas, un gas de efecto invernadero\nque genera mayor calentamiento global que el conocido Co2 y que afecta\ndirectamente al cambio clim\u00e1tico. <\/p>\n\n\n\n<p>El \u00d3xido Nitroso, se produce como consecuencia de\nla mezcla entre la orina y excremento de los animales (como vacas y ovejas) y\nlos fertilizantes basados en Nitr\u00f3geno, siendo as\u00ed 300 veces m\u00e1s grande que el\nCo2, tomando en cuenta la misma cantidad de volumen. De hecho, se considera que\neste gas es el responsable entre el 6% y 12% de la temperatura que ha ido\naumentando en la Tierra durante los \u00faltimos a\u00f1os y que adem\u00e1s tiene una\nduraci\u00f3n de alrededor de 114 a\u00f1os en el planeta. <\/p>\n\n\n\n<p>En la investigaci\u00f3n participaron investigadores\ndel Centro de Tecnolog\u00edas para la Sociedad de la Universidad del Desarrollo en\nconjunto con dos investigadores del Centro Cient\u00edfico CEAZA y Beef + Lamb de\nNueva Zelanda. &nbsp;Al respecto, Carolina\nTrujillo, investigadora del Centro de Tecnolog\u00edas para la Sociedad y una de las\nintegrantes del proyecto, se\u00f1al\u00f3 que \u201cen el grupo que me toc\u00f3 est\u00e1bamos\ninteresados en el Food Security, as\u00ed que empezamos a analizar las emisiones de\nla agricultura y ganader\u00eda y nos encontramos con este gas. Queremos que los\nagricultores sean conscientes del problema, que comprendan c\u00f3mo calcular sus\nemisiones y c\u00f3mo se pueden reducir &#8230; y que intenten hacer algo al respecto\u201d. <\/p>\n\n\n\n<p>Pero, \u00bfc\u00f3mo mitigar el efecto de \u00d3xido Nitroso? A\nra\u00edz de esta investigaci\u00f3n, Winds of Change entreg\u00f3 algunas ideas con\nsoluciones para este tema. Por ejemplo, los agricultores podr\u00edan reducir la\ncantidad de emisiones de este gas mediante la cantidad de Nitr\u00f3geno excretada\npor el ganado. Esto, se puede llevar a cabo asegur\u00e1ndose que la dieta de los\nanimales no sea demasiado rica en prote\u00ednas, ya que cualquier exceso es\nexcretado como Nitr\u00f3geno. <\/p>\n\n\n\n<p>Otro dato importante, es que las plantas y \u00e1rboles\npueden absorber Nitr\u00f3geno para su crecimiento, por lo que los agricultores\npodr\u00edan asegurarse que las plantas utilicen este gas como sea posible, para que\nas\u00ed cualquier exceso no se convierta en \u00d3xido Nitroso. Por \u00faltimo, los\nagricultores podr\u00edan mitigar el efecto de las emisiones de \u00d3xido Nitroso sobre\nel calentamiento a trav\u00e9s de la secuestraci\u00f3n de Carbono. <\/p>\n\n\n\n<p>Respecto a las alternativas entregadas para\nsolucionar el crecimiento de este gas, Nicholas Jolly, integrante de la\nInvestigaci\u00f3n, se\u00f1al\u00f3 que \u201cva a depender de cada granja o agricultor en\nparticular la soluci\u00f3n que elijan, ya que cada una es diferente y por lo tanto\ncada una tendr\u00e1 que usar diferentes t\u00e9cnicas de gesti\u00f3n para abordar las\nemisiones de \u00d3xido Nitroso. Tal vez podr\u00eda ser plantar \u00e1rboles para compensar\nlas emisiones, para otras el uso de nuevas tecnolog\u00edas como inhibidores de\nnitrificaci\u00f3n o cambiar el tipo de comida de los animales\u201d. <\/p>\n\n\n\n<figure class=\"wp-block-embed-youtube wp-block-embed is-type-video is-provider-youtube wp-embed-aspect-16-9 wp-has-aspect-ratio\"><div class=\"wp-block-embed__wrapper\">\n<iframe loading=\"lazy\" title=\"Winds of Change 2021: A Forgotten Gas | Un Gas Olvidado\" width=\"500\" height=\"281\" src=\"https:\/\/www.youtube.com\/embed\/X2Pet9MNVHM?feature=oembed\" frameborder=\"0\" allow=\"accelerometer; autoplay; clipboard-write; encrypted-media; gyroscope; picture-in-picture; web-share\" referrerpolicy=\"strict-origin-when-cross-origin\" allowfullscreen><\/iframe>\n<\/div><\/figure>\n","protected":false},"excerpt":{"rendered":"<p>\u201cUn gas olvidado\u201d: As\u00ed se llama el proyecto de Winds of Change, iniciativa que re\u00fane a estudiantes de Posgrado de Nueva Zelanda y Chile para investigar problemas comunes del cambio clim\u00e1tico y crear estrategias de desarrollo sostenible en el futuro. La investigaci\u00f3n consisti\u00f3 en dar a conocer y generar conciencia de la presencia de \u00d3xido [&hellip;]<\/p>\n","protected":false},"author":9192225,"featured_media":2307,"comment_status":"open","ping_status":"open","sticky":false,"template":"","format":"standard","meta":{"footnotes":""},"categories":[22,2],"tags":[],"class_list":["post-2305","post","type-post","status-publish","format-standard","has-post-thumbnail","hentry","category-centro-de-investigacion-de-tecnologias-para-la-sociedad","category-iinoticias"],"yoast_head":"<!-- This site is optimized with the Yoast SEO plugin v26.9 - https:\/\/yoast.com\/product\/yoast-seo-wordpress\/ -->\n<title>Investigadores lanzan video donde se evidencia presencia de gas responsable entre el 6% y 12% de la temperatura global - Innovaci\u00f3n Ingenier\u00eda<\/title>\n<meta name=\"robots\" content=\"index, follow, max-snippet:-1, max-image-preview:large, max-video-preview:-1\" \/>\n<link rel=\"canonical\" href=\"https:\/\/ingenieria.udd.cl\/ii\/2021\/12\/23\/investigadores-lanzan-video-donde-se-evidencia-presencia-de-gas-responsable-entre-el-6-y-12-de-la-temperatura-global\/\" \/>\n<meta property=\"og:locale\" content=\"es_ES\" \/>\n<meta property=\"og:type\" content=\"article\" \/>\n<meta property=\"og:title\" content=\"Investigadores lanzan video donde se evidencia presencia de gas responsable entre el 6% y 12% de la temperatura global - Innovaci\u00f3n Ingenier\u00eda\" \/>\n<meta property=\"og:description\" content=\"\u201cUn gas olvidado\u201d: As\u00ed se llama el proyecto de Winds of Change, iniciativa que re\u00fane a estudiantes de Posgrado de Nueva Zelanda y Chile para investigar problemas comunes del cambio clim\u00e1tico y crear estrategias de desarrollo sostenible en el futuro. La investigaci\u00f3n consisti\u00f3 en dar a conocer y generar conciencia de la presencia de \u00d3xido [&hellip;]\" \/>\n<meta property=\"og:url\" content=\"https:\/\/ingenieria.udd.cl\/ii\/2021\/12\/23\/investigadores-lanzan-video-donde-se-evidencia-presencia-de-gas-responsable-entre-el-6-y-12-de-la-temperatura-global\/\" \/>\n<meta property=\"og:site_name\" content=\"Innovaci\u00f3n Ingenier\u00eda\" \/>\n<meta property=\"article:published_time\" content=\"2021-12-23T15:27:58+00:00\" \/>\n<meta property=\"article:modified_time\" content=\"2022-02-28T17:04:21+00:00\" \/>\n<meta property=\"og:image\" content=\"https:\/\/ingenieria.udd.cl\/ii\/files\/2021\/12\/WhatsApp-Image-2021-12-23-at-12.27.09.jpeg\" \/>\n\t<meta property=\"og:image:width\" content=\"1600\" \/>\n\t<meta property=\"og:image:height\" content=\"810\" \/>\n\t<meta property=\"og:image:type\" content=\"image\/jpeg\" \/>\n<meta name=\"author\" content=\"innovacioning\" \/>\n<meta name=\"twitter:card\" content=\"summary_large_image\" \/>\n<meta name=\"twitter:label1\" content=\"Escrito por\" \/>\n\t<meta name=\"twitter:data1\" content=\"innovacioning\" \/>\n\t<meta name=\"twitter:label2\" content=\"Tiempo de lectura\" \/>\n\t<meta name=\"twitter:data2\" content=\"3 minutos\" \/>\n<script type=\"application\/ld+json\" class=\"yoast-schema-graph\">{\"@context\":\"https:\/\/schema.org\",\"@graph\":[{\"@type\":\"Article\",\"@id\":\"https:\/\/ingenieria.udd.cl\/ii\/2021\/12\/23\/investigadores-lanzan-video-donde-se-evidencia-presencia-de-gas-responsable-entre-el-6-y-12-de-la-temperatura-global\/#article\",\"isPartOf\":{\"@id\":\"https:\/\/ingenieria.udd.cl\/ii\/2021\/12\/23\/investigadores-lanzan-video-donde-se-evidencia-presencia-de-gas-responsable-entre-el-6-y-12-de-la-temperatura-global\/\"},\"author\":{\"name\":\"innovacioning\",\"@id\":\"https:\/\/ingenieria.udd.cl\/ii\/#\/schema\/person\/1bc62a1a9a844eac900d3cbed49257ae\"},\"headline\":\"Investigadores lanzan video donde se evidencia presencia de gas responsable entre el 6% y 12% de la temperatura global\",\"datePublished\":\"2021-12-23T15:27:58+00:00\",\"dateModified\":\"2022-02-28T17:04:21+00:00\",\"mainEntityOfPage\":{\"@id\":\"https:\/\/ingenieria.udd.cl\/ii\/2021\/12\/23\/investigadores-lanzan-video-donde-se-evidencia-presencia-de-gas-responsable-entre-el-6-y-12-de-la-temperatura-global\/\"},\"wordCount\":570,\"commentCount\":0,\"image\":{\"@id\":\"https:\/\/ingenieria.udd.cl\/ii\/2021\/12\/23\/investigadores-lanzan-video-donde-se-evidencia-presencia-de-gas-responsable-entre-el-6-y-12-de-la-temperatura-global\/#primaryimage\"},\"thumbnailUrl\":\"https:\/\/ingenieria.udd.cl\/ii\/files\/2021\/12\/WhatsApp-Image-2021-12-23-at-12.27.09.jpeg\",\"articleSection\":[\"Centro de Investigaci\u00f3n de Tecnolog\u00edas para la Sociedad\",\"Noticias\"],\"inLanguage\":\"es\",\"potentialAction\":[{\"@type\":\"CommentAction\",\"name\":\"Comment\",\"target\":[\"https:\/\/ingenieria.udd.cl\/ii\/2021\/12\/23\/investigadores-lanzan-video-donde-se-evidencia-presencia-de-gas-responsable-entre-el-6-y-12-de-la-temperatura-global\/#respond\"]}]},{\"@type\":\"WebPage\",\"@id\":\"https:\/\/ingenieria.udd.cl\/ii\/2021\/12\/23\/investigadores-lanzan-video-donde-se-evidencia-presencia-de-gas-responsable-entre-el-6-y-12-de-la-temperatura-global\/\",\"url\":\"https:\/\/ingenieria.udd.cl\/ii\/2021\/12\/23\/investigadores-lanzan-video-donde-se-evidencia-presencia-de-gas-responsable-entre-el-6-y-12-de-la-temperatura-global\/\",\"name\":\"Investigadores lanzan video donde se evidencia presencia de gas responsable entre el 6% y 12% de la temperatura global - Innovaci\u00f3n Ingenier\u00eda\",\"isPartOf\":{\"@id\":\"https:\/\/ingenieria.udd.cl\/ii\/#website\"},\"primaryImageOfPage\":{\"@id\":\"https:\/\/ingenieria.udd.cl\/ii\/2021\/12\/23\/investigadores-lanzan-video-donde-se-evidencia-presencia-de-gas-responsable-entre-el-6-y-12-de-la-temperatura-global\/#primaryimage\"},\"image\":{\"@id\":\"https:\/\/ingenieria.udd.cl\/ii\/2021\/12\/23\/investigadores-lanzan-video-donde-se-evidencia-presencia-de-gas-responsable-entre-el-6-y-12-de-la-temperatura-global\/#primaryimage\"},\"thumbnailUrl\":\"https:\/\/ingenieria.udd.cl\/ii\/files\/2021\/12\/WhatsApp-Image-2021-12-23-at-12.27.09.jpeg\",\"datePublished\":\"2021-12-23T15:27:58+00:00\",\"dateModified\":\"2022-02-28T17:04:21+00:00\",\"author\":{\"@id\":\"https:\/\/ingenieria.udd.cl\/ii\/#\/schema\/person\/1bc62a1a9a844eac900d3cbed49257ae\"},\"breadcrumb\":{\"@id\":\"https:\/\/ingenieria.udd.cl\/ii\/2021\/12\/23\/investigadores-lanzan-video-donde-se-evidencia-presencia-de-gas-responsable-entre-el-6-y-12-de-la-temperatura-global\/#breadcrumb\"},\"inLanguage\":\"es\",\"potentialAction\":[{\"@type\":\"ReadAction\",\"target\":[\"https:\/\/ingenieria.udd.cl\/ii\/2021\/12\/23\/investigadores-lanzan-video-donde-se-evidencia-presencia-de-gas-responsable-entre-el-6-y-12-de-la-temperatura-global\/\"]}]},{\"@type\":\"ImageObject\",\"inLanguage\":\"es\",\"@id\":\"https:\/\/ingenieria.udd.cl\/ii\/2021\/12\/23\/investigadores-lanzan-video-donde-se-evidencia-presencia-de-gas-responsable-entre-el-6-y-12-de-la-temperatura-global\/#primaryimage\",\"url\":\"https:\/\/ingenieria.udd.cl\/ii\/files\/2021\/12\/WhatsApp-Image-2021-12-23-at-12.27.09.jpeg\",\"contentUrl\":\"https:\/\/ingenieria.udd.cl\/ii\/files\/2021\/12\/WhatsApp-Image-2021-12-23-at-12.27.09.jpeg\",\"width\":1600,\"height\":810},{\"@type\":\"BreadcrumbList\",\"@id\":\"https:\/\/ingenieria.udd.cl\/ii\/2021\/12\/23\/investigadores-lanzan-video-donde-se-evidencia-presencia-de-gas-responsable-entre-el-6-y-12-de-la-temperatura-global\/#breadcrumb\",\"itemListElement\":[{\"@type\":\"ListItem\",\"position\":1,\"name\":\"Portada\",\"item\":\"https:\/\/ingenieria.udd.cl\/ii\/\"},{\"@type\":\"ListItem\",\"position\":2,\"name\":\"Investigadores lanzan video donde se evidencia presencia de gas responsable entre el 6% y 12% de la temperatura global\"}]},{\"@type\":\"WebSite\",\"@id\":\"https:\/\/ingenieria.udd.cl\/ii\/#website\",\"url\":\"https:\/\/ingenieria.udd.cl\/ii\/\",\"name\":\"Innovaci\u00f3n Ingenier\u00eda\",\"description\":\"Otro sitio m\u00e1s de Ingenieria\",\"inLanguage\":\"es\"},{\"@type\":\"Person\",\"@id\":\"https:\/\/ingenieria.udd.cl\/ii\/#\/schema\/person\/1bc62a1a9a844eac900d3cbed49257ae\",\"name\":\"innovacioning\",\"image\":{\"@type\":\"ImageObject\",\"inLanguage\":\"es\",\"@id\":\"https:\/\/ingenieria.udd.cl\/ii\/#\/schema\/person\/image\/\",\"url\":\"https:\/\/secure.gravatar.com\/avatar\/ad6f915cae0f525cea1bbd2b78b598f56cf980449fbbaef05e9d6271fb154710?s=96&d=mm&r=g\",\"contentUrl\":\"https:\/\/secure.gravatar.com\/avatar\/ad6f915cae0f525cea1bbd2b78b598f56cf980449fbbaef05e9d6271fb154710?s=96&d=mm&r=g\",\"caption\":\"innovacioning\"},\"url\":\"https:\/\/ingenieria.udd.cl\/ii\/author\/innovacioning\/\"}]}<\/script>\n<!-- \/ Yoast SEO plugin. -->","yoast_head_json":{"title":"Investigadores lanzan video donde se evidencia presencia de gas responsable entre el 6% y 12% de la temperatura global - Innovaci\u00f3n Ingenier\u00eda","robots":{"index":"index","follow":"follow","max-snippet":"max-snippet:-1","max-image-preview":"max-image-preview:large","max-video-preview":"max-video-preview:-1"},"canonical":"https:\/\/ingenieria.udd.cl\/ii\/2021\/12\/23\/investigadores-lanzan-video-donde-se-evidencia-presencia-de-gas-responsable-entre-el-6-y-12-de-la-temperatura-global\/","og_locale":"es_ES","og_type":"article","og_title":"Investigadores lanzan video donde se evidencia presencia de gas responsable entre el 6% y 12% de la temperatura global - Innovaci\u00f3n Ingenier\u00eda","og_description":"\u201cUn gas olvidado\u201d: As\u00ed se llama el proyecto de Winds of Change, iniciativa que re\u00fane a estudiantes de Posgrado de Nueva Zelanda y Chile para investigar problemas comunes del cambio clim\u00e1tico y crear estrategias de desarrollo sostenible en el futuro. La investigaci\u00f3n consisti\u00f3 en dar a conocer y generar conciencia de la presencia de \u00d3xido [&hellip;]","og_url":"https:\/\/ingenieria.udd.cl\/ii\/2021\/12\/23\/investigadores-lanzan-video-donde-se-evidencia-presencia-de-gas-responsable-entre-el-6-y-12-de-la-temperatura-global\/","og_site_name":"Innovaci\u00f3n Ingenier\u00eda","article_published_time":"2021-12-23T15:27:58+00:00","article_modified_time":"2022-02-28T17:04:21+00:00","og_image":[{"width":1600,"height":810,"url":"https:\/\/ingenieria.udd.cl\/ii\/files\/2021\/12\/WhatsApp-Image-2021-12-23-at-12.27.09.jpeg","type":"image\/jpeg"}],"author":"innovacioning","twitter_card":"summary_large_image","twitter_misc":{"Escrito por":"innovacioning","Tiempo de lectura":"3 minutos"},"schema":{"@context":"https:\/\/schema.org","@graph":[{"@type":"Article","@id":"https:\/\/ingenieria.udd.cl\/ii\/2021\/12\/23\/investigadores-lanzan-video-donde-se-evidencia-presencia-de-gas-responsable-entre-el-6-y-12-de-la-temperatura-global\/#article","isPartOf":{"@id":"https:\/\/ingenieria.udd.cl\/ii\/2021\/12\/23\/investigadores-lanzan-video-donde-se-evidencia-presencia-de-gas-responsable-entre-el-6-y-12-de-la-temperatura-global\/"},"author":{"name":"innovacioning","@id":"https:\/\/ingenieria.udd.cl\/ii\/#\/schema\/person\/1bc62a1a9a844eac900d3cbed49257ae"},"headline":"Investigadores lanzan video donde se evidencia presencia de gas responsable entre el 6% y 12% de la temperatura global","datePublished":"2021-12-23T15:27:58+00:00","dateModified":"2022-02-28T17:04:21+00:00","mainEntityOfPage":{"@id":"https:\/\/ingenieria.udd.cl\/ii\/2021\/12\/23\/investigadores-lanzan-video-donde-se-evidencia-presencia-de-gas-responsable-entre-el-6-y-12-de-la-temperatura-global\/"},"wordCount":570,"commentCount":0,"image":{"@id":"https:\/\/ingenieria.udd.cl\/ii\/2021\/12\/23\/investigadores-lanzan-video-donde-se-evidencia-presencia-de-gas-responsable-entre-el-6-y-12-de-la-temperatura-global\/#primaryimage"},"thumbnailUrl":"https:\/\/ingenieria.udd.cl\/ii\/files\/2021\/12\/WhatsApp-Image-2021-12-23-at-12.27.09.jpeg","articleSection":["Centro de Investigaci\u00f3n de Tecnolog\u00edas para la Sociedad","Noticias"],"inLanguage":"es","potentialAction":[{"@type":"CommentAction","name":"Comment","target":["https:\/\/ingenieria.udd.cl\/ii\/2021\/12\/23\/investigadores-lanzan-video-donde-se-evidencia-presencia-de-gas-responsable-entre-el-6-y-12-de-la-temperatura-global\/#respond"]}]},{"@type":"WebPage","@id":"https:\/\/ingenieria.udd.cl\/ii\/2021\/12\/23\/investigadores-lanzan-video-donde-se-evidencia-presencia-de-gas-responsable-entre-el-6-y-12-de-la-temperatura-global\/","url":"https:\/\/ingenieria.udd.cl\/ii\/2021\/12\/23\/investigadores-lanzan-video-donde-se-evidencia-presencia-de-gas-responsable-entre-el-6-y-12-de-la-temperatura-global\/","name":"Investigadores lanzan video donde se evidencia presencia de gas responsable entre el 6% y 12% de la temperatura global - Innovaci\u00f3n Ingenier\u00eda","isPartOf":{"@id":"https:\/\/ingenieria.udd.cl\/ii\/#website"},"primaryImageOfPage":{"@id":"https:\/\/ingenieria.udd.cl\/ii\/2021\/12\/23\/investigadores-lanzan-video-donde-se-evidencia-presencia-de-gas-responsable-entre-el-6-y-12-de-la-temperatura-global\/#primaryimage"},"image":{"@id":"https:\/\/ingenieria.udd.cl\/ii\/2021\/12\/23\/investigadores-lanzan-video-donde-se-evidencia-presencia-de-gas-responsable-entre-el-6-y-12-de-la-temperatura-global\/#primaryimage"},"thumbnailUrl":"https:\/\/ingenieria.udd.cl\/ii\/files\/2021\/12\/WhatsApp-Image-2021-12-23-at-12.27.09.jpeg","datePublished":"2021-12-23T15:27:58+00:00","dateModified":"2022-02-28T17:04:21+00:00","author":{"@id":"https:\/\/ingenieria.udd.cl\/ii\/#\/schema\/person\/1bc62a1a9a844eac900d3cbed49257ae"},"breadcrumb":{"@id":"https:\/\/ingenieria.udd.cl\/ii\/2021\/12\/23\/investigadores-lanzan-video-donde-se-evidencia-presencia-de-gas-responsable-entre-el-6-y-12-de-la-temperatura-global\/#breadcrumb"},"inLanguage":"es","potentialAction":[{"@type":"ReadAction","target":["https:\/\/ingenieria.udd.cl\/ii\/2021\/12\/23\/investigadores-lanzan-video-donde-se-evidencia-presencia-de-gas-responsable-entre-el-6-y-12-de-la-temperatura-global\/"]}]},{"@type":"ImageObject","inLanguage":"es","@id":"https:\/\/ingenieria.udd.cl\/ii\/2021\/12\/23\/investigadores-lanzan-video-donde-se-evidencia-presencia-de-gas-responsable-entre-el-6-y-12-de-la-temperatura-global\/#primaryimage","url":"https:\/\/ingenieria.udd.cl\/ii\/files\/2021\/12\/WhatsApp-Image-2021-12-23-at-12.27.09.jpeg","contentUrl":"https:\/\/ingenieria.udd.cl\/ii\/files\/2021\/12\/WhatsApp-Image-2021-12-23-at-12.27.09.jpeg","width":1600,"height":810},{"@type":"BreadcrumbList","@id":"https:\/\/ingenieria.udd.cl\/ii\/2021\/12\/23\/investigadores-lanzan-video-donde-se-evidencia-presencia-de-gas-responsable-entre-el-6-y-12-de-la-temperatura-global\/#breadcrumb","itemListElement":[{"@type":"ListItem","position":1,"name":"Portada","item":"https:\/\/ingenieria.udd.cl\/ii\/"},{"@type":"ListItem","position":2,"name":"Investigadores lanzan video donde se evidencia presencia de gas responsable entre el 6% y 12% de la temperatura global"}]},{"@type":"WebSite","@id":"https:\/\/ingenieria.udd.cl\/ii\/#website","url":"https:\/\/ingenieria.udd.cl\/ii\/","name":"Innovaci\u00f3n Ingenier\u00eda","description":"Otro sitio m\u00e1s de Ingenieria","inLanguage":"es"},{"@type":"Person","@id":"https:\/\/ingenieria.udd.cl\/ii\/#\/schema\/person\/1bc62a1a9a844eac900d3cbed49257ae","name":"innovacioning","image":{"@type":"ImageObject","inLanguage":"es","@id":"https:\/\/ingenieria.udd.cl\/ii\/#\/schema\/person\/image\/","url":"https:\/\/secure.gravatar.com\/avatar\/ad6f915cae0f525cea1bbd2b78b598f56cf980449fbbaef05e9d6271fb154710?s=96&d=mm&r=g","contentUrl":"https:\/\/secure.gravatar.com\/avatar\/ad6f915cae0f525cea1bbd2b78b598f56cf980449fbbaef05e9d6271fb154710?s=96&d=mm&r=g","caption":"innovacioning"},"url":"https:\/\/ingenieria.udd.cl\/ii\/author\/innovacioning\/"}]}},"featured_image_url":"https:\/\/ingenieria.udd.cl\/ii\/files\/2021\/12\/WhatsApp-Image-2021-12-23-at-12.27.09.jpeg","_links":{"self":[{"href":"https:\/\/ingenieria.udd.cl\/ii\/wp-json\/wp\/v2\/posts\/2305","targetHints":{"allow":["GET"]}}],"collection":[{"href":"https:\/\/ingenieria.udd.cl\/ii\/wp-json\/wp\/v2\/posts"}],"about":[{"href":"https:\/\/ingenieria.udd.cl\/ii\/wp-json\/wp\/v2\/types\/post"}],"author":[{"embeddable":true,"href":"https:\/\/ingenieria.udd.cl\/ii\/wp-json\/wp\/v2\/users\/9192225"}],"replies":[{"embeddable":true,"href":"https:\/\/ingenieria.udd.cl\/ii\/wp-json\/wp\/v2\/comments?post=2305"}],"version-history":[{"count":1,"href":"https:\/\/ingenieria.udd.cl\/ii\/wp-json\/wp\/v2\/posts\/2305\/revisions"}],"predecessor-version":[{"id":2308,"href":"https:\/\/ingenieria.udd.cl\/ii\/wp-json\/wp\/v2\/posts\/2305\/revisions\/2308"}],"wp:featuredmedia":[{"embeddable":true,"href":"https:\/\/ingenieria.udd.cl\/ii\/wp-json\/wp\/v2\/media\/2307"}],"wp:attachment":[{"href":"https:\/\/ingenieria.udd.cl\/ii\/wp-json\/wp\/v2\/media?parent=2305"}],"wp:term":[{"taxonomy":"category","embeddable":true,"href":"https:\/\/ingenieria.udd.cl\/ii\/wp-json\/wp\/v2\/categories?post=2305"},{"taxonomy":"post_tag","embeddable":true,"href":"https:\/\/ingenieria.udd.cl\/ii\/wp-json\/wp\/v2\/tags?post=2305"}],"curies":[{"name":"wp","href":"https:\/\/api.w.org\/{rel}","templated":true}]}}