{"id":2346,"date":"2022-01-20T13:55:52","date_gmt":"2022-01-20T12:55:52","guid":{"rendered":"https:\/\/ingenieria.udd.cl\/ii\/?p=2346"},"modified":"2022-01-20T13:55:53","modified_gmt":"2022-01-20T12:55:53","slug":"direccion-de-innovacion-udd-se-adjudica-dos-fondecyt","status":"publish","type":"post","link":"https:\/\/ingenieria.udd.cl\/ii\/2022\/01\/20\/direccion-de-innovacion-udd-se-adjudica-dos-fondecyt\/","title":{"rendered":"Direcci\u00f3n de Innovaci\u00f3n UDD se adjudica dos Fondecyt"},"content":{"rendered":"\n<p>Dos investigadores de la Direcci\u00f3n de Innovaci\u00f3n de la Universidad del Desarrollo, perteneciente a la Facultad de Ingenier\u00eda, se adjudicaron dos Fondos Nacionales de Desarrollo Cient\u00edfico y Tecnol\u00f3gico (Fondecyt). Estos fondos tienen como objetivo estimular y promover el desarrollo de la investigaci\u00f3n a trav\u00e9s de tecnolog\u00edas que beneficien a la sociedad en general. <\/p>\n\n\n\n<p>Uno de los proyectos que obtuvo esta adjudicaci\u00f3n, es la iniciativa creada por Juan Ugalde, investigador del Centro de Tecnolog\u00edas para la Sociedad (C+), el cual tiene como objetivo estudiar la diversidad de microorganismos que habitan en las ciudades. Este estudio de microbioma urbano, ya hab\u00eda comenzado hace alg\u00fan tiempo con investigaciones en diferentes pa\u00edses del mundo, incluyendo a Chile, por lo que ahora se va a centrar en la investigaci\u00f3n de microorganismos en las ciudades de Calama, Santiago y Coyhaique y la comparaci\u00f3n de estos resultados con la resistencia de los antibi\u00f3ticos usados por las personas. <\/p>\n\n\n\n<p>Por otra parte, la investigadora del C+, Zoe Flemming, se adjudic\u00f3 uno de estos fondos por el proyecto \u201cEvaluaci\u00f3n integrada de la contaminaci\u00f3n del aire en territorios contrastantes de Chile\u00bb. Esta investigaci\u00f3n, tiene como objetivo medir la contaminaci\u00f3n del aire en 3 zonas diferentes de nuestro pa\u00eds -Zona Norte, Central y Sur- con el fin de poder comparar los resultados y dar cuenta de los diferentes problemas ambientales con los que vive la gente en cada territorio. Por ejemplo, la incidencia que tiene el uso de la le\u00f1a durante el invierno en el sur o la contaminaci\u00f3n producida por las mineras en el norte. <\/p>\n","protected":false},"excerpt":{"rendered":"<p>Dos investigadores de la Direcci\u00f3n de Innovaci\u00f3n de la Universidad del Desarrollo, perteneciente a la Facultad de Ingenier\u00eda, se adjudicaron dos Fondos Nacionales de Desarrollo Cient\u00edfico y Tecnol\u00f3gico (Fondecyt). Estos fondos tienen como objetivo estimular y promover el desarrollo de la investigaci\u00f3n a trav\u00e9s de tecnolog\u00edas que beneficien a la sociedad en general. Uno de [&hellip;]<\/p>\n","protected":false},"author":9192225,"featured_media":2347,"comment_status":"open","ping_status":"open","sticky":false,"template":"","format":"standard","meta":{"footnotes":""},"categories":[22],"tags":[],"class_list":["post-2346","post","type-post","status-publish","format-standard","has-post-thumbnail","hentry","category-centro-de-investigacion-de-tecnologias-para-la-sociedad"],"yoast_head":"<!-- This site is optimized with the Yoast SEO plugin v26.9 - https:\/\/yoast.com\/product\/yoast-seo-wordpress\/ -->\n<title>Direcci\u00f3n de Innovaci\u00f3n UDD se adjudica dos Fondecyt - Innovaci\u00f3n Ingenier\u00eda<\/title>\n<meta name=\"robots\" content=\"index, follow, max-snippet:-1, max-image-preview:large, max-video-preview:-1\" \/>\n<link rel=\"canonical\" href=\"https:\/\/ingenieria.udd.cl\/ii\/2022\/01\/20\/direccion-de-innovacion-udd-se-adjudica-dos-fondecyt\/\" \/>\n<meta property=\"og:locale\" content=\"es_ES\" \/>\n<meta property=\"og:type\" content=\"article\" \/>\n<meta property=\"og:title\" content=\"Direcci\u00f3n de Innovaci\u00f3n UDD se adjudica dos Fondecyt - Innovaci\u00f3n Ingenier\u00eda\" \/>\n<meta property=\"og:description\" content=\"Dos investigadores de la Direcci\u00f3n de Innovaci\u00f3n de la Universidad del Desarrollo, perteneciente a la Facultad de Ingenier\u00eda, se adjudicaron dos Fondos Nacionales de Desarrollo Cient\u00edfico y Tecnol\u00f3gico (Fondecyt). Estos fondos tienen como objetivo estimular y promover el desarrollo de la investigaci\u00f3n a trav\u00e9s de tecnolog\u00edas que beneficien a la sociedad en general. Uno de [&hellip;]\" \/>\n<meta property=\"og:url\" content=\"https:\/\/ingenieria.udd.cl\/ii\/2022\/01\/20\/direccion-de-innovacion-udd-se-adjudica-dos-fondecyt\/\" \/>\n<meta property=\"og:site_name\" content=\"Innovaci\u00f3n Ingenier\u00eda\" \/>\n<meta property=\"article:published_time\" content=\"2022-01-20T12:55:52+00:00\" \/>\n<meta property=\"article:modified_time\" content=\"2022-01-20T12:55:53+00:00\" \/>\n<meta property=\"og:image\" content=\"https:\/\/ingenieria.udd.cl\/ii\/files\/2022\/01\/2.jpg\" \/>\n\t<meta property=\"og:image:width\" content=\"1080\" \/>\n\t<meta property=\"og:image:height\" content=\"1080\" \/>\n\t<meta property=\"og:image:type\" content=\"image\/jpeg\" \/>\n<meta name=\"author\" content=\"innovacioning\" \/>\n<meta name=\"twitter:card\" content=\"summary_large_image\" \/>\n<meta name=\"twitter:label1\" content=\"Escrito por\" \/>\n\t<meta name=\"twitter:data1\" content=\"innovacioning\" \/>\n\t<meta name=\"twitter:label2\" content=\"Tiempo de lectura\" \/>\n\t<meta name=\"twitter:data2\" content=\"1 minuto\" \/>\n<script type=\"application\/ld+json\" class=\"yoast-schema-graph\">{\"@context\":\"https:\/\/schema.org\",\"@graph\":[{\"@type\":\"Article\",\"@id\":\"https:\/\/ingenieria.udd.cl\/ii\/2022\/01\/20\/direccion-de-innovacion-udd-se-adjudica-dos-fondecyt\/#article\",\"isPartOf\":{\"@id\":\"https:\/\/ingenieria.udd.cl\/ii\/2022\/01\/20\/direccion-de-innovacion-udd-se-adjudica-dos-fondecyt\/\"},\"author\":{\"name\":\"innovacioning\",\"@id\":\"https:\/\/ingenieria.udd.cl\/ii\/#\/schema\/person\/1bc62a1a9a844eac900d3cbed49257ae\"},\"headline\":\"Direcci\u00f3n de Innovaci\u00f3n UDD se adjudica dos Fondecyt\",\"datePublished\":\"2022-01-20T12:55:52+00:00\",\"dateModified\":\"2022-01-20T12:55:53+00:00\",\"mainEntityOfPage\":{\"@id\":\"https:\/\/ingenieria.udd.cl\/ii\/2022\/01\/20\/direccion-de-innovacion-udd-se-adjudica-dos-fondecyt\/\"},\"wordCount\":286,\"commentCount\":0,\"image\":{\"@id\":\"https:\/\/ingenieria.udd.cl\/ii\/2022\/01\/20\/direccion-de-innovacion-udd-se-adjudica-dos-fondecyt\/#primaryimage\"},\"thumbnailUrl\":\"https:\/\/ingenieria.udd.cl\/ii\/files\/2022\/01\/2.jpg\",\"articleSection\":[\"Centro de Investigaci\u00f3n de Tecnolog\u00edas para la Sociedad\"],\"inLanguage\":\"es\",\"potentialAction\":[{\"@type\":\"CommentAction\",\"name\":\"Comment\",\"target\":[\"https:\/\/ingenieria.udd.cl\/ii\/2022\/01\/20\/direccion-de-innovacion-udd-se-adjudica-dos-fondecyt\/#respond\"]}]},{\"@type\":\"WebPage\",\"@id\":\"https:\/\/ingenieria.udd.cl\/ii\/2022\/01\/20\/direccion-de-innovacion-udd-se-adjudica-dos-fondecyt\/\",\"url\":\"https:\/\/ingenieria.udd.cl\/ii\/2022\/01\/20\/direccion-de-innovacion-udd-se-adjudica-dos-fondecyt\/\",\"name\":\"Direcci\u00f3n de Innovaci\u00f3n UDD se adjudica dos Fondecyt - Innovaci\u00f3n Ingenier\u00eda\",\"isPartOf\":{\"@id\":\"https:\/\/ingenieria.udd.cl\/ii\/#website\"},\"primaryImageOfPage\":{\"@id\":\"https:\/\/ingenieria.udd.cl\/ii\/2022\/01\/20\/direccion-de-innovacion-udd-se-adjudica-dos-fondecyt\/#primaryimage\"},\"image\":{\"@id\":\"https:\/\/ingenieria.udd.cl\/ii\/2022\/01\/20\/direccion-de-innovacion-udd-se-adjudica-dos-fondecyt\/#primaryimage\"},\"thumbnailUrl\":\"https:\/\/ingenieria.udd.cl\/ii\/files\/2022\/01\/2.jpg\",\"datePublished\":\"2022-01-20T12:55:52+00:00\",\"dateModified\":\"2022-01-20T12:55:53+00:00\",\"author\":{\"@id\":\"https:\/\/ingenieria.udd.cl\/ii\/#\/schema\/person\/1bc62a1a9a844eac900d3cbed49257ae\"},\"breadcrumb\":{\"@id\":\"https:\/\/ingenieria.udd.cl\/ii\/2022\/01\/20\/direccion-de-innovacion-udd-se-adjudica-dos-fondecyt\/#breadcrumb\"},\"inLanguage\":\"es\",\"potentialAction\":[{\"@type\":\"ReadAction\",\"target\":[\"https:\/\/ingenieria.udd.cl\/ii\/2022\/01\/20\/direccion-de-innovacion-udd-se-adjudica-dos-fondecyt\/\"]}]},{\"@type\":\"ImageObject\",\"inLanguage\":\"es\",\"@id\":\"https:\/\/ingenieria.udd.cl\/ii\/2022\/01\/20\/direccion-de-innovacion-udd-se-adjudica-dos-fondecyt\/#primaryimage\",\"url\":\"https:\/\/ingenieria.udd.cl\/ii\/files\/2022\/01\/2.jpg\",\"contentUrl\":\"https:\/\/ingenieria.udd.cl\/ii\/files\/2022\/01\/2.jpg\",\"width\":1080,\"height\":1080},{\"@type\":\"BreadcrumbList\",\"@id\":\"https:\/\/ingenieria.udd.cl\/ii\/2022\/01\/20\/direccion-de-innovacion-udd-se-adjudica-dos-fondecyt\/#breadcrumb\",\"itemListElement\":[{\"@type\":\"ListItem\",\"position\":1,\"name\":\"Portada\",\"item\":\"https:\/\/ingenieria.udd.cl\/ii\/\"},{\"@type\":\"ListItem\",\"position\":2,\"name\":\"Direcci\u00f3n de Innovaci\u00f3n UDD se adjudica dos Fondecyt\"}]},{\"@type\":\"WebSite\",\"@id\":\"https:\/\/ingenieria.udd.cl\/ii\/#website\",\"url\":\"https:\/\/ingenieria.udd.cl\/ii\/\",\"name\":\"Innovaci\u00f3n Ingenier\u00eda\",\"description\":\"Otro sitio m\u00e1s de Ingenieria\",\"inLanguage\":\"es\"},{\"@type\":\"Person\",\"@id\":\"https:\/\/ingenieria.udd.cl\/ii\/#\/schema\/person\/1bc62a1a9a844eac900d3cbed49257ae\",\"name\":\"innovacioning\",\"image\":{\"@type\":\"ImageObject\",\"inLanguage\":\"es\",\"@id\":\"https:\/\/ingenieria.udd.cl\/ii\/#\/schema\/person\/image\/\",\"url\":\"https:\/\/secure.gravatar.com\/avatar\/ad6f915cae0f525cea1bbd2b78b598f56cf980449fbbaef05e9d6271fb154710?s=96&d=mm&r=g\",\"contentUrl\":\"https:\/\/secure.gravatar.com\/avatar\/ad6f915cae0f525cea1bbd2b78b598f56cf980449fbbaef05e9d6271fb154710?s=96&d=mm&r=g\",\"caption\":\"innovacioning\"},\"url\":\"https:\/\/ingenieria.udd.cl\/ii\/author\/innovacioning\/\"}]}<\/script>\n<!-- \/ Yoast SEO plugin. -->","yoast_head_json":{"title":"Direcci\u00f3n de Innovaci\u00f3n UDD se adjudica dos Fondecyt - Innovaci\u00f3n Ingenier\u00eda","robots":{"index":"index","follow":"follow","max-snippet":"max-snippet:-1","max-image-preview":"max-image-preview:large","max-video-preview":"max-video-preview:-1"},"canonical":"https:\/\/ingenieria.udd.cl\/ii\/2022\/01\/20\/direccion-de-innovacion-udd-se-adjudica-dos-fondecyt\/","og_locale":"es_ES","og_type":"article","og_title":"Direcci\u00f3n de Innovaci\u00f3n UDD se adjudica dos Fondecyt - Innovaci\u00f3n Ingenier\u00eda","og_description":"Dos investigadores de la Direcci\u00f3n de Innovaci\u00f3n de la Universidad del Desarrollo, perteneciente a la Facultad de Ingenier\u00eda, se adjudicaron dos Fondos Nacionales de Desarrollo Cient\u00edfico y Tecnol\u00f3gico (Fondecyt). Estos fondos tienen como objetivo estimular y promover el desarrollo de la investigaci\u00f3n a trav\u00e9s de tecnolog\u00edas que beneficien a la sociedad en general. Uno de [&hellip;]","og_url":"https:\/\/ingenieria.udd.cl\/ii\/2022\/01\/20\/direccion-de-innovacion-udd-se-adjudica-dos-fondecyt\/","og_site_name":"Innovaci\u00f3n Ingenier\u00eda","article_published_time":"2022-01-20T12:55:52+00:00","article_modified_time":"2022-01-20T12:55:53+00:00","og_image":[{"width":1080,"height":1080,"url":"https:\/\/ingenieria.udd.cl\/ii\/files\/2022\/01\/2.jpg","type":"image\/jpeg"}],"author":"innovacioning","twitter_card":"summary_large_image","twitter_misc":{"Escrito por":"innovacioning","Tiempo de lectura":"1 minuto"},"schema":{"@context":"https:\/\/schema.org","@graph":[{"@type":"Article","@id":"https:\/\/ingenieria.udd.cl\/ii\/2022\/01\/20\/direccion-de-innovacion-udd-se-adjudica-dos-fondecyt\/#article","isPartOf":{"@id":"https:\/\/ingenieria.udd.cl\/ii\/2022\/01\/20\/direccion-de-innovacion-udd-se-adjudica-dos-fondecyt\/"},"author":{"name":"innovacioning","@id":"https:\/\/ingenieria.udd.cl\/ii\/#\/schema\/person\/1bc62a1a9a844eac900d3cbed49257ae"},"headline":"Direcci\u00f3n de Innovaci\u00f3n UDD se adjudica dos Fondecyt","datePublished":"2022-01-20T12:55:52+00:00","dateModified":"2022-01-20T12:55:53+00:00","mainEntityOfPage":{"@id":"https:\/\/ingenieria.udd.cl\/ii\/2022\/01\/20\/direccion-de-innovacion-udd-se-adjudica-dos-fondecyt\/"},"wordCount":286,"commentCount":0,"image":{"@id":"https:\/\/ingenieria.udd.cl\/ii\/2022\/01\/20\/direccion-de-innovacion-udd-se-adjudica-dos-fondecyt\/#primaryimage"},"thumbnailUrl":"https:\/\/ingenieria.udd.cl\/ii\/files\/2022\/01\/2.jpg","articleSection":["Centro de Investigaci\u00f3n de Tecnolog\u00edas para la Sociedad"],"inLanguage":"es","potentialAction":[{"@type":"CommentAction","name":"Comment","target":["https:\/\/ingenieria.udd.cl\/ii\/2022\/01\/20\/direccion-de-innovacion-udd-se-adjudica-dos-fondecyt\/#respond"]}]},{"@type":"WebPage","@id":"https:\/\/ingenieria.udd.cl\/ii\/2022\/01\/20\/direccion-de-innovacion-udd-se-adjudica-dos-fondecyt\/","url":"https:\/\/ingenieria.udd.cl\/ii\/2022\/01\/20\/direccion-de-innovacion-udd-se-adjudica-dos-fondecyt\/","name":"Direcci\u00f3n de Innovaci\u00f3n UDD se adjudica dos Fondecyt - Innovaci\u00f3n Ingenier\u00eda","isPartOf":{"@id":"https:\/\/ingenieria.udd.cl\/ii\/#website"},"primaryImageOfPage":{"@id":"https:\/\/ingenieria.udd.cl\/ii\/2022\/01\/20\/direccion-de-innovacion-udd-se-adjudica-dos-fondecyt\/#primaryimage"},"image":{"@id":"https:\/\/ingenieria.udd.cl\/ii\/2022\/01\/20\/direccion-de-innovacion-udd-se-adjudica-dos-fondecyt\/#primaryimage"},"thumbnailUrl":"https:\/\/ingenieria.udd.cl\/ii\/files\/2022\/01\/2.jpg","datePublished":"2022-01-20T12:55:52+00:00","dateModified":"2022-01-20T12:55:53+00:00","author":{"@id":"https:\/\/ingenieria.udd.cl\/ii\/#\/schema\/person\/1bc62a1a9a844eac900d3cbed49257ae"},"breadcrumb":{"@id":"https:\/\/ingenieria.udd.cl\/ii\/2022\/01\/20\/direccion-de-innovacion-udd-se-adjudica-dos-fondecyt\/#breadcrumb"},"inLanguage":"es","potentialAction":[{"@type":"ReadAction","target":["https:\/\/ingenieria.udd.cl\/ii\/2022\/01\/20\/direccion-de-innovacion-udd-se-adjudica-dos-fondecyt\/"]}]},{"@type":"ImageObject","inLanguage":"es","@id":"https:\/\/ingenieria.udd.cl\/ii\/2022\/01\/20\/direccion-de-innovacion-udd-se-adjudica-dos-fondecyt\/#primaryimage","url":"https:\/\/ingenieria.udd.cl\/ii\/files\/2022\/01\/2.jpg","contentUrl":"https:\/\/ingenieria.udd.cl\/ii\/files\/2022\/01\/2.jpg","width":1080,"height":1080},{"@type":"BreadcrumbList","@id":"https:\/\/ingenieria.udd.cl\/ii\/2022\/01\/20\/direccion-de-innovacion-udd-se-adjudica-dos-fondecyt\/#breadcrumb","itemListElement":[{"@type":"ListItem","position":1,"name":"Portada","item":"https:\/\/ingenieria.udd.cl\/ii\/"},{"@type":"ListItem","position":2,"name":"Direcci\u00f3n de Innovaci\u00f3n UDD se adjudica dos Fondecyt"}]},{"@type":"WebSite","@id":"https:\/\/ingenieria.udd.cl\/ii\/#website","url":"https:\/\/ingenieria.udd.cl\/ii\/","name":"Innovaci\u00f3n Ingenier\u00eda","description":"Otro sitio m\u00e1s de Ingenieria","inLanguage":"es"},{"@type":"Person","@id":"https:\/\/ingenieria.udd.cl\/ii\/#\/schema\/person\/1bc62a1a9a844eac900d3cbed49257ae","name":"innovacioning","image":{"@type":"ImageObject","inLanguage":"es","@id":"https:\/\/ingenieria.udd.cl\/ii\/#\/schema\/person\/image\/","url":"https:\/\/secure.gravatar.com\/avatar\/ad6f915cae0f525cea1bbd2b78b598f56cf980449fbbaef05e9d6271fb154710?s=96&d=mm&r=g","contentUrl":"https:\/\/secure.gravatar.com\/avatar\/ad6f915cae0f525cea1bbd2b78b598f56cf980449fbbaef05e9d6271fb154710?s=96&d=mm&r=g","caption":"innovacioning"},"url":"https:\/\/ingenieria.udd.cl\/ii\/author\/innovacioning\/"}]}},"featured_image_url":"https:\/\/ingenieria.udd.cl\/ii\/files\/2022\/01\/2.jpg","_links":{"self":[{"href":"https:\/\/ingenieria.udd.cl\/ii\/wp-json\/wp\/v2\/posts\/2346","targetHints":{"allow":["GET"]}}],"collection":[{"href":"https:\/\/ingenieria.udd.cl\/ii\/wp-json\/wp\/v2\/posts"}],"about":[{"href":"https:\/\/ingenieria.udd.cl\/ii\/wp-json\/wp\/v2\/types\/post"}],"author":[{"embeddable":true,"href":"https:\/\/ingenieria.udd.cl\/ii\/wp-json\/wp\/v2\/users\/9192225"}],"replies":[{"embeddable":true,"href":"https:\/\/ingenieria.udd.cl\/ii\/wp-json\/wp\/v2\/comments?post=2346"}],"version-history":[{"count":1,"href":"https:\/\/ingenieria.udd.cl\/ii\/wp-json\/wp\/v2\/posts\/2346\/revisions"}],"predecessor-version":[{"id":2348,"href":"https:\/\/ingenieria.udd.cl\/ii\/wp-json\/wp\/v2\/posts\/2346\/revisions\/2348"}],"wp:featuredmedia":[{"embeddable":true,"href":"https:\/\/ingenieria.udd.cl\/ii\/wp-json\/wp\/v2\/media\/2347"}],"wp:attachment":[{"href":"https:\/\/ingenieria.udd.cl\/ii\/wp-json\/wp\/v2\/media?parent=2346"}],"wp:term":[{"taxonomy":"category","embeddable":true,"href":"https:\/\/ingenieria.udd.cl\/ii\/wp-json\/wp\/v2\/categories?post=2346"},{"taxonomy":"post_tag","embeddable":true,"href":"https:\/\/ingenieria.udd.cl\/ii\/wp-json\/wp\/v2\/tags?post=2346"}],"curies":[{"name":"wp","href":"https:\/\/api.w.org\/{rel}","templated":true}]}}