{"id":2684,"date":"2022-08-25T19:55:32","date_gmt":"2022-08-25T17:55:32","guid":{"rendered":"https:\/\/ingenieria.udd.cl\/ii\/?p=2684"},"modified":"2022-08-25T19:55:33","modified_gmt":"2022-08-25T17:55:33","slug":"centro-de-investigacion-de-ingenieria-realiza-reunion-de-colaboracion-con-nucleo-de-biotecnologia-de-curauma-de-la-pucv","status":"publish","type":"post","link":"https:\/\/ingenieria.udd.cl\/ii\/2022\/08\/25\/centro-de-investigacion-de-ingenieria-realiza-reunion-de-colaboracion-con-nucleo-de-biotecnologia-de-curauma-de-la-pucv\/","title":{"rendered":"Centro de Investigaci\u00f3n de Ingenier\u00eda realiza reuni\u00f3n de colaboraci\u00f3n con N\u00facleo de Biotecnolog\u00eda de Curauma de la PUCV"},"content":{"rendered":"\n<p>El Centro de Investigaci\u00f3n en Tecnolog\u00edas para la Sociedad (C+) de Ingenier\u00eda UDD se reuni\u00f3 con la Directora Estrat\u00e9gica del N\u00facleo Biotecnolog\u00eda de Curauma de la Pontificia Universidad Cat\u00f3lica de Valpara\u00edso, Elba Vivanco, con el objetivo de fortalecer la relaci\u00f3n con nuestra Facultad.\u00a0<\/p>\n\n\n\n<p>Uno de los principales enfoques que tuvo la reuni\u00f3n, es fortalecer la colaboraci\u00f3n entre ambas entidades y buscar oportunidades de desarrollar proyectos colaborativos para aportar a la sustentabilidad, impacto ambiental, tecnolog\u00edas y su posterior transferencia, para de esta manera, brindar apoyo al sector productivo, sus comunidades y sociedad en general.\u00a0<\/p>\n\n\n\n<p>En relaci\u00f3n con esto, Camilo Rodr\u00edguez Beltr\u00e1n, director del C+, se\u00f1al\u00f3 que \u201cestamos muy contentos de visionar esta colaboraci\u00f3n. encontramos en ellos un socio complementario en diversas iniciativas enfocadas en tecnolog\u00edas ambientales que contribuyen al bienestar de la sociedad y productividad regional\u201d. Adem\u00e1s, explic\u00f3 que para la Facultad de Ingenier\u00eda es importante contar con socios claves que \u201chan sabido liderar procesos de investigaci\u00f3n y desarrollo con el entorno y que posicionan como referentes regionales tanto para aprender de ellos, como para contribuir a nuestro rol de propulsar el impacto de la investigaci\u00f3n que podemos desarrollar\u201d.  <\/p>\n\n\n\n<p>Por su parte, Elba Vivanco, se\u00f1al\u00f3 en relaci\u00f3n a la importancia de este trabajo en conjunto que \u201c es esencial desarrollar proyectos de innovaci\u00f3n desde la colaboraci\u00f3n para generar un verdadero impacto que aporte a la competitividad del sector productivo, conociendo las capacidades y especializaci\u00f3n de cada centro y equipos de trabajo\u201d.  <\/p>\n\n\n\n<p>Durante los pr\u00f3ximos meses, ambos centros se enfocar\u00e1n en la apertura y dise\u00f1o de nuevos proyectos tecnol\u00f3gicos.\u00a0<br><br><br><\/p>\n","protected":false},"excerpt":{"rendered":"<p>El Centro de Investigaci\u00f3n en Tecnolog\u00edas para la Sociedad (C+) de Ingenier\u00eda UDD se reuni\u00f3 con la Directora Estrat\u00e9gica del N\u00facleo Biotecnolog\u00eda de Curauma de la Pontificia Universidad Cat\u00f3lica de Valpara\u00edso, Elba Vivanco, con el objetivo de fortalecer la relaci\u00f3n con nuestra Facultad.\u00a0 Uno de los principales enfoques que tuvo la reuni\u00f3n, es fortalecer la [&hellip;]<\/p>\n","protected":false},"author":9192225,"featured_media":2685,"comment_status":"open","ping_status":"open","sticky":false,"template":"","format":"standard","meta":{"footnotes":""},"categories":[22,2],"tags":[],"class_list":["post-2684","post","type-post","status-publish","format-standard","has-post-thumbnail","hentry","category-centro-de-investigacion-de-tecnologias-para-la-sociedad","category-iinoticias"],"yoast_head":"<!-- This site is optimized with the Yoast SEO plugin v26.9 - https:\/\/yoast.com\/product\/yoast-seo-wordpress\/ -->\n<title>Centro de Investigaci\u00f3n de Ingenier\u00eda realiza reuni\u00f3n de colaboraci\u00f3n con N\u00facleo de Biotecnolog\u00eda de Curauma de la PUCV - Innovaci\u00f3n Ingenier\u00eda<\/title>\n<meta name=\"robots\" content=\"index, follow, max-snippet:-1, max-image-preview:large, max-video-preview:-1\" \/>\n<link rel=\"canonical\" href=\"https:\/\/ingenieria.udd.cl\/ii\/2022\/08\/25\/centro-de-investigacion-de-ingenieria-realiza-reunion-de-colaboracion-con-nucleo-de-biotecnologia-de-curauma-de-la-pucv\/\" \/>\n<meta property=\"og:locale\" content=\"es_ES\" \/>\n<meta property=\"og:type\" content=\"article\" \/>\n<meta property=\"og:title\" content=\"Centro de Investigaci\u00f3n de Ingenier\u00eda realiza reuni\u00f3n de colaboraci\u00f3n con N\u00facleo de Biotecnolog\u00eda de Curauma de la PUCV - Innovaci\u00f3n Ingenier\u00eda\" \/>\n<meta property=\"og:description\" content=\"El Centro de Investigaci\u00f3n en Tecnolog\u00edas para la Sociedad (C+) de Ingenier\u00eda UDD se reuni\u00f3 con la Directora Estrat\u00e9gica del N\u00facleo Biotecnolog\u00eda de Curauma de la Pontificia Universidad Cat\u00f3lica de Valpara\u00edso, Elba Vivanco, con el objetivo de fortalecer la relaci\u00f3n con nuestra Facultad.\u00a0 Uno de los principales enfoques que tuvo la reuni\u00f3n, es fortalecer la [&hellip;]\" \/>\n<meta property=\"og:url\" content=\"https:\/\/ingenieria.udd.cl\/ii\/2022\/08\/25\/centro-de-investigacion-de-ingenieria-realiza-reunion-de-colaboracion-con-nucleo-de-biotecnologia-de-curauma-de-la-pucv\/\" \/>\n<meta property=\"og:site_name\" content=\"Innovaci\u00f3n Ingenier\u00eda\" \/>\n<meta property=\"article:published_time\" content=\"2022-08-25T17:55:32+00:00\" \/>\n<meta property=\"article:modified_time\" content=\"2022-08-25T17:55:33+00:00\" \/>\n<meta property=\"og:image\" content=\"https:\/\/ingenieria.udd.cl\/ii\/files\/2022\/08\/WhatsApp-Image-2022-08-24-at-1.40.31-PM.jpeg\" \/>\n\t<meta property=\"og:image:width\" content=\"1600\" \/>\n\t<meta property=\"og:image:height\" content=\"720\" \/>\n\t<meta property=\"og:image:type\" content=\"image\/jpeg\" \/>\n<meta name=\"author\" content=\"innovacioning\" \/>\n<meta name=\"twitter:card\" content=\"summary_large_image\" \/>\n<meta name=\"twitter:label1\" content=\"Escrito por\" \/>\n\t<meta name=\"twitter:data1\" content=\"innovacioning\" \/>\n\t<meta name=\"twitter:label2\" content=\"Tiempo de lectura\" \/>\n\t<meta name=\"twitter:data2\" content=\"1 minuto\" \/>\n<script type=\"application\/ld+json\" class=\"yoast-schema-graph\">{\"@context\":\"https:\/\/schema.org\",\"@graph\":[{\"@type\":\"Article\",\"@id\":\"https:\/\/ingenieria.udd.cl\/ii\/2022\/08\/25\/centro-de-investigacion-de-ingenieria-realiza-reunion-de-colaboracion-con-nucleo-de-biotecnologia-de-curauma-de-la-pucv\/#article\",\"isPartOf\":{\"@id\":\"https:\/\/ingenieria.udd.cl\/ii\/2022\/08\/25\/centro-de-investigacion-de-ingenieria-realiza-reunion-de-colaboracion-con-nucleo-de-biotecnologia-de-curauma-de-la-pucv\/\"},\"author\":{\"name\":\"innovacioning\",\"@id\":\"https:\/\/ingenieria.udd.cl\/ii\/#\/schema\/person\/1bc62a1a9a844eac900d3cbed49257ae\"},\"headline\":\"Centro de Investigaci\u00f3n de Ingenier\u00eda realiza reuni\u00f3n de colaboraci\u00f3n con N\u00facleo de Biotecnolog\u00eda de Curauma de la PUCV\",\"datePublished\":\"2022-08-25T17:55:32+00:00\",\"dateModified\":\"2022-08-25T17:55:33+00:00\",\"mainEntityOfPage\":{\"@id\":\"https:\/\/ingenieria.udd.cl\/ii\/2022\/08\/25\/centro-de-investigacion-de-ingenieria-realiza-reunion-de-colaboracion-con-nucleo-de-biotecnologia-de-curauma-de-la-pucv\/\"},\"wordCount\":311,\"commentCount\":0,\"image\":{\"@id\":\"https:\/\/ingenieria.udd.cl\/ii\/2022\/08\/25\/centro-de-investigacion-de-ingenieria-realiza-reunion-de-colaboracion-con-nucleo-de-biotecnologia-de-curauma-de-la-pucv\/#primaryimage\"},\"thumbnailUrl\":\"https:\/\/ingenieria.udd.cl\/ii\/files\/2022\/08\/WhatsApp-Image-2022-08-24-at-1.40.31-PM.jpeg\",\"articleSection\":[\"Centro de Investigaci\u00f3n de Tecnolog\u00edas para la Sociedad\",\"Noticias\"],\"inLanguage\":\"es\",\"potentialAction\":[{\"@type\":\"CommentAction\",\"name\":\"Comment\",\"target\":[\"https:\/\/ingenieria.udd.cl\/ii\/2022\/08\/25\/centro-de-investigacion-de-ingenieria-realiza-reunion-de-colaboracion-con-nucleo-de-biotecnologia-de-curauma-de-la-pucv\/#respond\"]}]},{\"@type\":\"WebPage\",\"@id\":\"https:\/\/ingenieria.udd.cl\/ii\/2022\/08\/25\/centro-de-investigacion-de-ingenieria-realiza-reunion-de-colaboracion-con-nucleo-de-biotecnologia-de-curauma-de-la-pucv\/\",\"url\":\"https:\/\/ingenieria.udd.cl\/ii\/2022\/08\/25\/centro-de-investigacion-de-ingenieria-realiza-reunion-de-colaboracion-con-nucleo-de-biotecnologia-de-curauma-de-la-pucv\/\",\"name\":\"Centro de Investigaci\u00f3n de Ingenier\u00eda realiza reuni\u00f3n de colaboraci\u00f3n con N\u00facleo de Biotecnolog\u00eda de Curauma de la PUCV - Innovaci\u00f3n Ingenier\u00eda\",\"isPartOf\":{\"@id\":\"https:\/\/ingenieria.udd.cl\/ii\/#website\"},\"primaryImageOfPage\":{\"@id\":\"https:\/\/ingenieria.udd.cl\/ii\/2022\/08\/25\/centro-de-investigacion-de-ingenieria-realiza-reunion-de-colaboracion-con-nucleo-de-biotecnologia-de-curauma-de-la-pucv\/#primaryimage\"},\"image\":{\"@id\":\"https:\/\/ingenieria.udd.cl\/ii\/2022\/08\/25\/centro-de-investigacion-de-ingenieria-realiza-reunion-de-colaboracion-con-nucleo-de-biotecnologia-de-curauma-de-la-pucv\/#primaryimage\"},\"thumbnailUrl\":\"https:\/\/ingenieria.udd.cl\/ii\/files\/2022\/08\/WhatsApp-Image-2022-08-24-at-1.40.31-PM.jpeg\",\"datePublished\":\"2022-08-25T17:55:32+00:00\",\"dateModified\":\"2022-08-25T17:55:33+00:00\",\"author\":{\"@id\":\"https:\/\/ingenieria.udd.cl\/ii\/#\/schema\/person\/1bc62a1a9a844eac900d3cbed49257ae\"},\"breadcrumb\":{\"@id\":\"https:\/\/ingenieria.udd.cl\/ii\/2022\/08\/25\/centro-de-investigacion-de-ingenieria-realiza-reunion-de-colaboracion-con-nucleo-de-biotecnologia-de-curauma-de-la-pucv\/#breadcrumb\"},\"inLanguage\":\"es\",\"potentialAction\":[{\"@type\":\"ReadAction\",\"target\":[\"https:\/\/ingenieria.udd.cl\/ii\/2022\/08\/25\/centro-de-investigacion-de-ingenieria-realiza-reunion-de-colaboracion-con-nucleo-de-biotecnologia-de-curauma-de-la-pucv\/\"]}]},{\"@type\":\"ImageObject\",\"inLanguage\":\"es\",\"@id\":\"https:\/\/ingenieria.udd.cl\/ii\/2022\/08\/25\/centro-de-investigacion-de-ingenieria-realiza-reunion-de-colaboracion-con-nucleo-de-biotecnologia-de-curauma-de-la-pucv\/#primaryimage\",\"url\":\"https:\/\/ingenieria.udd.cl\/ii\/files\/2022\/08\/WhatsApp-Image-2022-08-24-at-1.40.31-PM.jpeg\",\"contentUrl\":\"https:\/\/ingenieria.udd.cl\/ii\/files\/2022\/08\/WhatsApp-Image-2022-08-24-at-1.40.31-PM.jpeg\",\"width\":1600,\"height\":720},{\"@type\":\"BreadcrumbList\",\"@id\":\"https:\/\/ingenieria.udd.cl\/ii\/2022\/08\/25\/centro-de-investigacion-de-ingenieria-realiza-reunion-de-colaboracion-con-nucleo-de-biotecnologia-de-curauma-de-la-pucv\/#breadcrumb\",\"itemListElement\":[{\"@type\":\"ListItem\",\"position\":1,\"name\":\"Portada\",\"item\":\"https:\/\/ingenieria.udd.cl\/ii\/\"},{\"@type\":\"ListItem\",\"position\":2,\"name\":\"Centro de Investigaci\u00f3n de Ingenier\u00eda realiza reuni\u00f3n de colaboraci\u00f3n con N\u00facleo de Biotecnolog\u00eda de Curauma de la PUCV\"}]},{\"@type\":\"WebSite\",\"@id\":\"https:\/\/ingenieria.udd.cl\/ii\/#website\",\"url\":\"https:\/\/ingenieria.udd.cl\/ii\/\",\"name\":\"Innovaci\u00f3n Ingenier\u00eda\",\"description\":\"Otro sitio m\u00e1s de Ingenieria\",\"inLanguage\":\"es\"},{\"@type\":\"Person\",\"@id\":\"https:\/\/ingenieria.udd.cl\/ii\/#\/schema\/person\/1bc62a1a9a844eac900d3cbed49257ae\",\"name\":\"innovacioning\",\"image\":{\"@type\":\"ImageObject\",\"inLanguage\":\"es\",\"@id\":\"https:\/\/ingenieria.udd.cl\/ii\/#\/schema\/person\/image\/\",\"url\":\"https:\/\/secure.gravatar.com\/avatar\/ad6f915cae0f525cea1bbd2b78b598f56cf980449fbbaef05e9d6271fb154710?s=96&d=mm&r=g\",\"contentUrl\":\"https:\/\/secure.gravatar.com\/avatar\/ad6f915cae0f525cea1bbd2b78b598f56cf980449fbbaef05e9d6271fb154710?s=96&d=mm&r=g\",\"caption\":\"innovacioning\"},\"url\":\"https:\/\/ingenieria.udd.cl\/ii\/author\/innovacioning\/\"}]}<\/script>\n<!-- \/ Yoast SEO plugin. -->","yoast_head_json":{"title":"Centro de Investigaci\u00f3n de Ingenier\u00eda realiza reuni\u00f3n de colaboraci\u00f3n con N\u00facleo de Biotecnolog\u00eda de Curauma de la PUCV - Innovaci\u00f3n Ingenier\u00eda","robots":{"index":"index","follow":"follow","max-snippet":"max-snippet:-1","max-image-preview":"max-image-preview:large","max-video-preview":"max-video-preview:-1"},"canonical":"https:\/\/ingenieria.udd.cl\/ii\/2022\/08\/25\/centro-de-investigacion-de-ingenieria-realiza-reunion-de-colaboracion-con-nucleo-de-biotecnologia-de-curauma-de-la-pucv\/","og_locale":"es_ES","og_type":"article","og_title":"Centro de Investigaci\u00f3n de Ingenier\u00eda realiza reuni\u00f3n de colaboraci\u00f3n con N\u00facleo de Biotecnolog\u00eda de Curauma de la PUCV - Innovaci\u00f3n Ingenier\u00eda","og_description":"El Centro de Investigaci\u00f3n en Tecnolog\u00edas para la Sociedad (C+) de Ingenier\u00eda UDD se reuni\u00f3 con la Directora Estrat\u00e9gica del N\u00facleo Biotecnolog\u00eda de Curauma de la Pontificia Universidad Cat\u00f3lica de Valpara\u00edso, Elba Vivanco, con el objetivo de fortalecer la relaci\u00f3n con nuestra Facultad.\u00a0 Uno de los principales enfoques que tuvo la reuni\u00f3n, es fortalecer la [&hellip;]","og_url":"https:\/\/ingenieria.udd.cl\/ii\/2022\/08\/25\/centro-de-investigacion-de-ingenieria-realiza-reunion-de-colaboracion-con-nucleo-de-biotecnologia-de-curauma-de-la-pucv\/","og_site_name":"Innovaci\u00f3n Ingenier\u00eda","article_published_time":"2022-08-25T17:55:32+00:00","article_modified_time":"2022-08-25T17:55:33+00:00","og_image":[{"width":1600,"height":720,"url":"https:\/\/ingenieria.udd.cl\/ii\/files\/2022\/08\/WhatsApp-Image-2022-08-24-at-1.40.31-PM.jpeg","type":"image\/jpeg"}],"author":"innovacioning","twitter_card":"summary_large_image","twitter_misc":{"Escrito por":"innovacioning","Tiempo de lectura":"1 minuto"},"schema":{"@context":"https:\/\/schema.org","@graph":[{"@type":"Article","@id":"https:\/\/ingenieria.udd.cl\/ii\/2022\/08\/25\/centro-de-investigacion-de-ingenieria-realiza-reunion-de-colaboracion-con-nucleo-de-biotecnologia-de-curauma-de-la-pucv\/#article","isPartOf":{"@id":"https:\/\/ingenieria.udd.cl\/ii\/2022\/08\/25\/centro-de-investigacion-de-ingenieria-realiza-reunion-de-colaboracion-con-nucleo-de-biotecnologia-de-curauma-de-la-pucv\/"},"author":{"name":"innovacioning","@id":"https:\/\/ingenieria.udd.cl\/ii\/#\/schema\/person\/1bc62a1a9a844eac900d3cbed49257ae"},"headline":"Centro de Investigaci\u00f3n de Ingenier\u00eda realiza reuni\u00f3n de colaboraci\u00f3n con N\u00facleo de Biotecnolog\u00eda de Curauma de la PUCV","datePublished":"2022-08-25T17:55:32+00:00","dateModified":"2022-08-25T17:55:33+00:00","mainEntityOfPage":{"@id":"https:\/\/ingenieria.udd.cl\/ii\/2022\/08\/25\/centro-de-investigacion-de-ingenieria-realiza-reunion-de-colaboracion-con-nucleo-de-biotecnologia-de-curauma-de-la-pucv\/"},"wordCount":311,"commentCount":0,"image":{"@id":"https:\/\/ingenieria.udd.cl\/ii\/2022\/08\/25\/centro-de-investigacion-de-ingenieria-realiza-reunion-de-colaboracion-con-nucleo-de-biotecnologia-de-curauma-de-la-pucv\/#primaryimage"},"thumbnailUrl":"https:\/\/ingenieria.udd.cl\/ii\/files\/2022\/08\/WhatsApp-Image-2022-08-24-at-1.40.31-PM.jpeg","articleSection":["Centro de Investigaci\u00f3n de Tecnolog\u00edas para la Sociedad","Noticias"],"inLanguage":"es","potentialAction":[{"@type":"CommentAction","name":"Comment","target":["https:\/\/ingenieria.udd.cl\/ii\/2022\/08\/25\/centro-de-investigacion-de-ingenieria-realiza-reunion-de-colaboracion-con-nucleo-de-biotecnologia-de-curauma-de-la-pucv\/#respond"]}]},{"@type":"WebPage","@id":"https:\/\/ingenieria.udd.cl\/ii\/2022\/08\/25\/centro-de-investigacion-de-ingenieria-realiza-reunion-de-colaboracion-con-nucleo-de-biotecnologia-de-curauma-de-la-pucv\/","url":"https:\/\/ingenieria.udd.cl\/ii\/2022\/08\/25\/centro-de-investigacion-de-ingenieria-realiza-reunion-de-colaboracion-con-nucleo-de-biotecnologia-de-curauma-de-la-pucv\/","name":"Centro de Investigaci\u00f3n de Ingenier\u00eda realiza reuni\u00f3n de colaboraci\u00f3n con N\u00facleo de Biotecnolog\u00eda de Curauma de la PUCV - Innovaci\u00f3n Ingenier\u00eda","isPartOf":{"@id":"https:\/\/ingenieria.udd.cl\/ii\/#website"},"primaryImageOfPage":{"@id":"https:\/\/ingenieria.udd.cl\/ii\/2022\/08\/25\/centro-de-investigacion-de-ingenieria-realiza-reunion-de-colaboracion-con-nucleo-de-biotecnologia-de-curauma-de-la-pucv\/#primaryimage"},"image":{"@id":"https:\/\/ingenieria.udd.cl\/ii\/2022\/08\/25\/centro-de-investigacion-de-ingenieria-realiza-reunion-de-colaboracion-con-nucleo-de-biotecnologia-de-curauma-de-la-pucv\/#primaryimage"},"thumbnailUrl":"https:\/\/ingenieria.udd.cl\/ii\/files\/2022\/08\/WhatsApp-Image-2022-08-24-at-1.40.31-PM.jpeg","datePublished":"2022-08-25T17:55:32+00:00","dateModified":"2022-08-25T17:55:33+00:00","author":{"@id":"https:\/\/ingenieria.udd.cl\/ii\/#\/schema\/person\/1bc62a1a9a844eac900d3cbed49257ae"},"breadcrumb":{"@id":"https:\/\/ingenieria.udd.cl\/ii\/2022\/08\/25\/centro-de-investigacion-de-ingenieria-realiza-reunion-de-colaboracion-con-nucleo-de-biotecnologia-de-curauma-de-la-pucv\/#breadcrumb"},"inLanguage":"es","potentialAction":[{"@type":"ReadAction","target":["https:\/\/ingenieria.udd.cl\/ii\/2022\/08\/25\/centro-de-investigacion-de-ingenieria-realiza-reunion-de-colaboracion-con-nucleo-de-biotecnologia-de-curauma-de-la-pucv\/"]}]},{"@type":"ImageObject","inLanguage":"es","@id":"https:\/\/ingenieria.udd.cl\/ii\/2022\/08\/25\/centro-de-investigacion-de-ingenieria-realiza-reunion-de-colaboracion-con-nucleo-de-biotecnologia-de-curauma-de-la-pucv\/#primaryimage","url":"https:\/\/ingenieria.udd.cl\/ii\/files\/2022\/08\/WhatsApp-Image-2022-08-24-at-1.40.31-PM.jpeg","contentUrl":"https:\/\/ingenieria.udd.cl\/ii\/files\/2022\/08\/WhatsApp-Image-2022-08-24-at-1.40.31-PM.jpeg","width":1600,"height":720},{"@type":"BreadcrumbList","@id":"https:\/\/ingenieria.udd.cl\/ii\/2022\/08\/25\/centro-de-investigacion-de-ingenieria-realiza-reunion-de-colaboracion-con-nucleo-de-biotecnologia-de-curauma-de-la-pucv\/#breadcrumb","itemListElement":[{"@type":"ListItem","position":1,"name":"Portada","item":"https:\/\/ingenieria.udd.cl\/ii\/"},{"@type":"ListItem","position":2,"name":"Centro de Investigaci\u00f3n de Ingenier\u00eda realiza reuni\u00f3n de colaboraci\u00f3n con N\u00facleo de Biotecnolog\u00eda de Curauma de la PUCV"}]},{"@type":"WebSite","@id":"https:\/\/ingenieria.udd.cl\/ii\/#website","url":"https:\/\/ingenieria.udd.cl\/ii\/","name":"Innovaci\u00f3n Ingenier\u00eda","description":"Otro sitio m\u00e1s de Ingenieria","inLanguage":"es"},{"@type":"Person","@id":"https:\/\/ingenieria.udd.cl\/ii\/#\/schema\/person\/1bc62a1a9a844eac900d3cbed49257ae","name":"innovacioning","image":{"@type":"ImageObject","inLanguage":"es","@id":"https:\/\/ingenieria.udd.cl\/ii\/#\/schema\/person\/image\/","url":"https:\/\/secure.gravatar.com\/avatar\/ad6f915cae0f525cea1bbd2b78b598f56cf980449fbbaef05e9d6271fb154710?s=96&d=mm&r=g","contentUrl":"https:\/\/secure.gravatar.com\/avatar\/ad6f915cae0f525cea1bbd2b78b598f56cf980449fbbaef05e9d6271fb154710?s=96&d=mm&r=g","caption":"innovacioning"},"url":"https:\/\/ingenieria.udd.cl\/ii\/author\/innovacioning\/"}]}},"featured_image_url":"https:\/\/ingenieria.udd.cl\/ii\/files\/2022\/08\/WhatsApp-Image-2022-08-24-at-1.40.31-PM.jpeg","_links":{"self":[{"href":"https:\/\/ingenieria.udd.cl\/ii\/wp-json\/wp\/v2\/posts\/2684","targetHints":{"allow":["GET"]}}],"collection":[{"href":"https:\/\/ingenieria.udd.cl\/ii\/wp-json\/wp\/v2\/posts"}],"about":[{"href":"https:\/\/ingenieria.udd.cl\/ii\/wp-json\/wp\/v2\/types\/post"}],"author":[{"embeddable":true,"href":"https:\/\/ingenieria.udd.cl\/ii\/wp-json\/wp\/v2\/users\/9192225"}],"replies":[{"embeddable":true,"href":"https:\/\/ingenieria.udd.cl\/ii\/wp-json\/wp\/v2\/comments?post=2684"}],"version-history":[{"count":1,"href":"https:\/\/ingenieria.udd.cl\/ii\/wp-json\/wp\/v2\/posts\/2684\/revisions"}],"predecessor-version":[{"id":2686,"href":"https:\/\/ingenieria.udd.cl\/ii\/wp-json\/wp\/v2\/posts\/2684\/revisions\/2686"}],"wp:featuredmedia":[{"embeddable":true,"href":"https:\/\/ingenieria.udd.cl\/ii\/wp-json\/wp\/v2\/media\/2685"}],"wp:attachment":[{"href":"https:\/\/ingenieria.udd.cl\/ii\/wp-json\/wp\/v2\/media?parent=2684"}],"wp:term":[{"taxonomy":"category","embeddable":true,"href":"https:\/\/ingenieria.udd.cl\/ii\/wp-json\/wp\/v2\/categories?post=2684"},{"taxonomy":"post_tag","embeddable":true,"href":"https:\/\/ingenieria.udd.cl\/ii\/wp-json\/wp\/v2\/tags?post=2684"}],"curies":[{"name":"wp","href":"https:\/\/api.w.org\/{rel}","templated":true}]}}