{"id":2728,"date":"2022-09-07T18:29:49","date_gmt":"2022-09-07T16:29:49","guid":{"rendered":"https:\/\/ingenieria.udd.cl\/ii\/?p=2728"},"modified":"2022-09-07T18:48:34","modified_gmt":"2022-09-07T16:48:34","slug":"facultad-de-ingenieria-realiza-capacitaciones-de-tecnologia-para-adultos-mayores","status":"publish","type":"post","link":"https:\/\/ingenieria.udd.cl\/ii\/2022\/09\/07\/facultad-de-ingenieria-realiza-capacitaciones-de-tecnologia-para-adultos-mayores\/","title":{"rendered":"Facultad de Ingenier\u00eda realiza capacitaciones de tecnolog\u00eda para adultos mayores"},"content":{"rendered":"\n<p> M\u00e1s de 10 adultos mayores participaron de los talleres de \u201cAlfabetizaci\u00f3n Digital\u201d organizado por el C\u00edrculo de Capital Social desde la Universidad del B\u00edo B\u00edo, consorcio que agrupa a diferentes universidades de la regi\u00f3n (entre ellas a la Universidad del Desarrollo) donde cada instituci\u00f3n estuvo a cargo de una capacitaci\u00f3n. <\/p>\n\n\n\n<p> Los talleres realizados por la Direcci\u00f3n de Innovaci\u00f3n de Ingenier\u00eda en Concepci\u00f3n, tuvieron como objetivo que los participantes pudieran aprender sobre herramientas b\u00e1sicas de tecnolog\u00eda para poder conectar a los adultos mayores con su entorno y terminar con la brecha tecnol\u00f3gica existente.  <\/p>\n\n\n\n<p> Algunos de los temas que se trataron fueron el uso de Gmail, calendario de Google, plataformas como Meet y Zoom, Excel, realizar diferentes tr\u00e1mites online y algunas redes sociales como WhatsApp y Facebook.  <\/p>\n\n\n\n<p> Respecto a los objetivos principales de esta actividad, Pedro Silva, director de Vinculaci\u00f3n con el Medio de la UDD en Concepci\u00f3n coment\u00f3 que \u201clo primero que buscamos es cerrar la brecha tecnol\u00f3gica existente en la regi\u00f3n, ya que a trav\u00e9s de ese cierre, los adultos mayores van a estar m\u00e1s conectados con su entorno vecinal y familiar y podr\u00e1n sentirse inclu\u00eddos y activos\u201d. <\/p>\n\n\n\n<p> Respecto a la metodolog\u00eda utilizada para las capacitaciones, se llevaron a cabo 6 clases con tem\u00e1ticas diferentes con el objetivo de que cada participante pudiera aprender y conocer el tipo de tecnolog\u00eda con tiempo. Sebasti\u00e1n Adonay, investigador asistente del Centro de Investigaci\u00f3n en Tecnolog\u00edas para la Sociedad (C+) de Ingenier\u00eda y profesor a cargo de las capacitaciones, se\u00f1al\u00f3 que \u201ctrabajamos con ejercicios pr\u00e1cticos guiados, se les mostraba el paso a paso proyectado desde un celular y luego ellos replicaban el mismo ejercicio por su cuenta con alguna modificaci\u00f3n. De esta manera pudieron trabajar el uso de correo electr\u00f3nico, videollamadas, videoconferencias, etc\u201d.  <\/p>\n\n\n\n<p> Por su parte, Elia Jaramillo, vecina de Concepci\u00f3n y participante de los talleres recalc\u00f3 la importancia de hacer este tipo de actividades para integrar a los adultos mayores y se\u00f1al\u00f3 que \u201cla tecnolog\u00eda avanza mucho y nosotros nos vamos quedando atr\u00e1s\u2026 Nunca ha habido una preocupaci\u00f3n respecto a este cambio tan importante que es la tecnolog\u00eda y creo que es un muy buen esfuerzo que hace la UDD de integrarnos al mundo de la digitalizaci\u00f3n\u201d.  <\/p>\n\n\n\n<p> Asimismo, Ximena Campos, tambi\u00e9n participante de las capacitaciones se\u00f1al\u00f3 que \u201cnosotros nos tenemos que poner al d\u00eda porque la tecnolog\u00eda avanza mucho. Por eso, yo quiero agradecer a la universidad este acercamiento a la comunidad de adultos mayores, en donde pudimos aprender diferentes cosas e interactuar con otras personas que estaban en lo mismo\u201d.  <\/p>\n\n\n\n<figure class=\"wp-block-gallery columns-3 is-cropped wp-block-gallery-1 is-layout-flex wp-block-gallery-is-layout-flex\"><ul class=\"blocks-gallery-grid\"><li class=\"blocks-gallery-item\"><figure><img loading=\"lazy\" decoding=\"async\" width=\"1024\" height=\"768\" src=\"https:\/\/ingenieria.udd.cl\/ii\/files\/2022\/09\/WhatsApp-Image-2022-08-30-at-7.40.52-PM-1024x768.jpeg\" alt=\"\" data-id=\"2729\" data-full-url=\"https:\/\/ingenieria.udd.cl\/ii\/files\/2022\/09\/WhatsApp-Image-2022-08-30-at-7.40.52-PM.jpeg\" data-link=\"https:\/\/ingenieria.udd.cl\/ii\/?attachment_id=2729\" class=\"wp-image-2729\" srcset=\"https:\/\/ingenieria.udd.cl\/ii\/files\/2022\/09\/WhatsApp-Image-2022-08-30-at-7.40.52-PM-1024x768.jpeg 1024w, https:\/\/ingenieria.udd.cl\/ii\/files\/2022\/09\/WhatsApp-Image-2022-08-30-at-7.40.52-PM-300x225.jpeg 300w, https:\/\/ingenieria.udd.cl\/ii\/files\/2022\/09\/WhatsApp-Image-2022-08-30-at-7.40.52-PM-768x576.jpeg 768w, https:\/\/ingenieria.udd.cl\/ii\/files\/2022\/09\/WhatsApp-Image-2022-08-30-at-7.40.52-PM.jpeg 1280w\" sizes=\"auto, (max-width: 1024px) 100vw, 1024px\" \/><\/figure><\/li><li class=\"blocks-gallery-item\"><figure><img loading=\"lazy\" decoding=\"async\" width=\"1024\" height=\"768\" src=\"https:\/\/ingenieria.udd.cl\/ii\/files\/2022\/09\/WhatsApp-Image-2022-09-07-at-12.18.21-PM-1-1024x768.jpeg\" alt=\"\" data-id=\"2730\" data-full-url=\"https:\/\/ingenieria.udd.cl\/ii\/files\/2022\/09\/WhatsApp-Image-2022-09-07-at-12.18.21-PM-1.jpeg\" data-link=\"https:\/\/ingenieria.udd.cl\/ii\/?attachment_id=2730\" class=\"wp-image-2730\" srcset=\"https:\/\/ingenieria.udd.cl\/ii\/files\/2022\/09\/WhatsApp-Image-2022-09-07-at-12.18.21-PM-1-1024x768.jpeg 1024w, https:\/\/ingenieria.udd.cl\/ii\/files\/2022\/09\/WhatsApp-Image-2022-09-07-at-12.18.21-PM-1-300x225.jpeg 300w, https:\/\/ingenieria.udd.cl\/ii\/files\/2022\/09\/WhatsApp-Image-2022-09-07-at-12.18.21-PM-1-768x576.jpeg 768w, https:\/\/ingenieria.udd.cl\/ii\/files\/2022\/09\/WhatsApp-Image-2022-09-07-at-12.18.21-PM-1.jpeg 1280w\" sizes=\"auto, (max-width: 1024px) 100vw, 1024px\" \/><\/figure><\/li><li class=\"blocks-gallery-item\"><figure><img loading=\"lazy\" decoding=\"async\" width=\"1024\" height=\"768\" src=\"https:\/\/ingenieria.udd.cl\/ii\/files\/2022\/09\/WhatsApp-Image-2022-09-07-at-12.18.21-PM-1024x768.jpeg\" alt=\"\" data-id=\"2731\" data-full-url=\"https:\/\/ingenieria.udd.cl\/ii\/files\/2022\/09\/WhatsApp-Image-2022-09-07-at-12.18.21-PM.jpeg\" data-link=\"https:\/\/ingenieria.udd.cl\/ii\/?attachment_id=2731\" class=\"wp-image-2731\" srcset=\"https:\/\/ingenieria.udd.cl\/ii\/files\/2022\/09\/WhatsApp-Image-2022-09-07-at-12.18.21-PM-1024x768.jpeg 1024w, https:\/\/ingenieria.udd.cl\/ii\/files\/2022\/09\/WhatsApp-Image-2022-09-07-at-12.18.21-PM-300x225.jpeg 300w, https:\/\/ingenieria.udd.cl\/ii\/files\/2022\/09\/WhatsApp-Image-2022-09-07-at-12.18.21-PM-768x576.jpeg 768w, https:\/\/ingenieria.udd.cl\/ii\/files\/2022\/09\/WhatsApp-Image-2022-09-07-at-12.18.21-PM.jpeg 1280w\" sizes=\"auto, (max-width: 1024px) 100vw, 1024px\" \/><\/figure><\/li><\/ul><\/figure>\n","protected":false},"excerpt":{"rendered":"<p>M\u00e1s de 10 adultos mayores participaron de los talleres de \u201cAlfabetizaci\u00f3n Digital\u201d organizado por el C\u00edrculo de Capital Social desde la Universidad del B\u00edo B\u00edo, consorcio que agrupa a diferentes universidades de la regi\u00f3n (entre ellas a la Universidad del Desarrollo) donde cada instituci\u00f3n estuvo a cargo de una capacitaci\u00f3n. Los talleres realizados por la [&hellip;]<\/p>\n","protected":false},"author":9192225,"featured_media":2730,"comment_status":"open","ping_status":"open","sticky":false,"template":"","format":"standard","meta":{"footnotes":""},"categories":[22,2],"tags":[],"class_list":["post-2728","post","type-post","status-publish","format-standard","has-post-thumbnail","hentry","category-centro-de-investigacion-de-tecnologias-para-la-sociedad","category-iinoticias"],"yoast_head":"<!-- This site is optimized with the Yoast SEO plugin v26.9 - https:\/\/yoast.com\/product\/yoast-seo-wordpress\/ -->\n<title>Facultad de Ingenier\u00eda realiza capacitaciones de tecnolog\u00eda para adultos mayores - Innovaci\u00f3n Ingenier\u00eda<\/title>\n<meta name=\"robots\" content=\"index, follow, max-snippet:-1, max-image-preview:large, max-video-preview:-1\" \/>\n<link rel=\"canonical\" href=\"https:\/\/ingenieria.udd.cl\/ii\/2022\/09\/07\/facultad-de-ingenieria-realiza-capacitaciones-de-tecnologia-para-adultos-mayores\/\" \/>\n<meta property=\"og:locale\" content=\"es_ES\" \/>\n<meta property=\"og:type\" content=\"article\" \/>\n<meta property=\"og:title\" content=\"Facultad de Ingenier\u00eda realiza capacitaciones de tecnolog\u00eda para adultos mayores - Innovaci\u00f3n Ingenier\u00eda\" \/>\n<meta property=\"og:description\" content=\"M\u00e1s de 10 adultos mayores participaron de los talleres de \u201cAlfabetizaci\u00f3n Digital\u201d organizado por el C\u00edrculo de Capital Social desde la Universidad del B\u00edo B\u00edo, consorcio que agrupa a diferentes universidades de la regi\u00f3n (entre ellas a la Universidad del Desarrollo) donde cada instituci\u00f3n estuvo a cargo de una capacitaci\u00f3n. Los talleres realizados por la [&hellip;]\" \/>\n<meta property=\"og:url\" content=\"https:\/\/ingenieria.udd.cl\/ii\/2022\/09\/07\/facultad-de-ingenieria-realiza-capacitaciones-de-tecnologia-para-adultos-mayores\/\" \/>\n<meta property=\"og:site_name\" content=\"Innovaci\u00f3n Ingenier\u00eda\" \/>\n<meta property=\"article:published_time\" content=\"2022-09-07T16:29:49+00:00\" \/>\n<meta property=\"article:modified_time\" content=\"2022-09-07T16:48:34+00:00\" \/>\n<meta property=\"og:image\" content=\"https:\/\/ingenieria.udd.cl\/ii\/files\/2022\/09\/WhatsApp-Image-2022-09-07-at-12.18.21-PM-1.jpeg\" \/>\n\t<meta property=\"og:image:width\" content=\"1280\" \/>\n\t<meta property=\"og:image:height\" content=\"960\" \/>\n\t<meta property=\"og:image:type\" content=\"image\/jpeg\" \/>\n<meta name=\"author\" content=\"innovacioning\" \/>\n<meta name=\"twitter:card\" content=\"summary_large_image\" \/>\n<meta name=\"twitter:label1\" content=\"Escrito por\" \/>\n\t<meta name=\"twitter:data1\" content=\"innovacioning\" \/>\n\t<meta name=\"twitter:label2\" content=\"Tiempo de lectura\" \/>\n\t<meta name=\"twitter:data2\" content=\"2 minutos\" \/>\n<script type=\"application\/ld+json\" class=\"yoast-schema-graph\">{\"@context\":\"https:\/\/schema.org\",\"@graph\":[{\"@type\":\"Article\",\"@id\":\"https:\/\/ingenieria.udd.cl\/ii\/2022\/09\/07\/facultad-de-ingenieria-realiza-capacitaciones-de-tecnologia-para-adultos-mayores\/#article\",\"isPartOf\":{\"@id\":\"https:\/\/ingenieria.udd.cl\/ii\/2022\/09\/07\/facultad-de-ingenieria-realiza-capacitaciones-de-tecnologia-para-adultos-mayores\/\"},\"author\":{\"name\":\"innovacioning\",\"@id\":\"https:\/\/ingenieria.udd.cl\/ii\/#\/schema\/person\/1bc62a1a9a844eac900d3cbed49257ae\"},\"headline\":\"Facultad de Ingenier\u00eda realiza capacitaciones de tecnolog\u00eda para adultos mayores\",\"datePublished\":\"2022-09-07T16:29:49+00:00\",\"dateModified\":\"2022-09-07T16:48:34+00:00\",\"mainEntityOfPage\":{\"@id\":\"https:\/\/ingenieria.udd.cl\/ii\/2022\/09\/07\/facultad-de-ingenieria-realiza-capacitaciones-de-tecnologia-para-adultos-mayores\/\"},\"wordCount\":474,\"commentCount\":0,\"image\":{\"@id\":\"https:\/\/ingenieria.udd.cl\/ii\/2022\/09\/07\/facultad-de-ingenieria-realiza-capacitaciones-de-tecnologia-para-adultos-mayores\/#primaryimage\"},\"thumbnailUrl\":\"https:\/\/ingenieria.udd.cl\/ii\/files\/2022\/09\/WhatsApp-Image-2022-09-07-at-12.18.21-PM-1.jpeg\",\"articleSection\":[\"Centro de Investigaci\u00f3n de Tecnolog\u00edas para la Sociedad\",\"Noticias\"],\"inLanguage\":\"es\",\"potentialAction\":[{\"@type\":\"CommentAction\",\"name\":\"Comment\",\"target\":[\"https:\/\/ingenieria.udd.cl\/ii\/2022\/09\/07\/facultad-de-ingenieria-realiza-capacitaciones-de-tecnologia-para-adultos-mayores\/#respond\"]}]},{\"@type\":\"WebPage\",\"@id\":\"https:\/\/ingenieria.udd.cl\/ii\/2022\/09\/07\/facultad-de-ingenieria-realiza-capacitaciones-de-tecnologia-para-adultos-mayores\/\",\"url\":\"https:\/\/ingenieria.udd.cl\/ii\/2022\/09\/07\/facultad-de-ingenieria-realiza-capacitaciones-de-tecnologia-para-adultos-mayores\/\",\"name\":\"Facultad de Ingenier\u00eda realiza capacitaciones de tecnolog\u00eda para adultos mayores - Innovaci\u00f3n Ingenier\u00eda\",\"isPartOf\":{\"@id\":\"https:\/\/ingenieria.udd.cl\/ii\/#website\"},\"primaryImageOfPage\":{\"@id\":\"https:\/\/ingenieria.udd.cl\/ii\/2022\/09\/07\/facultad-de-ingenieria-realiza-capacitaciones-de-tecnologia-para-adultos-mayores\/#primaryimage\"},\"image\":{\"@id\":\"https:\/\/ingenieria.udd.cl\/ii\/2022\/09\/07\/facultad-de-ingenieria-realiza-capacitaciones-de-tecnologia-para-adultos-mayores\/#primaryimage\"},\"thumbnailUrl\":\"https:\/\/ingenieria.udd.cl\/ii\/files\/2022\/09\/WhatsApp-Image-2022-09-07-at-12.18.21-PM-1.jpeg\",\"datePublished\":\"2022-09-07T16:29:49+00:00\",\"dateModified\":\"2022-09-07T16:48:34+00:00\",\"author\":{\"@id\":\"https:\/\/ingenieria.udd.cl\/ii\/#\/schema\/person\/1bc62a1a9a844eac900d3cbed49257ae\"},\"breadcrumb\":{\"@id\":\"https:\/\/ingenieria.udd.cl\/ii\/2022\/09\/07\/facultad-de-ingenieria-realiza-capacitaciones-de-tecnologia-para-adultos-mayores\/#breadcrumb\"},\"inLanguage\":\"es\",\"potentialAction\":[{\"@type\":\"ReadAction\",\"target\":[\"https:\/\/ingenieria.udd.cl\/ii\/2022\/09\/07\/facultad-de-ingenieria-realiza-capacitaciones-de-tecnologia-para-adultos-mayores\/\"]}]},{\"@type\":\"ImageObject\",\"inLanguage\":\"es\",\"@id\":\"https:\/\/ingenieria.udd.cl\/ii\/2022\/09\/07\/facultad-de-ingenieria-realiza-capacitaciones-de-tecnologia-para-adultos-mayores\/#primaryimage\",\"url\":\"https:\/\/ingenieria.udd.cl\/ii\/files\/2022\/09\/WhatsApp-Image-2022-09-07-at-12.18.21-PM-1.jpeg\",\"contentUrl\":\"https:\/\/ingenieria.udd.cl\/ii\/files\/2022\/09\/WhatsApp-Image-2022-09-07-at-12.18.21-PM-1.jpeg\",\"width\":1280,\"height\":960},{\"@type\":\"BreadcrumbList\",\"@id\":\"https:\/\/ingenieria.udd.cl\/ii\/2022\/09\/07\/facultad-de-ingenieria-realiza-capacitaciones-de-tecnologia-para-adultos-mayores\/#breadcrumb\",\"itemListElement\":[{\"@type\":\"ListItem\",\"position\":1,\"name\":\"Portada\",\"item\":\"https:\/\/ingenieria.udd.cl\/ii\/\"},{\"@type\":\"ListItem\",\"position\":2,\"name\":\"Facultad de Ingenier\u00eda realiza capacitaciones de tecnolog\u00eda para adultos mayores\"}]},{\"@type\":\"WebSite\",\"@id\":\"https:\/\/ingenieria.udd.cl\/ii\/#website\",\"url\":\"https:\/\/ingenieria.udd.cl\/ii\/\",\"name\":\"Innovaci\u00f3n Ingenier\u00eda\",\"description\":\"Otro sitio m\u00e1s de Ingenieria\",\"inLanguage\":\"es\"},{\"@type\":\"Person\",\"@id\":\"https:\/\/ingenieria.udd.cl\/ii\/#\/schema\/person\/1bc62a1a9a844eac900d3cbed49257ae\",\"name\":\"innovacioning\",\"image\":{\"@type\":\"ImageObject\",\"inLanguage\":\"es\",\"@id\":\"https:\/\/ingenieria.udd.cl\/ii\/#\/schema\/person\/image\/\",\"url\":\"https:\/\/secure.gravatar.com\/avatar\/ad6f915cae0f525cea1bbd2b78b598f56cf980449fbbaef05e9d6271fb154710?s=96&d=mm&r=g\",\"contentUrl\":\"https:\/\/secure.gravatar.com\/avatar\/ad6f915cae0f525cea1bbd2b78b598f56cf980449fbbaef05e9d6271fb154710?s=96&d=mm&r=g\",\"caption\":\"innovacioning\"},\"url\":\"https:\/\/ingenieria.udd.cl\/ii\/author\/innovacioning\/\"}]}<\/script>\n<!-- \/ Yoast SEO plugin. -->","yoast_head_json":{"title":"Facultad de Ingenier\u00eda realiza capacitaciones de tecnolog\u00eda para adultos mayores - Innovaci\u00f3n Ingenier\u00eda","robots":{"index":"index","follow":"follow","max-snippet":"max-snippet:-1","max-image-preview":"max-image-preview:large","max-video-preview":"max-video-preview:-1"},"canonical":"https:\/\/ingenieria.udd.cl\/ii\/2022\/09\/07\/facultad-de-ingenieria-realiza-capacitaciones-de-tecnologia-para-adultos-mayores\/","og_locale":"es_ES","og_type":"article","og_title":"Facultad de Ingenier\u00eda realiza capacitaciones de tecnolog\u00eda para adultos mayores - Innovaci\u00f3n Ingenier\u00eda","og_description":"M\u00e1s de 10 adultos mayores participaron de los talleres de \u201cAlfabetizaci\u00f3n Digital\u201d organizado por el C\u00edrculo de Capital Social desde la Universidad del B\u00edo B\u00edo, consorcio que agrupa a diferentes universidades de la regi\u00f3n (entre ellas a la Universidad del Desarrollo) donde cada instituci\u00f3n estuvo a cargo de una capacitaci\u00f3n. Los talleres realizados por la [&hellip;]","og_url":"https:\/\/ingenieria.udd.cl\/ii\/2022\/09\/07\/facultad-de-ingenieria-realiza-capacitaciones-de-tecnologia-para-adultos-mayores\/","og_site_name":"Innovaci\u00f3n Ingenier\u00eda","article_published_time":"2022-09-07T16:29:49+00:00","article_modified_time":"2022-09-07T16:48:34+00:00","og_image":[{"width":1280,"height":960,"url":"https:\/\/ingenieria.udd.cl\/ii\/files\/2022\/09\/WhatsApp-Image-2022-09-07-at-12.18.21-PM-1.jpeg","type":"image\/jpeg"}],"author":"innovacioning","twitter_card":"summary_large_image","twitter_misc":{"Escrito por":"innovacioning","Tiempo de lectura":"2 minutos"},"schema":{"@context":"https:\/\/schema.org","@graph":[{"@type":"Article","@id":"https:\/\/ingenieria.udd.cl\/ii\/2022\/09\/07\/facultad-de-ingenieria-realiza-capacitaciones-de-tecnologia-para-adultos-mayores\/#article","isPartOf":{"@id":"https:\/\/ingenieria.udd.cl\/ii\/2022\/09\/07\/facultad-de-ingenieria-realiza-capacitaciones-de-tecnologia-para-adultos-mayores\/"},"author":{"name":"innovacioning","@id":"https:\/\/ingenieria.udd.cl\/ii\/#\/schema\/person\/1bc62a1a9a844eac900d3cbed49257ae"},"headline":"Facultad de Ingenier\u00eda realiza capacitaciones de tecnolog\u00eda para adultos mayores","datePublished":"2022-09-07T16:29:49+00:00","dateModified":"2022-09-07T16:48:34+00:00","mainEntityOfPage":{"@id":"https:\/\/ingenieria.udd.cl\/ii\/2022\/09\/07\/facultad-de-ingenieria-realiza-capacitaciones-de-tecnologia-para-adultos-mayores\/"},"wordCount":474,"commentCount":0,"image":{"@id":"https:\/\/ingenieria.udd.cl\/ii\/2022\/09\/07\/facultad-de-ingenieria-realiza-capacitaciones-de-tecnologia-para-adultos-mayores\/#primaryimage"},"thumbnailUrl":"https:\/\/ingenieria.udd.cl\/ii\/files\/2022\/09\/WhatsApp-Image-2022-09-07-at-12.18.21-PM-1.jpeg","articleSection":["Centro de Investigaci\u00f3n de Tecnolog\u00edas para la Sociedad","Noticias"],"inLanguage":"es","potentialAction":[{"@type":"CommentAction","name":"Comment","target":["https:\/\/ingenieria.udd.cl\/ii\/2022\/09\/07\/facultad-de-ingenieria-realiza-capacitaciones-de-tecnologia-para-adultos-mayores\/#respond"]}]},{"@type":"WebPage","@id":"https:\/\/ingenieria.udd.cl\/ii\/2022\/09\/07\/facultad-de-ingenieria-realiza-capacitaciones-de-tecnologia-para-adultos-mayores\/","url":"https:\/\/ingenieria.udd.cl\/ii\/2022\/09\/07\/facultad-de-ingenieria-realiza-capacitaciones-de-tecnologia-para-adultos-mayores\/","name":"Facultad de Ingenier\u00eda realiza capacitaciones de tecnolog\u00eda para adultos mayores - Innovaci\u00f3n Ingenier\u00eda","isPartOf":{"@id":"https:\/\/ingenieria.udd.cl\/ii\/#website"},"primaryImageOfPage":{"@id":"https:\/\/ingenieria.udd.cl\/ii\/2022\/09\/07\/facultad-de-ingenieria-realiza-capacitaciones-de-tecnologia-para-adultos-mayores\/#primaryimage"},"image":{"@id":"https:\/\/ingenieria.udd.cl\/ii\/2022\/09\/07\/facultad-de-ingenieria-realiza-capacitaciones-de-tecnologia-para-adultos-mayores\/#primaryimage"},"thumbnailUrl":"https:\/\/ingenieria.udd.cl\/ii\/files\/2022\/09\/WhatsApp-Image-2022-09-07-at-12.18.21-PM-1.jpeg","datePublished":"2022-09-07T16:29:49+00:00","dateModified":"2022-09-07T16:48:34+00:00","author":{"@id":"https:\/\/ingenieria.udd.cl\/ii\/#\/schema\/person\/1bc62a1a9a844eac900d3cbed49257ae"},"breadcrumb":{"@id":"https:\/\/ingenieria.udd.cl\/ii\/2022\/09\/07\/facultad-de-ingenieria-realiza-capacitaciones-de-tecnologia-para-adultos-mayores\/#breadcrumb"},"inLanguage":"es","potentialAction":[{"@type":"ReadAction","target":["https:\/\/ingenieria.udd.cl\/ii\/2022\/09\/07\/facultad-de-ingenieria-realiza-capacitaciones-de-tecnologia-para-adultos-mayores\/"]}]},{"@type":"ImageObject","inLanguage":"es","@id":"https:\/\/ingenieria.udd.cl\/ii\/2022\/09\/07\/facultad-de-ingenieria-realiza-capacitaciones-de-tecnologia-para-adultos-mayores\/#primaryimage","url":"https:\/\/ingenieria.udd.cl\/ii\/files\/2022\/09\/WhatsApp-Image-2022-09-07-at-12.18.21-PM-1.jpeg","contentUrl":"https:\/\/ingenieria.udd.cl\/ii\/files\/2022\/09\/WhatsApp-Image-2022-09-07-at-12.18.21-PM-1.jpeg","width":1280,"height":960},{"@type":"BreadcrumbList","@id":"https:\/\/ingenieria.udd.cl\/ii\/2022\/09\/07\/facultad-de-ingenieria-realiza-capacitaciones-de-tecnologia-para-adultos-mayores\/#breadcrumb","itemListElement":[{"@type":"ListItem","position":1,"name":"Portada","item":"https:\/\/ingenieria.udd.cl\/ii\/"},{"@type":"ListItem","position":2,"name":"Facultad de Ingenier\u00eda realiza capacitaciones de tecnolog\u00eda para adultos mayores"}]},{"@type":"WebSite","@id":"https:\/\/ingenieria.udd.cl\/ii\/#website","url":"https:\/\/ingenieria.udd.cl\/ii\/","name":"Innovaci\u00f3n Ingenier\u00eda","description":"Otro sitio m\u00e1s de Ingenieria","inLanguage":"es"},{"@type":"Person","@id":"https:\/\/ingenieria.udd.cl\/ii\/#\/schema\/person\/1bc62a1a9a844eac900d3cbed49257ae","name":"innovacioning","image":{"@type":"ImageObject","inLanguage":"es","@id":"https:\/\/ingenieria.udd.cl\/ii\/#\/schema\/person\/image\/","url":"https:\/\/secure.gravatar.com\/avatar\/ad6f915cae0f525cea1bbd2b78b598f56cf980449fbbaef05e9d6271fb154710?s=96&d=mm&r=g","contentUrl":"https:\/\/secure.gravatar.com\/avatar\/ad6f915cae0f525cea1bbd2b78b598f56cf980449fbbaef05e9d6271fb154710?s=96&d=mm&r=g","caption":"innovacioning"},"url":"https:\/\/ingenieria.udd.cl\/ii\/author\/innovacioning\/"}]}},"featured_image_url":"https:\/\/ingenieria.udd.cl\/ii\/files\/2022\/09\/WhatsApp-Image-2022-09-07-at-12.18.21-PM-1.jpeg","_links":{"self":[{"href":"https:\/\/ingenieria.udd.cl\/ii\/wp-json\/wp\/v2\/posts\/2728","targetHints":{"allow":["GET"]}}],"collection":[{"href":"https:\/\/ingenieria.udd.cl\/ii\/wp-json\/wp\/v2\/posts"}],"about":[{"href":"https:\/\/ingenieria.udd.cl\/ii\/wp-json\/wp\/v2\/types\/post"}],"author":[{"embeddable":true,"href":"https:\/\/ingenieria.udd.cl\/ii\/wp-json\/wp\/v2\/users\/9192225"}],"replies":[{"embeddable":true,"href":"https:\/\/ingenieria.udd.cl\/ii\/wp-json\/wp\/v2\/comments?post=2728"}],"version-history":[{"count":2,"href":"https:\/\/ingenieria.udd.cl\/ii\/wp-json\/wp\/v2\/posts\/2728\/revisions"}],"predecessor-version":[{"id":2733,"href":"https:\/\/ingenieria.udd.cl\/ii\/wp-json\/wp\/v2\/posts\/2728\/revisions\/2733"}],"wp:featuredmedia":[{"embeddable":true,"href":"https:\/\/ingenieria.udd.cl\/ii\/wp-json\/wp\/v2\/media\/2730"}],"wp:attachment":[{"href":"https:\/\/ingenieria.udd.cl\/ii\/wp-json\/wp\/v2\/media?parent=2728"}],"wp:term":[{"taxonomy":"category","embeddable":true,"href":"https:\/\/ingenieria.udd.cl\/ii\/wp-json\/wp\/v2\/categories?post=2728"},{"taxonomy":"post_tag","embeddable":true,"href":"https:\/\/ingenieria.udd.cl\/ii\/wp-json\/wp\/v2\/tags?post=2728"}],"curies":[{"name":"wp","href":"https:\/\/api.w.org\/{rel}","templated":true}]}}