{"id":3035,"date":"2023-01-03T14:53:12","date_gmt":"2023-01-03T13:53:12","guid":{"rendered":"https:\/\/ingenieria.udd.cl\/ii\/?p=3035"},"modified":"2023-01-05T19:42:37","modified_gmt":"2023-01-05T18:42:37","slug":"investigadoras-del-c-realizaran-investigacion-en-la-antartica-para-estudio-de-las-comunidades-microbianas-y-contaminacion-del-aire","status":"publish","type":"post","link":"https:\/\/ingenieria.udd.cl\/ii\/2023\/01\/03\/investigadoras-del-c-realizaran-investigacion-en-la-antartica-para-estudio-de-las-comunidades-microbianas-y-contaminacion-del-aire\/","title":{"rendered":"Investigadoras del C+ realizar\u00e1n investigaci\u00f3n en la Ant\u00e1rtica para estudio de las comunidades microbianas y contaminaci\u00f3n del aire"},"content":{"rendered":"\n<p>Durante las pr\u00f3ximas semanas, dos investigadoras del Centro de Investigaci\u00f3n en Tecnolog\u00edas para la Sociedad (C+) de la Facultad de Ingenier\u00eda UDD, participar\u00e1n de la 59va expedici\u00f3n cient\u00edfica en la Ant\u00e1rtica como parte de una investigaci\u00f3n para conocer la comunidad microbiana en diferentes ambientes: agua de mar, nieve y aire.<\/p>\n\n\n\n<p>El estudio se enmarca dentro de un Fondecyt de Iniciaci\u00f3n, que est\u00e1 en su \u00faltima etapa, donde Mar\u00eda Estrella Alcam\u00e1n es la investigadora principal. Dentro de sus objetivos, la investigaci\u00f3n busca revelar la composici\u00f3n de la comunidad microbiana de estos h\u00e1bitats e indagar c\u00f3mo est\u00e1n relacionadas, entre cada ecosistema y su alrededor, por medio de la recolecci\u00f3n de agua de mar, nieve acumulada y precipitada.\u00a0<\/p>\n\n\n\n<p>Una de las grandes conclusiones que se ha podido observar a lo largo de este estudio, es la existencia de diferencias entre poblaciones de bacterias de los lugares que son intervenidos por los seres humanos, por ejemplo, donde se encuentran las bases, versus los que no. Tambi\u00e9n, por ejemplo, c\u00f3mo cambia la composici\u00f3n microbiana cuando la nieve viene de una nevaz\u00f3n.\u00a0<\/p>\n\n\n\n<p>\u201cEstos cambios en composici\u00f3n y abundancia relativa nos habla de las grandes adaptaciones metab\u00f3licas y de sobrevivencia que tienen los microorganismos polares ante distintas situaciones de perturbaci\u00f3n, por ejemplo, cambios en las condiciones ambientales. Por ello, conocer esas adaptaciones y la identidad de los organismos primarios en el eslab\u00f3n tr\u00f3fico, es decir, el proceso de transferencia de sustancias nutritivas, nos permitir\u00e1 develar sobre su resiliencia o competencia en condiciones ambientales naturales y antropog\u00e9nicas, lo que se traduce en una ayuda para entender a qu\u00e9 nos veremos enfrentados en condiciones extremas del cambio clim\u00e1tico\u201d, se\u00f1al\u00f3 Mar\u00eda Estrella Alcaman.\u00a0<\/p>\n\n\n\n<p>Por otra parte, otro de los objetivos de la investigaci\u00f3n ser\u00e1 obtener muestras de aire y de contaminantes atmosf\u00e9ricos, estudio que estar\u00e1 a cargo tambi\u00e9n la investigadora del C+, Macarena Troncoso. Las mediciones de aire se realizar\u00e1n a trav\u00e9s de dos equipos especializados de gran potencia desarrollados en el C+, con la finalidad de obtener informaci\u00f3n de la composici\u00f3n del aerobioma del ambiente polar.<\/p>\n\n\n\n<p>Cabe destacar que ambas investigadoras son parte del Grupo de Investigaci\u00f3n EnviroHealth Dynamics del C+.&nbsp;<\/p>\n\n\n\n<figure class=\"wp-block-gallery has-nested-images columns-default is-cropped wp-block-gallery-1 is-layout-flex wp-block-gallery-is-layout-flex\">\n<figure class=\"wp-block-image size-large\"><img loading=\"lazy\" decoding=\"async\" width=\"1024\" height=\"768\" data-id=\"3042\" src=\"https:\/\/ingenieria.udd.cl\/ii\/files\/2023\/01\/dscn5758-1024x768.jpg\" alt=\"\" class=\"wp-image-3042\" srcset=\"https:\/\/ingenieria.udd.cl\/ii\/files\/2023\/01\/dscn5758-1024x768.jpg 1024w, https:\/\/ingenieria.udd.cl\/ii\/files\/2023\/01\/dscn5758-300x225.jpg 300w, https:\/\/ingenieria.udd.cl\/ii\/files\/2023\/01\/dscn5758-768x576.jpg 768w, https:\/\/ingenieria.udd.cl\/ii\/files\/2023\/01\/dscn5758-1536x1152.jpg 1536w, https:\/\/ingenieria.udd.cl\/ii\/files\/2023\/01\/dscn5758-2048x1536.jpg 2048w\" sizes=\"auto, (max-width: 1024px) 100vw, 1024px\" \/><\/figure>\n\n\n\n<figure class=\"wp-block-image size-large\"><img loading=\"lazy\" decoding=\"async\" width=\"768\" height=\"1024\" data-id=\"3040\" src=\"https:\/\/ingenieria.udd.cl\/ii\/files\/2023\/01\/whatsapp-image-2022-12-28-at-17-25-16-768x1024.jpeg\" alt=\"\" class=\"wp-image-3040\" srcset=\"https:\/\/ingenieria.udd.cl\/ii\/files\/2023\/01\/whatsapp-image-2022-12-28-at-17-25-16-768x1024.jpeg 768w, https:\/\/ingenieria.udd.cl\/ii\/files\/2023\/01\/whatsapp-image-2022-12-28-at-17-25-16-225x300.jpeg 225w, https:\/\/ingenieria.udd.cl\/ii\/files\/2023\/01\/whatsapp-image-2022-12-28-at-17-25-16.jpeg 960w\" sizes=\"auto, (max-width: 768px) 100vw, 768px\" \/><\/figure>\n\n\n\n<figure class=\"wp-block-image size-large\"><img loading=\"lazy\" decoding=\"async\" width=\"1024\" height=\"768\" data-id=\"3041\" src=\"https:\/\/ingenieria.udd.cl\/ii\/files\/2023\/01\/dscn6681-1024x768.jpg\" alt=\"\" class=\"wp-image-3041\" srcset=\"https:\/\/ingenieria.udd.cl\/ii\/files\/2023\/01\/dscn6681-1024x768.jpg 1024w, https:\/\/ingenieria.udd.cl\/ii\/files\/2023\/01\/dscn6681-300x225.jpg 300w, https:\/\/ingenieria.udd.cl\/ii\/files\/2023\/01\/dscn6681-768x576.jpg 768w, https:\/\/ingenieria.udd.cl\/ii\/files\/2023\/01\/dscn6681-1536x1152.jpg 1536w, https:\/\/ingenieria.udd.cl\/ii\/files\/2023\/01\/dscn6681-2048x1536.jpg 2048w\" sizes=\"auto, (max-width: 1024px) 100vw, 1024px\" \/><\/figure>\n\n\n\n<figure class=\"wp-block-image size-large\"><img loading=\"lazy\" decoding=\"async\" width=\"1024\" height=\"768\" data-id=\"3039\" src=\"https:\/\/ingenieria.udd.cl\/ii\/files\/2023\/01\/2017-02-20-00-29-42-5-1-1024x768.jpg\" alt=\"\" class=\"wp-image-3039\" srcset=\"https:\/\/ingenieria.udd.cl\/ii\/files\/2023\/01\/2017-02-20-00-29-42-5-1-1024x768.jpg 1024w, https:\/\/ingenieria.udd.cl\/ii\/files\/2023\/01\/2017-02-20-00-29-42-5-1-300x225.jpg 300w, https:\/\/ingenieria.udd.cl\/ii\/files\/2023\/01\/2017-02-20-00-29-42-5-1-768x576.jpg 768w, https:\/\/ingenieria.udd.cl\/ii\/files\/2023\/01\/2017-02-20-00-29-42-5-1.jpg 1040w\" sizes=\"auto, (max-width: 1024px) 100vw, 1024px\" \/><\/figure>\n\n\n\n<figure class=\"wp-block-image size-large\"><img loading=\"lazy\" decoding=\"async\" width=\"480\" height=\"640\" data-id=\"3038\" src=\"https:\/\/ingenieria.udd.cl\/ii\/files\/2023\/01\/image17-rotated.jpeg\" alt=\"\" class=\"wp-image-3038\" srcset=\"https:\/\/ingenieria.udd.cl\/ii\/files\/2023\/01\/image17-rotated.jpeg 480w, https:\/\/ingenieria.udd.cl\/ii\/files\/2023\/01\/image17-225x300.jpeg 225w\" sizes=\"auto, (max-width: 480px) 100vw, 480px\" \/><\/figure>\n<\/figure>\n","protected":false},"excerpt":{"rendered":"<p>Durante las pr\u00f3ximas semanas, dos investigadoras del Centro de Investigaci\u00f3n en Tecnolog\u00edas para la Sociedad (C+) de la Facultad de Ingenier\u00eda UDD, participar\u00e1n de la 59va expedici\u00f3n cient\u00edfica en la Ant\u00e1rtica como parte de una investigaci\u00f3n para conocer la comunidad microbiana en diferentes ambientes: agua de mar, nieve y aire. El estudio se enmarca dentro [&hellip;]<\/p>\n","protected":false},"author":9192225,"featured_media":3037,"comment_status":"open","ping_status":"open","sticky":false,"template":"","format":"standard","meta":{"footnotes":""},"categories":[22,25,2],"tags":[],"class_list":["post-3035","post","type-post","status-publish","format-standard","has-post-thumbnail","hentry","category-centro-de-investigacion-de-tecnologias-para-la-sociedad","category-envirohealth-dynamics","category-iinoticias"],"yoast_head":"<!-- This site is optimized with the Yoast SEO plugin v26.9 - https:\/\/yoast.com\/product\/yoast-seo-wordpress\/ -->\n<title>Investigadoras del C+ realizar\u00e1n investigaci\u00f3n en la Ant\u00e1rtica para estudio de las comunidades microbianas y contaminaci\u00f3n del aire - Innovaci\u00f3n Ingenier\u00eda<\/title>\n<meta name=\"robots\" content=\"index, follow, max-snippet:-1, max-image-preview:large, max-video-preview:-1\" \/>\n<link rel=\"canonical\" href=\"https:\/\/ingenieria.udd.cl\/ii\/2023\/01\/03\/investigadoras-del-c-realizaran-investigacion-en-la-antartica-para-estudio-de-las-comunidades-microbianas-y-contaminacion-del-aire\/\" \/>\n<meta property=\"og:locale\" content=\"es_ES\" \/>\n<meta property=\"og:type\" content=\"article\" \/>\n<meta property=\"og:title\" content=\"Investigadoras del C+ realizar\u00e1n investigaci\u00f3n en la Ant\u00e1rtica para estudio de las comunidades microbianas y contaminaci\u00f3n del aire - Innovaci\u00f3n Ingenier\u00eda\" \/>\n<meta property=\"og:description\" content=\"Durante las pr\u00f3ximas semanas, dos investigadoras del Centro de Investigaci\u00f3n en Tecnolog\u00edas para la Sociedad (C+) de la Facultad de Ingenier\u00eda UDD, participar\u00e1n de la 59va expedici\u00f3n cient\u00edfica en la Ant\u00e1rtica como parte de una investigaci\u00f3n para conocer la comunidad microbiana en diferentes ambientes: agua de mar, nieve y aire. El estudio se enmarca dentro [&hellip;]\" \/>\n<meta property=\"og:url\" content=\"https:\/\/ingenieria.udd.cl\/ii\/2023\/01\/03\/investigadoras-del-c-realizaran-investigacion-en-la-antartica-para-estudio-de-las-comunidades-microbianas-y-contaminacion-del-aire\/\" \/>\n<meta property=\"og:site_name\" content=\"Innovaci\u00f3n Ingenier\u00eda\" \/>\n<meta property=\"article:published_time\" content=\"2023-01-03T13:53:12+00:00\" \/>\n<meta property=\"article:modified_time\" content=\"2023-01-05T18:42:37+00:00\" \/>\n<meta property=\"og:image\" content=\"https:\/\/ingenieria.udd.cl\/ii\/files\/2023\/01\/2017-02-20-00-29-42-5.jpg\" \/>\n\t<meta property=\"og:image:width\" content=\"1040\" \/>\n\t<meta property=\"og:image:height\" content=\"780\" \/>\n\t<meta property=\"og:image:type\" content=\"image\/jpeg\" \/>\n<meta name=\"author\" content=\"innovacioning\" \/>\n<meta name=\"twitter:card\" content=\"summary_large_image\" \/>\n<meta name=\"twitter:label1\" content=\"Escrito por\" \/>\n\t<meta name=\"twitter:data1\" content=\"innovacioning\" \/>\n\t<meta name=\"twitter:label2\" content=\"Tiempo de lectura\" \/>\n\t<meta name=\"twitter:data2\" content=\"3 minutos\" \/>\n<script type=\"application\/ld+json\" class=\"yoast-schema-graph\">{\"@context\":\"https:\/\/schema.org\",\"@graph\":[{\"@type\":\"Article\",\"@id\":\"https:\/\/ingenieria.udd.cl\/ii\/2023\/01\/03\/investigadoras-del-c-realizaran-investigacion-en-la-antartica-para-estudio-de-las-comunidades-microbianas-y-contaminacion-del-aire\/#article\",\"isPartOf\":{\"@id\":\"https:\/\/ingenieria.udd.cl\/ii\/2023\/01\/03\/investigadoras-del-c-realizaran-investigacion-en-la-antartica-para-estudio-de-las-comunidades-microbianas-y-contaminacion-del-aire\/\"},\"author\":{\"name\":\"innovacioning\",\"@id\":\"https:\/\/ingenieria.udd.cl\/ii\/#\/schema\/person\/1bc62a1a9a844eac900d3cbed49257ae\"},\"headline\":\"Investigadoras del C+ realizar\u00e1n investigaci\u00f3n en la Ant\u00e1rtica para estudio de las comunidades microbianas y contaminaci\u00f3n del aire\",\"datePublished\":\"2023-01-03T13:53:12+00:00\",\"dateModified\":\"2023-01-05T18:42:37+00:00\",\"mainEntityOfPage\":{\"@id\":\"https:\/\/ingenieria.udd.cl\/ii\/2023\/01\/03\/investigadoras-del-c-realizaran-investigacion-en-la-antartica-para-estudio-de-las-comunidades-microbianas-y-contaminacion-del-aire\/\"},\"wordCount\":414,\"commentCount\":0,\"image\":{\"@id\":\"https:\/\/ingenieria.udd.cl\/ii\/2023\/01\/03\/investigadoras-del-c-realizaran-investigacion-en-la-antartica-para-estudio-de-las-comunidades-microbianas-y-contaminacion-del-aire\/#primaryimage\"},\"thumbnailUrl\":\"https:\/\/ingenieria.udd.cl\/ii\/files\/2023\/01\/2017-02-20-00-29-42-5.jpg\",\"articleSection\":[\"Centro de Investigaci\u00f3n de Tecnolog\u00edas para la Sociedad\",\"Envirohealth Dynamics\",\"Noticias\"],\"inLanguage\":\"es\",\"potentialAction\":[{\"@type\":\"CommentAction\",\"name\":\"Comment\",\"target\":[\"https:\/\/ingenieria.udd.cl\/ii\/2023\/01\/03\/investigadoras-del-c-realizaran-investigacion-en-la-antartica-para-estudio-de-las-comunidades-microbianas-y-contaminacion-del-aire\/#respond\"]}]},{\"@type\":\"WebPage\",\"@id\":\"https:\/\/ingenieria.udd.cl\/ii\/2023\/01\/03\/investigadoras-del-c-realizaran-investigacion-en-la-antartica-para-estudio-de-las-comunidades-microbianas-y-contaminacion-del-aire\/\",\"url\":\"https:\/\/ingenieria.udd.cl\/ii\/2023\/01\/03\/investigadoras-del-c-realizaran-investigacion-en-la-antartica-para-estudio-de-las-comunidades-microbianas-y-contaminacion-del-aire\/\",\"name\":\"Investigadoras del C+ realizar\u00e1n investigaci\u00f3n en la Ant\u00e1rtica para estudio de las comunidades microbianas y contaminaci\u00f3n del aire - Innovaci\u00f3n Ingenier\u00eda\",\"isPartOf\":{\"@id\":\"https:\/\/ingenieria.udd.cl\/ii\/#website\"},\"primaryImageOfPage\":{\"@id\":\"https:\/\/ingenieria.udd.cl\/ii\/2023\/01\/03\/investigadoras-del-c-realizaran-investigacion-en-la-antartica-para-estudio-de-las-comunidades-microbianas-y-contaminacion-del-aire\/#primaryimage\"},\"image\":{\"@id\":\"https:\/\/ingenieria.udd.cl\/ii\/2023\/01\/03\/investigadoras-del-c-realizaran-investigacion-en-la-antartica-para-estudio-de-las-comunidades-microbianas-y-contaminacion-del-aire\/#primaryimage\"},\"thumbnailUrl\":\"https:\/\/ingenieria.udd.cl\/ii\/files\/2023\/01\/2017-02-20-00-29-42-5.jpg\",\"datePublished\":\"2023-01-03T13:53:12+00:00\",\"dateModified\":\"2023-01-05T18:42:37+00:00\",\"author\":{\"@id\":\"https:\/\/ingenieria.udd.cl\/ii\/#\/schema\/person\/1bc62a1a9a844eac900d3cbed49257ae\"},\"breadcrumb\":{\"@id\":\"https:\/\/ingenieria.udd.cl\/ii\/2023\/01\/03\/investigadoras-del-c-realizaran-investigacion-en-la-antartica-para-estudio-de-las-comunidades-microbianas-y-contaminacion-del-aire\/#breadcrumb\"},\"inLanguage\":\"es\",\"potentialAction\":[{\"@type\":\"ReadAction\",\"target\":[\"https:\/\/ingenieria.udd.cl\/ii\/2023\/01\/03\/investigadoras-del-c-realizaran-investigacion-en-la-antartica-para-estudio-de-las-comunidades-microbianas-y-contaminacion-del-aire\/\"]}]},{\"@type\":\"ImageObject\",\"inLanguage\":\"es\",\"@id\":\"https:\/\/ingenieria.udd.cl\/ii\/2023\/01\/03\/investigadoras-del-c-realizaran-investigacion-en-la-antartica-para-estudio-de-las-comunidades-microbianas-y-contaminacion-del-aire\/#primaryimage\",\"url\":\"https:\/\/ingenieria.udd.cl\/ii\/files\/2023\/01\/2017-02-20-00-29-42-5.jpg\",\"contentUrl\":\"https:\/\/ingenieria.udd.cl\/ii\/files\/2023\/01\/2017-02-20-00-29-42-5.jpg\",\"width\":1040,\"height\":780},{\"@type\":\"BreadcrumbList\",\"@id\":\"https:\/\/ingenieria.udd.cl\/ii\/2023\/01\/03\/investigadoras-del-c-realizaran-investigacion-en-la-antartica-para-estudio-de-las-comunidades-microbianas-y-contaminacion-del-aire\/#breadcrumb\",\"itemListElement\":[{\"@type\":\"ListItem\",\"position\":1,\"name\":\"Portada\",\"item\":\"https:\/\/ingenieria.udd.cl\/ii\/\"},{\"@type\":\"ListItem\",\"position\":2,\"name\":\"Investigadoras del C+ realizar\u00e1n investigaci\u00f3n en la Ant\u00e1rtica para estudio de las comunidades microbianas y contaminaci\u00f3n del aire\"}]},{\"@type\":\"WebSite\",\"@id\":\"https:\/\/ingenieria.udd.cl\/ii\/#website\",\"url\":\"https:\/\/ingenieria.udd.cl\/ii\/\",\"name\":\"Innovaci\u00f3n Ingenier\u00eda\",\"description\":\"Otro sitio m\u00e1s de Ingenieria\",\"inLanguage\":\"es\"},{\"@type\":\"Person\",\"@id\":\"https:\/\/ingenieria.udd.cl\/ii\/#\/schema\/person\/1bc62a1a9a844eac900d3cbed49257ae\",\"name\":\"innovacioning\",\"image\":{\"@type\":\"ImageObject\",\"inLanguage\":\"es\",\"@id\":\"https:\/\/ingenieria.udd.cl\/ii\/#\/schema\/person\/image\/\",\"url\":\"https:\/\/secure.gravatar.com\/avatar\/ad6f915cae0f525cea1bbd2b78b598f56cf980449fbbaef05e9d6271fb154710?s=96&d=mm&r=g\",\"contentUrl\":\"https:\/\/secure.gravatar.com\/avatar\/ad6f915cae0f525cea1bbd2b78b598f56cf980449fbbaef05e9d6271fb154710?s=96&d=mm&r=g\",\"caption\":\"innovacioning\"},\"url\":\"https:\/\/ingenieria.udd.cl\/ii\/author\/innovacioning\/\"}]}<\/script>\n<!-- \/ Yoast SEO plugin. -->","yoast_head_json":{"title":"Investigadoras del C+ realizar\u00e1n investigaci\u00f3n en la Ant\u00e1rtica para estudio de las comunidades microbianas y contaminaci\u00f3n del aire - Innovaci\u00f3n Ingenier\u00eda","robots":{"index":"index","follow":"follow","max-snippet":"max-snippet:-1","max-image-preview":"max-image-preview:large","max-video-preview":"max-video-preview:-1"},"canonical":"https:\/\/ingenieria.udd.cl\/ii\/2023\/01\/03\/investigadoras-del-c-realizaran-investigacion-en-la-antartica-para-estudio-de-las-comunidades-microbianas-y-contaminacion-del-aire\/","og_locale":"es_ES","og_type":"article","og_title":"Investigadoras del C+ realizar\u00e1n investigaci\u00f3n en la Ant\u00e1rtica para estudio de las comunidades microbianas y contaminaci\u00f3n del aire - Innovaci\u00f3n Ingenier\u00eda","og_description":"Durante las pr\u00f3ximas semanas, dos investigadoras del Centro de Investigaci\u00f3n en Tecnolog\u00edas para la Sociedad (C+) de la Facultad de Ingenier\u00eda UDD, participar\u00e1n de la 59va expedici\u00f3n cient\u00edfica en la Ant\u00e1rtica como parte de una investigaci\u00f3n para conocer la comunidad microbiana en diferentes ambientes: agua de mar, nieve y aire. El estudio se enmarca dentro [&hellip;]","og_url":"https:\/\/ingenieria.udd.cl\/ii\/2023\/01\/03\/investigadoras-del-c-realizaran-investigacion-en-la-antartica-para-estudio-de-las-comunidades-microbianas-y-contaminacion-del-aire\/","og_site_name":"Innovaci\u00f3n Ingenier\u00eda","article_published_time":"2023-01-03T13:53:12+00:00","article_modified_time":"2023-01-05T18:42:37+00:00","og_image":[{"width":1040,"height":780,"url":"https:\/\/ingenieria.udd.cl\/ii\/files\/2023\/01\/2017-02-20-00-29-42-5.jpg","type":"image\/jpeg"}],"author":"innovacioning","twitter_card":"summary_large_image","twitter_misc":{"Escrito por":"innovacioning","Tiempo de lectura":"3 minutos"},"schema":{"@context":"https:\/\/schema.org","@graph":[{"@type":"Article","@id":"https:\/\/ingenieria.udd.cl\/ii\/2023\/01\/03\/investigadoras-del-c-realizaran-investigacion-en-la-antartica-para-estudio-de-las-comunidades-microbianas-y-contaminacion-del-aire\/#article","isPartOf":{"@id":"https:\/\/ingenieria.udd.cl\/ii\/2023\/01\/03\/investigadoras-del-c-realizaran-investigacion-en-la-antartica-para-estudio-de-las-comunidades-microbianas-y-contaminacion-del-aire\/"},"author":{"name":"innovacioning","@id":"https:\/\/ingenieria.udd.cl\/ii\/#\/schema\/person\/1bc62a1a9a844eac900d3cbed49257ae"},"headline":"Investigadoras del C+ realizar\u00e1n investigaci\u00f3n en la Ant\u00e1rtica para estudio de las comunidades microbianas y contaminaci\u00f3n del aire","datePublished":"2023-01-03T13:53:12+00:00","dateModified":"2023-01-05T18:42:37+00:00","mainEntityOfPage":{"@id":"https:\/\/ingenieria.udd.cl\/ii\/2023\/01\/03\/investigadoras-del-c-realizaran-investigacion-en-la-antartica-para-estudio-de-las-comunidades-microbianas-y-contaminacion-del-aire\/"},"wordCount":414,"commentCount":0,"image":{"@id":"https:\/\/ingenieria.udd.cl\/ii\/2023\/01\/03\/investigadoras-del-c-realizaran-investigacion-en-la-antartica-para-estudio-de-las-comunidades-microbianas-y-contaminacion-del-aire\/#primaryimage"},"thumbnailUrl":"https:\/\/ingenieria.udd.cl\/ii\/files\/2023\/01\/2017-02-20-00-29-42-5.jpg","articleSection":["Centro de Investigaci\u00f3n de Tecnolog\u00edas para la Sociedad","Envirohealth Dynamics","Noticias"],"inLanguage":"es","potentialAction":[{"@type":"CommentAction","name":"Comment","target":["https:\/\/ingenieria.udd.cl\/ii\/2023\/01\/03\/investigadoras-del-c-realizaran-investigacion-en-la-antartica-para-estudio-de-las-comunidades-microbianas-y-contaminacion-del-aire\/#respond"]}]},{"@type":"WebPage","@id":"https:\/\/ingenieria.udd.cl\/ii\/2023\/01\/03\/investigadoras-del-c-realizaran-investigacion-en-la-antartica-para-estudio-de-las-comunidades-microbianas-y-contaminacion-del-aire\/","url":"https:\/\/ingenieria.udd.cl\/ii\/2023\/01\/03\/investigadoras-del-c-realizaran-investigacion-en-la-antartica-para-estudio-de-las-comunidades-microbianas-y-contaminacion-del-aire\/","name":"Investigadoras del C+ realizar\u00e1n investigaci\u00f3n en la Ant\u00e1rtica para estudio de las comunidades microbianas y contaminaci\u00f3n del aire - Innovaci\u00f3n Ingenier\u00eda","isPartOf":{"@id":"https:\/\/ingenieria.udd.cl\/ii\/#website"},"primaryImageOfPage":{"@id":"https:\/\/ingenieria.udd.cl\/ii\/2023\/01\/03\/investigadoras-del-c-realizaran-investigacion-en-la-antartica-para-estudio-de-las-comunidades-microbianas-y-contaminacion-del-aire\/#primaryimage"},"image":{"@id":"https:\/\/ingenieria.udd.cl\/ii\/2023\/01\/03\/investigadoras-del-c-realizaran-investigacion-en-la-antartica-para-estudio-de-las-comunidades-microbianas-y-contaminacion-del-aire\/#primaryimage"},"thumbnailUrl":"https:\/\/ingenieria.udd.cl\/ii\/files\/2023\/01\/2017-02-20-00-29-42-5.jpg","datePublished":"2023-01-03T13:53:12+00:00","dateModified":"2023-01-05T18:42:37+00:00","author":{"@id":"https:\/\/ingenieria.udd.cl\/ii\/#\/schema\/person\/1bc62a1a9a844eac900d3cbed49257ae"},"breadcrumb":{"@id":"https:\/\/ingenieria.udd.cl\/ii\/2023\/01\/03\/investigadoras-del-c-realizaran-investigacion-en-la-antartica-para-estudio-de-las-comunidades-microbianas-y-contaminacion-del-aire\/#breadcrumb"},"inLanguage":"es","potentialAction":[{"@type":"ReadAction","target":["https:\/\/ingenieria.udd.cl\/ii\/2023\/01\/03\/investigadoras-del-c-realizaran-investigacion-en-la-antartica-para-estudio-de-las-comunidades-microbianas-y-contaminacion-del-aire\/"]}]},{"@type":"ImageObject","inLanguage":"es","@id":"https:\/\/ingenieria.udd.cl\/ii\/2023\/01\/03\/investigadoras-del-c-realizaran-investigacion-en-la-antartica-para-estudio-de-las-comunidades-microbianas-y-contaminacion-del-aire\/#primaryimage","url":"https:\/\/ingenieria.udd.cl\/ii\/files\/2023\/01\/2017-02-20-00-29-42-5.jpg","contentUrl":"https:\/\/ingenieria.udd.cl\/ii\/files\/2023\/01\/2017-02-20-00-29-42-5.jpg","width":1040,"height":780},{"@type":"BreadcrumbList","@id":"https:\/\/ingenieria.udd.cl\/ii\/2023\/01\/03\/investigadoras-del-c-realizaran-investigacion-en-la-antartica-para-estudio-de-las-comunidades-microbianas-y-contaminacion-del-aire\/#breadcrumb","itemListElement":[{"@type":"ListItem","position":1,"name":"Portada","item":"https:\/\/ingenieria.udd.cl\/ii\/"},{"@type":"ListItem","position":2,"name":"Investigadoras del C+ realizar\u00e1n investigaci\u00f3n en la Ant\u00e1rtica para estudio de las comunidades microbianas y contaminaci\u00f3n del aire"}]},{"@type":"WebSite","@id":"https:\/\/ingenieria.udd.cl\/ii\/#website","url":"https:\/\/ingenieria.udd.cl\/ii\/","name":"Innovaci\u00f3n Ingenier\u00eda","description":"Otro sitio m\u00e1s de Ingenieria","inLanguage":"es"},{"@type":"Person","@id":"https:\/\/ingenieria.udd.cl\/ii\/#\/schema\/person\/1bc62a1a9a844eac900d3cbed49257ae","name":"innovacioning","image":{"@type":"ImageObject","inLanguage":"es","@id":"https:\/\/ingenieria.udd.cl\/ii\/#\/schema\/person\/image\/","url":"https:\/\/secure.gravatar.com\/avatar\/ad6f915cae0f525cea1bbd2b78b598f56cf980449fbbaef05e9d6271fb154710?s=96&d=mm&r=g","contentUrl":"https:\/\/secure.gravatar.com\/avatar\/ad6f915cae0f525cea1bbd2b78b598f56cf980449fbbaef05e9d6271fb154710?s=96&d=mm&r=g","caption":"innovacioning"},"url":"https:\/\/ingenieria.udd.cl\/ii\/author\/innovacioning\/"}]}},"featured_image_url":"https:\/\/ingenieria.udd.cl\/ii\/files\/2023\/01\/2017-02-20-00-29-42-5.jpg","_links":{"self":[{"href":"https:\/\/ingenieria.udd.cl\/ii\/wp-json\/wp\/v2\/posts\/3035","targetHints":{"allow":["GET"]}}],"collection":[{"href":"https:\/\/ingenieria.udd.cl\/ii\/wp-json\/wp\/v2\/posts"}],"about":[{"href":"https:\/\/ingenieria.udd.cl\/ii\/wp-json\/wp\/v2\/types\/post"}],"author":[{"embeddable":true,"href":"https:\/\/ingenieria.udd.cl\/ii\/wp-json\/wp\/v2\/users\/9192225"}],"replies":[{"embeddable":true,"href":"https:\/\/ingenieria.udd.cl\/ii\/wp-json\/wp\/v2\/comments?post=3035"}],"version-history":[{"count":4,"href":"https:\/\/ingenieria.udd.cl\/ii\/wp-json\/wp\/v2\/posts\/3035\/revisions"}],"predecessor-version":[{"id":3047,"href":"https:\/\/ingenieria.udd.cl\/ii\/wp-json\/wp\/v2\/posts\/3035\/revisions\/3047"}],"wp:featuredmedia":[{"embeddable":true,"href":"https:\/\/ingenieria.udd.cl\/ii\/wp-json\/wp\/v2\/media\/3037"}],"wp:attachment":[{"href":"https:\/\/ingenieria.udd.cl\/ii\/wp-json\/wp\/v2\/media?parent=3035"}],"wp:term":[{"taxonomy":"category","embeddable":true,"href":"https:\/\/ingenieria.udd.cl\/ii\/wp-json\/wp\/v2\/categories?post=3035"},{"taxonomy":"post_tag","embeddable":true,"href":"https:\/\/ingenieria.udd.cl\/ii\/wp-json\/wp\/v2\/tags?post=3035"}],"curies":[{"name":"wp","href":"https:\/\/api.w.org\/{rel}","templated":true}]}}