{"id":3061,"date":"2023-01-09T19:48:18","date_gmt":"2023-01-09T18:48:18","guid":{"rendered":"https:\/\/ingenieria.udd.cl\/ii\/?p=3061"},"modified":"2023-01-09T19:48:19","modified_gmt":"2023-01-09T18:48:19","slug":"investigador-del-c-expone-en-charla-sobre-la-importancia-de-la-innovacion-sostenible-en-la-era-post-covid","status":"publish","type":"post","link":"https:\/\/ingenieria.udd.cl\/ii\/2023\/01\/09\/investigador-del-c-expone-en-charla-sobre-la-importancia-de-la-innovacion-sostenible-en-la-era-post-covid\/","title":{"rendered":"Investigador del C+ expone en charla sobre la importancia de la innovaci\u00f3n sostenible en la era \u00abPost Covid\u00bb"},"content":{"rendered":"\n<p>A finales de diciembre de 2022, el investigador del grupo Tech Policy, del Centro de Investigaci\u00f3n en Tecnolog\u00edas para la Sociedad (C+), Jorge Hern\u00e1ndez, particip\u00f3 en la \u201cIgnite Innovation\u201d, organizada por ME Elecmetal, una empresa global con m\u00e1s de 100 a\u00f1os de experiencia como proveedor y aliado estrat\u00e9gico en el rubro de la miner\u00eda. El evento tuvo como objetivo conversar sobre las tendencias actuales en la industria de Miner\u00eda y Metales desde una perspectiva sist\u00e9mica, usando como insumo los reportes de la plataforma de inteligencia estrat\u00e9gica del Foro Econ\u00f3mico Mundial.&nbsp;<\/p>\n\n\n\n<p>En esta ocasi\u00f3n, el investigador y soci\u00f3logo, Jorge Hern\u00e1ndez, estuvo a cargo de la charla \u201cInnovaci\u00f3n sostenible en la era post Covid para la industria de metales y miner\u00eda\u201d, donde se expuso sobre los cambios que han ocurrido en este sector post pandemia y c\u00f3mo los desaf\u00edos financieros han iniciado un cambio de paradigma en relaci\u00f3n al estado de las cosas tal como lo conocimos en los \u00faltimos a\u00f1os.&nbsp;<\/p>\n\n\n\n<p>Uno de los enfoques m\u00e1s importantes que enfatiz\u00f3 en la charla, fue c\u00f3mo la innovaci\u00f3n sostenible es vital para lograr una transformaci\u00f3n necesaria para asegurar la vitalidad del sector y tambi\u00e9n c\u00f3mo ha ayudado a que algunas empresas innoven no s\u00f3lo de manera log\u00edstica y operativa, sino que tambi\u00e9n a nivel de cultura, relato, visi\u00f3n, relacionamiento con el entorno, entre otros.&nbsp;<\/p>\n\n\n\n<p>\u201cExiste un gran inter\u00e9s por parte de grandes empresas por relevar estos temas y ponerlo en la agenda de objetivos. Adem\u00e1s, hay una idea de cambiar el concepto de innovaci\u00f3n como se conoce actualmente, por uno que sea m\u00e1s sostenible y que atienda a las necesidades del entorno, es decir, en el futuro esperamos ya est\u00e9 incorporado el concepto de sostenibilidad en el coraz\u00f3n y adn de las actividades industriales\u201d, sostuvo Hern\u00e1ndez respecto a la importancia de integrar la innovaci\u00f3n sostenible en el sector industrial.&nbsp;<\/p>\n\n\n\n<p>En relaci\u00f3n a su participaci\u00f3n, Hern\u00e1ndez, se\u00f1al\u00f3 que \u201cfue una experiencia muy enriquecedora, en el sentido de poder explorar un \u00e1mbito nuevo para m\u00ed, que es la miner\u00eda y los metales desde la perspectiva del desarrollo sostenible. Esta mirada es un puente que une de manera sist\u00e9mica distintos \u00e1mbitos cuyo relacionamiento es clave para entrar a buscar soluciones para la crisis e incertidumbre industrial global\u201d.&nbsp;<\/p>\n","protected":false},"excerpt":{"rendered":"<p>A finales de diciembre de 2022, el investigador del grupo Tech Policy, del Centro de Investigaci\u00f3n en Tecnolog\u00edas para la Sociedad (C+), Jorge Hern\u00e1ndez, particip\u00f3 en la \u201cIgnite Innovation\u201d, organizada por ME Elecmetal, una empresa global con m\u00e1s de 100 a\u00f1os de experiencia como proveedor y aliado estrat\u00e9gico en el rubro de la miner\u00eda. El [&hellip;]<\/p>\n","protected":false},"author":9192225,"featured_media":3062,"comment_status":"open","ping_status":"open","sticky":false,"template":"","format":"standard","meta":{"footnotes":""},"categories":[22,2,13],"tags":[],"class_list":["post-3061","post","type-post","status-publish","format-standard","has-post-thumbnail","hentry","category-centro-de-investigacion-de-tecnologias-para-la-sociedad","category-iinoticias","category-noticias-techpolicy"],"yoast_head":"<!-- This site is optimized with the Yoast SEO plugin v26.9 - https:\/\/yoast.com\/product\/yoast-seo-wordpress\/ -->\n<title>Investigador del C+ expone en charla sobre la importancia de la innovaci\u00f3n sostenible en la era &quot;Post Covid&quot; - Innovaci\u00f3n Ingenier\u00eda<\/title>\n<meta name=\"robots\" content=\"index, follow, max-snippet:-1, max-image-preview:large, max-video-preview:-1\" \/>\n<link rel=\"canonical\" href=\"https:\/\/ingenieria.udd.cl\/ii\/2023\/01\/09\/investigador-del-c-expone-en-charla-sobre-la-importancia-de-la-innovacion-sostenible-en-la-era-post-covid\/\" \/>\n<meta property=\"og:locale\" content=\"es_ES\" \/>\n<meta property=\"og:type\" content=\"article\" \/>\n<meta property=\"og:title\" content=\"Investigador del C+ expone en charla sobre la importancia de la innovaci\u00f3n sostenible en la era &quot;Post Covid&quot; - Innovaci\u00f3n Ingenier\u00eda\" \/>\n<meta property=\"og:description\" content=\"A finales de diciembre de 2022, el investigador del grupo Tech Policy, del Centro de Investigaci\u00f3n en Tecnolog\u00edas para la Sociedad (C+), Jorge Hern\u00e1ndez, particip\u00f3 en la \u201cIgnite Innovation\u201d, organizada por ME Elecmetal, una empresa global con m\u00e1s de 100 a\u00f1os de experiencia como proveedor y aliado estrat\u00e9gico en el rubro de la miner\u00eda. El [&hellip;]\" \/>\n<meta property=\"og:url\" content=\"https:\/\/ingenieria.udd.cl\/ii\/2023\/01\/09\/investigador-del-c-expone-en-charla-sobre-la-importancia-de-la-innovacion-sostenible-en-la-era-post-covid\/\" \/>\n<meta property=\"og:site_name\" content=\"Innovaci\u00f3n Ingenier\u00eda\" \/>\n<meta property=\"article:published_time\" content=\"2023-01-09T18:48:18+00:00\" \/>\n<meta property=\"article:modified_time\" content=\"2023-01-09T18:48:19+00:00\" \/>\n<meta property=\"og:image\" content=\"https:\/\/ingenieria.udd.cl\/ii\/files\/2023\/01\/noticia-1024x614.png\" \/>\n\t<meta property=\"og:image:width\" content=\"1024\" \/>\n\t<meta property=\"og:image:height\" content=\"614\" \/>\n\t<meta property=\"og:image:type\" content=\"image\/png\" \/>\n<meta name=\"author\" content=\"innovacioning\" \/>\n<meta name=\"twitter:card\" content=\"summary_large_image\" \/>\n<meta name=\"twitter:label1\" content=\"Escrito por\" \/>\n\t<meta name=\"twitter:data1\" content=\"innovacioning\" \/>\n\t<meta name=\"twitter:label2\" content=\"Tiempo de lectura\" \/>\n\t<meta name=\"twitter:data2\" content=\"2 minutos\" \/>\n<script type=\"application\/ld+json\" class=\"yoast-schema-graph\">{\"@context\":\"https:\/\/schema.org\",\"@graph\":[{\"@type\":\"Article\",\"@id\":\"https:\/\/ingenieria.udd.cl\/ii\/2023\/01\/09\/investigador-del-c-expone-en-charla-sobre-la-importancia-de-la-innovacion-sostenible-en-la-era-post-covid\/#article\",\"isPartOf\":{\"@id\":\"https:\/\/ingenieria.udd.cl\/ii\/2023\/01\/09\/investigador-del-c-expone-en-charla-sobre-la-importancia-de-la-innovacion-sostenible-en-la-era-post-covid\/\"},\"author\":{\"name\":\"innovacioning\",\"@id\":\"https:\/\/ingenieria.udd.cl\/ii\/#\/schema\/person\/1bc62a1a9a844eac900d3cbed49257ae\"},\"headline\":\"Investigador del C+ expone en charla sobre la importancia de la innovaci\u00f3n sostenible en la era \u00abPost Covid\u00bb\",\"datePublished\":\"2023-01-09T18:48:18+00:00\",\"dateModified\":\"2023-01-09T18:48:19+00:00\",\"mainEntityOfPage\":{\"@id\":\"https:\/\/ingenieria.udd.cl\/ii\/2023\/01\/09\/investigador-del-c-expone-en-charla-sobre-la-importancia-de-la-innovacion-sostenible-en-la-era-post-covid\/\"},\"wordCount\":435,\"commentCount\":0,\"image\":{\"@id\":\"https:\/\/ingenieria.udd.cl\/ii\/2023\/01\/09\/investigador-del-c-expone-en-charla-sobre-la-importancia-de-la-innovacion-sostenible-en-la-era-post-covid\/#primaryimage\"},\"thumbnailUrl\":\"https:\/\/ingenieria.udd.cl\/ii\/files\/2023\/01\/noticia.png\",\"articleSection\":[\"Centro de Investigaci\u00f3n de Tecnolog\u00edas para la Sociedad\",\"Noticias\",\"Tech Policy\"],\"inLanguage\":\"es\",\"potentialAction\":[{\"@type\":\"CommentAction\",\"name\":\"Comment\",\"target\":[\"https:\/\/ingenieria.udd.cl\/ii\/2023\/01\/09\/investigador-del-c-expone-en-charla-sobre-la-importancia-de-la-innovacion-sostenible-en-la-era-post-covid\/#respond\"]}]},{\"@type\":\"WebPage\",\"@id\":\"https:\/\/ingenieria.udd.cl\/ii\/2023\/01\/09\/investigador-del-c-expone-en-charla-sobre-la-importancia-de-la-innovacion-sostenible-en-la-era-post-covid\/\",\"url\":\"https:\/\/ingenieria.udd.cl\/ii\/2023\/01\/09\/investigador-del-c-expone-en-charla-sobre-la-importancia-de-la-innovacion-sostenible-en-la-era-post-covid\/\",\"name\":\"Investigador del C+ expone en charla sobre la importancia de la innovaci\u00f3n sostenible en la era \\\"Post Covid\\\" - Innovaci\u00f3n Ingenier\u00eda\",\"isPartOf\":{\"@id\":\"https:\/\/ingenieria.udd.cl\/ii\/#website\"},\"primaryImageOfPage\":{\"@id\":\"https:\/\/ingenieria.udd.cl\/ii\/2023\/01\/09\/investigador-del-c-expone-en-charla-sobre-la-importancia-de-la-innovacion-sostenible-en-la-era-post-covid\/#primaryimage\"},\"image\":{\"@id\":\"https:\/\/ingenieria.udd.cl\/ii\/2023\/01\/09\/investigador-del-c-expone-en-charla-sobre-la-importancia-de-la-innovacion-sostenible-en-la-era-post-covid\/#primaryimage\"},\"thumbnailUrl\":\"https:\/\/ingenieria.udd.cl\/ii\/files\/2023\/01\/noticia.png\",\"datePublished\":\"2023-01-09T18:48:18+00:00\",\"dateModified\":\"2023-01-09T18:48:19+00:00\",\"author\":{\"@id\":\"https:\/\/ingenieria.udd.cl\/ii\/#\/schema\/person\/1bc62a1a9a844eac900d3cbed49257ae\"},\"breadcrumb\":{\"@id\":\"https:\/\/ingenieria.udd.cl\/ii\/2023\/01\/09\/investigador-del-c-expone-en-charla-sobre-la-importancia-de-la-innovacion-sostenible-en-la-era-post-covid\/#breadcrumb\"},\"inLanguage\":\"es\",\"potentialAction\":[{\"@type\":\"ReadAction\",\"target\":[\"https:\/\/ingenieria.udd.cl\/ii\/2023\/01\/09\/investigador-del-c-expone-en-charla-sobre-la-importancia-de-la-innovacion-sostenible-en-la-era-post-covid\/\"]}]},{\"@type\":\"ImageObject\",\"inLanguage\":\"es\",\"@id\":\"https:\/\/ingenieria.udd.cl\/ii\/2023\/01\/09\/investigador-del-c-expone-en-charla-sobre-la-importancia-de-la-innovacion-sostenible-en-la-era-post-covid\/#primaryimage\",\"url\":\"https:\/\/ingenieria.udd.cl\/ii\/files\/2023\/01\/noticia.png\",\"contentUrl\":\"https:\/\/ingenieria.udd.cl\/ii\/files\/2023\/01\/noticia.png\",\"width\":2000,\"height\":1200},{\"@type\":\"BreadcrumbList\",\"@id\":\"https:\/\/ingenieria.udd.cl\/ii\/2023\/01\/09\/investigador-del-c-expone-en-charla-sobre-la-importancia-de-la-innovacion-sostenible-en-la-era-post-covid\/#breadcrumb\",\"itemListElement\":[{\"@type\":\"ListItem\",\"position\":1,\"name\":\"Portada\",\"item\":\"https:\/\/ingenieria.udd.cl\/ii\/\"},{\"@type\":\"ListItem\",\"position\":2,\"name\":\"Investigador del C+ expone en charla sobre la importancia de la innovaci\u00f3n sostenible en la era \u00abPost Covid\u00bb\"}]},{\"@type\":\"WebSite\",\"@id\":\"https:\/\/ingenieria.udd.cl\/ii\/#website\",\"url\":\"https:\/\/ingenieria.udd.cl\/ii\/\",\"name\":\"Innovaci\u00f3n Ingenier\u00eda\",\"description\":\"Otro sitio m\u00e1s de Ingenieria\",\"inLanguage\":\"es\"},{\"@type\":\"Person\",\"@id\":\"https:\/\/ingenieria.udd.cl\/ii\/#\/schema\/person\/1bc62a1a9a844eac900d3cbed49257ae\",\"name\":\"innovacioning\",\"image\":{\"@type\":\"ImageObject\",\"inLanguage\":\"es\",\"@id\":\"https:\/\/ingenieria.udd.cl\/ii\/#\/schema\/person\/image\/\",\"url\":\"https:\/\/secure.gravatar.com\/avatar\/ad6f915cae0f525cea1bbd2b78b598f56cf980449fbbaef05e9d6271fb154710?s=96&d=mm&r=g\",\"contentUrl\":\"https:\/\/secure.gravatar.com\/avatar\/ad6f915cae0f525cea1bbd2b78b598f56cf980449fbbaef05e9d6271fb154710?s=96&d=mm&r=g\",\"caption\":\"innovacioning\"},\"url\":\"https:\/\/ingenieria.udd.cl\/ii\/author\/innovacioning\/\"}]}<\/script>\n<!-- \/ Yoast SEO plugin. -->","yoast_head_json":{"title":"Investigador del C+ expone en charla sobre la importancia de la innovaci\u00f3n sostenible en la era \"Post Covid\" - Innovaci\u00f3n Ingenier\u00eda","robots":{"index":"index","follow":"follow","max-snippet":"max-snippet:-1","max-image-preview":"max-image-preview:large","max-video-preview":"max-video-preview:-1"},"canonical":"https:\/\/ingenieria.udd.cl\/ii\/2023\/01\/09\/investigador-del-c-expone-en-charla-sobre-la-importancia-de-la-innovacion-sostenible-en-la-era-post-covid\/","og_locale":"es_ES","og_type":"article","og_title":"Investigador del C+ expone en charla sobre la importancia de la innovaci\u00f3n sostenible en la era \"Post Covid\" - Innovaci\u00f3n Ingenier\u00eda","og_description":"A finales de diciembre de 2022, el investigador del grupo Tech Policy, del Centro de Investigaci\u00f3n en Tecnolog\u00edas para la Sociedad (C+), Jorge Hern\u00e1ndez, particip\u00f3 en la \u201cIgnite Innovation\u201d, organizada por ME Elecmetal, una empresa global con m\u00e1s de 100 a\u00f1os de experiencia como proveedor y aliado estrat\u00e9gico en el rubro de la miner\u00eda. El [&hellip;]","og_url":"https:\/\/ingenieria.udd.cl\/ii\/2023\/01\/09\/investigador-del-c-expone-en-charla-sobre-la-importancia-de-la-innovacion-sostenible-en-la-era-post-covid\/","og_site_name":"Innovaci\u00f3n Ingenier\u00eda","article_published_time":"2023-01-09T18:48:18+00:00","article_modified_time":"2023-01-09T18:48:19+00:00","og_image":[{"width":1024,"height":614,"url":"https:\/\/ingenieria.udd.cl\/ii\/files\/2023\/01\/noticia-1024x614.png","type":"image\/png"}],"author":"innovacioning","twitter_card":"summary_large_image","twitter_misc":{"Escrito por":"innovacioning","Tiempo de lectura":"2 minutos"},"schema":{"@context":"https:\/\/schema.org","@graph":[{"@type":"Article","@id":"https:\/\/ingenieria.udd.cl\/ii\/2023\/01\/09\/investigador-del-c-expone-en-charla-sobre-la-importancia-de-la-innovacion-sostenible-en-la-era-post-covid\/#article","isPartOf":{"@id":"https:\/\/ingenieria.udd.cl\/ii\/2023\/01\/09\/investigador-del-c-expone-en-charla-sobre-la-importancia-de-la-innovacion-sostenible-en-la-era-post-covid\/"},"author":{"name":"innovacioning","@id":"https:\/\/ingenieria.udd.cl\/ii\/#\/schema\/person\/1bc62a1a9a844eac900d3cbed49257ae"},"headline":"Investigador del C+ expone en charla sobre la importancia de la innovaci\u00f3n sostenible en la era \u00abPost Covid\u00bb","datePublished":"2023-01-09T18:48:18+00:00","dateModified":"2023-01-09T18:48:19+00:00","mainEntityOfPage":{"@id":"https:\/\/ingenieria.udd.cl\/ii\/2023\/01\/09\/investigador-del-c-expone-en-charla-sobre-la-importancia-de-la-innovacion-sostenible-en-la-era-post-covid\/"},"wordCount":435,"commentCount":0,"image":{"@id":"https:\/\/ingenieria.udd.cl\/ii\/2023\/01\/09\/investigador-del-c-expone-en-charla-sobre-la-importancia-de-la-innovacion-sostenible-en-la-era-post-covid\/#primaryimage"},"thumbnailUrl":"https:\/\/ingenieria.udd.cl\/ii\/files\/2023\/01\/noticia.png","articleSection":["Centro de Investigaci\u00f3n de Tecnolog\u00edas para la Sociedad","Noticias","Tech Policy"],"inLanguage":"es","potentialAction":[{"@type":"CommentAction","name":"Comment","target":["https:\/\/ingenieria.udd.cl\/ii\/2023\/01\/09\/investigador-del-c-expone-en-charla-sobre-la-importancia-de-la-innovacion-sostenible-en-la-era-post-covid\/#respond"]}]},{"@type":"WebPage","@id":"https:\/\/ingenieria.udd.cl\/ii\/2023\/01\/09\/investigador-del-c-expone-en-charla-sobre-la-importancia-de-la-innovacion-sostenible-en-la-era-post-covid\/","url":"https:\/\/ingenieria.udd.cl\/ii\/2023\/01\/09\/investigador-del-c-expone-en-charla-sobre-la-importancia-de-la-innovacion-sostenible-en-la-era-post-covid\/","name":"Investigador del C+ expone en charla sobre la importancia de la innovaci\u00f3n sostenible en la era \"Post Covid\" - Innovaci\u00f3n Ingenier\u00eda","isPartOf":{"@id":"https:\/\/ingenieria.udd.cl\/ii\/#website"},"primaryImageOfPage":{"@id":"https:\/\/ingenieria.udd.cl\/ii\/2023\/01\/09\/investigador-del-c-expone-en-charla-sobre-la-importancia-de-la-innovacion-sostenible-en-la-era-post-covid\/#primaryimage"},"image":{"@id":"https:\/\/ingenieria.udd.cl\/ii\/2023\/01\/09\/investigador-del-c-expone-en-charla-sobre-la-importancia-de-la-innovacion-sostenible-en-la-era-post-covid\/#primaryimage"},"thumbnailUrl":"https:\/\/ingenieria.udd.cl\/ii\/files\/2023\/01\/noticia.png","datePublished":"2023-01-09T18:48:18+00:00","dateModified":"2023-01-09T18:48:19+00:00","author":{"@id":"https:\/\/ingenieria.udd.cl\/ii\/#\/schema\/person\/1bc62a1a9a844eac900d3cbed49257ae"},"breadcrumb":{"@id":"https:\/\/ingenieria.udd.cl\/ii\/2023\/01\/09\/investigador-del-c-expone-en-charla-sobre-la-importancia-de-la-innovacion-sostenible-en-la-era-post-covid\/#breadcrumb"},"inLanguage":"es","potentialAction":[{"@type":"ReadAction","target":["https:\/\/ingenieria.udd.cl\/ii\/2023\/01\/09\/investigador-del-c-expone-en-charla-sobre-la-importancia-de-la-innovacion-sostenible-en-la-era-post-covid\/"]}]},{"@type":"ImageObject","inLanguage":"es","@id":"https:\/\/ingenieria.udd.cl\/ii\/2023\/01\/09\/investigador-del-c-expone-en-charla-sobre-la-importancia-de-la-innovacion-sostenible-en-la-era-post-covid\/#primaryimage","url":"https:\/\/ingenieria.udd.cl\/ii\/files\/2023\/01\/noticia.png","contentUrl":"https:\/\/ingenieria.udd.cl\/ii\/files\/2023\/01\/noticia.png","width":2000,"height":1200},{"@type":"BreadcrumbList","@id":"https:\/\/ingenieria.udd.cl\/ii\/2023\/01\/09\/investigador-del-c-expone-en-charla-sobre-la-importancia-de-la-innovacion-sostenible-en-la-era-post-covid\/#breadcrumb","itemListElement":[{"@type":"ListItem","position":1,"name":"Portada","item":"https:\/\/ingenieria.udd.cl\/ii\/"},{"@type":"ListItem","position":2,"name":"Investigador del C+ expone en charla sobre la importancia de la innovaci\u00f3n sostenible en la era \u00abPost Covid\u00bb"}]},{"@type":"WebSite","@id":"https:\/\/ingenieria.udd.cl\/ii\/#website","url":"https:\/\/ingenieria.udd.cl\/ii\/","name":"Innovaci\u00f3n Ingenier\u00eda","description":"Otro sitio m\u00e1s de Ingenieria","inLanguage":"es"},{"@type":"Person","@id":"https:\/\/ingenieria.udd.cl\/ii\/#\/schema\/person\/1bc62a1a9a844eac900d3cbed49257ae","name":"innovacioning","image":{"@type":"ImageObject","inLanguage":"es","@id":"https:\/\/ingenieria.udd.cl\/ii\/#\/schema\/person\/image\/","url":"https:\/\/secure.gravatar.com\/avatar\/ad6f915cae0f525cea1bbd2b78b598f56cf980449fbbaef05e9d6271fb154710?s=96&d=mm&r=g","contentUrl":"https:\/\/secure.gravatar.com\/avatar\/ad6f915cae0f525cea1bbd2b78b598f56cf980449fbbaef05e9d6271fb154710?s=96&d=mm&r=g","caption":"innovacioning"},"url":"https:\/\/ingenieria.udd.cl\/ii\/author\/innovacioning\/"}]}},"featured_image_url":"https:\/\/ingenieria.udd.cl\/ii\/files\/2023\/01\/noticia.png","_links":{"self":[{"href":"https:\/\/ingenieria.udd.cl\/ii\/wp-json\/wp\/v2\/posts\/3061","targetHints":{"allow":["GET"]}}],"collection":[{"href":"https:\/\/ingenieria.udd.cl\/ii\/wp-json\/wp\/v2\/posts"}],"about":[{"href":"https:\/\/ingenieria.udd.cl\/ii\/wp-json\/wp\/v2\/types\/post"}],"author":[{"embeddable":true,"href":"https:\/\/ingenieria.udd.cl\/ii\/wp-json\/wp\/v2\/users\/9192225"}],"replies":[{"embeddable":true,"href":"https:\/\/ingenieria.udd.cl\/ii\/wp-json\/wp\/v2\/comments?post=3061"}],"version-history":[{"count":1,"href":"https:\/\/ingenieria.udd.cl\/ii\/wp-json\/wp\/v2\/posts\/3061\/revisions"}],"predecessor-version":[{"id":3063,"href":"https:\/\/ingenieria.udd.cl\/ii\/wp-json\/wp\/v2\/posts\/3061\/revisions\/3063"}],"wp:featuredmedia":[{"embeddable":true,"href":"https:\/\/ingenieria.udd.cl\/ii\/wp-json\/wp\/v2\/media\/3062"}],"wp:attachment":[{"href":"https:\/\/ingenieria.udd.cl\/ii\/wp-json\/wp\/v2\/media?parent=3061"}],"wp:term":[{"taxonomy":"category","embeddable":true,"href":"https:\/\/ingenieria.udd.cl\/ii\/wp-json\/wp\/v2\/categories?post=3061"},{"taxonomy":"post_tag","embeddable":true,"href":"https:\/\/ingenieria.udd.cl\/ii\/wp-json\/wp\/v2\/tags?post=3061"}],"curies":[{"name":"wp","href":"https:\/\/api.w.org\/{rel}","templated":true}]}}