{"id":3232,"date":"2022-09-27T18:58:00","date_gmt":"2022-09-27T16:58:00","guid":{"rendered":"https:\/\/ingenieria.udd.cl\/ii\/?p=3232"},"modified":"2023-03-14T18:59:10","modified_gmt":"2023-03-14T17:59:10","slug":"tecnologia-en-zonas-rurales-un-factor-clave-en-la-descentralizacion","status":"publish","type":"post","link":"https:\/\/ingenieria.udd.cl\/ii\/2022\/09\/27\/tecnologia-en-zonas-rurales-un-factor-clave-en-la-descentralizacion\/","title":{"rendered":"Tecnolog\u00eda en zonas rurales: Un factor clave en la descentralizaci\u00f3n"},"content":{"rendered":"\n<p><strong>Por: Vicente Y\u00e1\u00f1ez <\/strong><\/p>\n\n\n\n<p>Seg\u00fan la radiograf\u00eda de ruralidad en Chile, 1 de cada 4 chilenos, vive en el campo: Enfrentando problemas como la escasez h\u00eddrica, el acceso a centros de salud, centros educacionales, servicios financieros, de agua potable, conectividad digital, el cambio clim\u00e1tico, y una alta tasa de trabajo informal.<\/p>\n\n\n\n<p><br>En la actualidad, importantes avances tecnol\u00f3gicos -que tienen un impacto significativo- viven a un paso acelerado. En consecuencia, ha mejorado la calidad y el acceso a todo tipo de servicios, el uso de datos para la toma de decisiones ha ayudado a generar pol\u00edticas p\u00fablicas m\u00e1s efectivas, se ha aumentado la entrada de nuevos emprendedores al mercado, y se ha disminuido la huella de carbono de los mercados locales.<\/p>\n\n\n\n<p><br>Sin embargo, el crecimiento acelerado de la\u00a0tecnolog\u00eda\u00a0puede impactar negativamente las oportunidades de crecimiento de\u00a0regiones, sobre todo en el mundo\u00a0rural, aumentando la brecha de disparidad econ\u00f3mica con el mundo urbano.<br>La innovaci\u00f3n en el mundo\u00a0rural\u00a0ocurre de una forma distinta y tiene un impacto diferente a la del mundo urbano. Por lo general, son iniciativas de adaptaci\u00f3n que buscan disminuir las brechas tecnol\u00f3gicas o optimizar los procesos productivos, donde los emprendimientos suelen agregar peque\u00f1as mejoras a medida que se aprende mientras se trabaja.<\/p>\n\n\n\n<p><br>La innovaci\u00f3n y la\u00a0tecnolog\u00eda\u00a0permiten que lugares\u00a0rurales\u00a0y\/o remotos puedan competir a pesar de sus desventajas, como \u00a0la lejan\u00eda a grandes mercados, altos costos de transporte, y brechas tecnol\u00f3gicas, mejorando su resiliencia.<br>Para asegurarse de que las comunidades y empresas del mundo\u00a0rural\u00a0puedan verse beneficiados de los avances de la era digital y sean un factor de innovaci\u00f3n, es necesario fortalecer factores como el acceso a la conectividad, el v\u00ednculo de iniciativas p\u00fablico-privadas con las comunidades\u00a0rurales, mejorar los sistemas de informaci\u00f3n, permitiendo que se hagan pruebas de la\u00a0tecnolog\u00eda\u00a0y el desarrollo de estrategias de digitalizaci\u00f3n y otros cambios.<\/p>\n\n\n\n<p><strong>Vicente Y\u00e1\u00f1ez, investigador asistente Centro de Investigaci\u00f3n en\u00a0Tecnolog\u00edas\u00a0para la Sociedad (C+), Facultad de Ingenier\u00eda UDD Concepci\u00f3n<\/strong><\/p>\n\n\n\n<figure class=\"wp-block-image size-large\"><img loading=\"lazy\" decoding=\"async\" width=\"1024\" height=\"683\" src=\"https:\/\/ingenieria.udd.cl\/ii\/files\/2023\/03\/vicente-yanez-1-1024x683.jpg\" alt=\"\" class=\"wp-image-3234\" srcset=\"https:\/\/ingenieria.udd.cl\/ii\/files\/2023\/03\/vicente-yanez-1-1024x683.jpg 1024w, https:\/\/ingenieria.udd.cl\/ii\/files\/2023\/03\/vicente-yanez-1-300x200.jpg 300w, https:\/\/ingenieria.udd.cl\/ii\/files\/2023\/03\/vicente-yanez-1-768x512.jpg 768w, https:\/\/ingenieria.udd.cl\/ii\/files\/2023\/03\/vicente-yanez-1-1536x1024.jpg 1536w, https:\/\/ingenieria.udd.cl\/ii\/files\/2023\/03\/vicente-yanez-1-2048x1365.jpg 2048w\" sizes=\"auto, (max-width: 1024px) 100vw, 1024px\" \/><\/figure>\n","protected":false},"excerpt":{"rendered":"<p>Por: Vicente Y\u00e1\u00f1ez Seg\u00fan la radiograf\u00eda de ruralidad en Chile, 1 de cada 4 chilenos, vive en el campo: Enfrentando problemas como la escasez h\u00eddrica, el acceso a centros de salud, centros educacionales, servicios financieros, de agua potable, conectividad digital, el cambio clim\u00e1tico, y una alta tasa de trabajo informal. En la actualidad, importantes avances [&hellip;]<\/p>\n","protected":false},"author":9192225,"featured_media":3233,"comment_status":"closed","ping_status":"open","sticky":false,"template":"","format":"standard","meta":{"footnotes":""},"categories":[35],"tags":[34],"class_list":["post-3232","post","type-post","status-publish","format-standard","has-post-thumbnail","hentry","category-columnas","tag-columnas"],"yoast_head":"<!-- This site is optimized with the Yoast SEO plugin v26.9 - https:\/\/yoast.com\/product\/yoast-seo-wordpress\/ -->\n<title>Tecnolog\u00eda en zonas rurales: Un factor clave en la descentralizaci\u00f3n - Innovaci\u00f3n Ingenier\u00eda<\/title>\n<meta name=\"robots\" content=\"index, follow, max-snippet:-1, max-image-preview:large, max-video-preview:-1\" \/>\n<link rel=\"canonical\" href=\"https:\/\/ingenieria.udd.cl\/ii\/2022\/09\/27\/tecnologia-en-zonas-rurales-un-factor-clave-en-la-descentralizacion\/\" \/>\n<meta property=\"og:locale\" content=\"es_ES\" \/>\n<meta property=\"og:type\" content=\"article\" \/>\n<meta property=\"og:title\" content=\"Tecnolog\u00eda en zonas rurales: Un factor clave en la descentralizaci\u00f3n - Innovaci\u00f3n Ingenier\u00eda\" \/>\n<meta property=\"og:description\" content=\"Por: Vicente Y\u00e1\u00f1ez Seg\u00fan la radiograf\u00eda de ruralidad en Chile, 1 de cada 4 chilenos, vive en el campo: Enfrentando problemas como la escasez h\u00eddrica, el acceso a centros de salud, centros educacionales, servicios financieros, de agua potable, conectividad digital, el cambio clim\u00e1tico, y una alta tasa de trabajo informal. En la actualidad, importantes avances [&hellip;]\" \/>\n<meta property=\"og:url\" content=\"https:\/\/ingenieria.udd.cl\/ii\/2022\/09\/27\/tecnologia-en-zonas-rurales-un-factor-clave-en-la-descentralizacion\/\" \/>\n<meta property=\"og:site_name\" content=\"Innovaci\u00f3n Ingenier\u00eda\" \/>\n<meta property=\"article:published_time\" content=\"2022-09-27T16:58:00+00:00\" \/>\n<meta property=\"article:modified_time\" content=\"2023-03-14T17:59:10+00:00\" \/>\n<meta property=\"og:image\" content=\"https:\/\/ingenieria.udd.cl\/ii\/files\/2023\/03\/vicente-yanez-scaled.jpg\" \/>\n\t<meta property=\"og:image:width\" content=\"2560\" \/>\n\t<meta property=\"og:image:height\" content=\"1707\" \/>\n\t<meta property=\"og:image:type\" content=\"image\/jpeg\" \/>\n<meta name=\"author\" content=\"innovacioning\" \/>\n<meta name=\"twitter:card\" content=\"summary_large_image\" \/>\n<meta name=\"twitter:label1\" content=\"Escrito por\" \/>\n\t<meta name=\"twitter:data1\" content=\"innovacioning\" \/>\n\t<meta name=\"twitter:label2\" content=\"Tiempo de lectura\" \/>\n\t<meta name=\"twitter:data2\" content=\"2 minutos\" \/>\n<script type=\"application\/ld+json\" class=\"yoast-schema-graph\">{\"@context\":\"https:\/\/schema.org\",\"@graph\":[{\"@type\":\"Article\",\"@id\":\"https:\/\/ingenieria.udd.cl\/ii\/2022\/09\/27\/tecnologia-en-zonas-rurales-un-factor-clave-en-la-descentralizacion\/#article\",\"isPartOf\":{\"@id\":\"https:\/\/ingenieria.udd.cl\/ii\/2022\/09\/27\/tecnologia-en-zonas-rurales-un-factor-clave-en-la-descentralizacion\/\"},\"author\":{\"name\":\"innovacioning\",\"@id\":\"https:\/\/ingenieria.udd.cl\/ii\/#\/schema\/person\/1bc62a1a9a844eac900d3cbed49257ae\"},\"headline\":\"Tecnolog\u00eda en zonas rurales: Un factor clave en la descentralizaci\u00f3n\",\"datePublished\":\"2022-09-27T16:58:00+00:00\",\"dateModified\":\"2023-03-14T17:59:10+00:00\",\"mainEntityOfPage\":{\"@id\":\"https:\/\/ingenieria.udd.cl\/ii\/2022\/09\/27\/tecnologia-en-zonas-rurales-un-factor-clave-en-la-descentralizacion\/\"},\"wordCount\":368,\"image\":{\"@id\":\"https:\/\/ingenieria.udd.cl\/ii\/2022\/09\/27\/tecnologia-en-zonas-rurales-un-factor-clave-en-la-descentralizacion\/#primaryimage\"},\"thumbnailUrl\":\"https:\/\/ingenieria.udd.cl\/ii\/files\/2023\/03\/vicente-yanez-scaled.jpg\",\"keywords\":[\"Columnas\"],\"articleSection\":[\"Columnas\"],\"inLanguage\":\"es\"},{\"@type\":\"WebPage\",\"@id\":\"https:\/\/ingenieria.udd.cl\/ii\/2022\/09\/27\/tecnologia-en-zonas-rurales-un-factor-clave-en-la-descentralizacion\/\",\"url\":\"https:\/\/ingenieria.udd.cl\/ii\/2022\/09\/27\/tecnologia-en-zonas-rurales-un-factor-clave-en-la-descentralizacion\/\",\"name\":\"Tecnolog\u00eda en zonas rurales: Un factor clave en la descentralizaci\u00f3n - Innovaci\u00f3n Ingenier\u00eda\",\"isPartOf\":{\"@id\":\"https:\/\/ingenieria.udd.cl\/ii\/#website\"},\"primaryImageOfPage\":{\"@id\":\"https:\/\/ingenieria.udd.cl\/ii\/2022\/09\/27\/tecnologia-en-zonas-rurales-un-factor-clave-en-la-descentralizacion\/#primaryimage\"},\"image\":{\"@id\":\"https:\/\/ingenieria.udd.cl\/ii\/2022\/09\/27\/tecnologia-en-zonas-rurales-un-factor-clave-en-la-descentralizacion\/#primaryimage\"},\"thumbnailUrl\":\"https:\/\/ingenieria.udd.cl\/ii\/files\/2023\/03\/vicente-yanez-scaled.jpg\",\"datePublished\":\"2022-09-27T16:58:00+00:00\",\"dateModified\":\"2023-03-14T17:59:10+00:00\",\"author\":{\"@id\":\"https:\/\/ingenieria.udd.cl\/ii\/#\/schema\/person\/1bc62a1a9a844eac900d3cbed49257ae\"},\"breadcrumb\":{\"@id\":\"https:\/\/ingenieria.udd.cl\/ii\/2022\/09\/27\/tecnologia-en-zonas-rurales-un-factor-clave-en-la-descentralizacion\/#breadcrumb\"},\"inLanguage\":\"es\",\"potentialAction\":[{\"@type\":\"ReadAction\",\"target\":[\"https:\/\/ingenieria.udd.cl\/ii\/2022\/09\/27\/tecnologia-en-zonas-rurales-un-factor-clave-en-la-descentralizacion\/\"]}]},{\"@type\":\"ImageObject\",\"inLanguage\":\"es\",\"@id\":\"https:\/\/ingenieria.udd.cl\/ii\/2022\/09\/27\/tecnologia-en-zonas-rurales-un-factor-clave-en-la-descentralizacion\/#primaryimage\",\"url\":\"https:\/\/ingenieria.udd.cl\/ii\/files\/2023\/03\/vicente-yanez-scaled.jpg\",\"contentUrl\":\"https:\/\/ingenieria.udd.cl\/ii\/files\/2023\/03\/vicente-yanez-scaled.jpg\",\"width\":2560,\"height\":1707},{\"@type\":\"BreadcrumbList\",\"@id\":\"https:\/\/ingenieria.udd.cl\/ii\/2022\/09\/27\/tecnologia-en-zonas-rurales-un-factor-clave-en-la-descentralizacion\/#breadcrumb\",\"itemListElement\":[{\"@type\":\"ListItem\",\"position\":1,\"name\":\"Portada\",\"item\":\"https:\/\/ingenieria.udd.cl\/ii\/\"},{\"@type\":\"ListItem\",\"position\":2,\"name\":\"Tecnolog\u00eda en zonas rurales: Un factor clave en la descentralizaci\u00f3n\"}]},{\"@type\":\"WebSite\",\"@id\":\"https:\/\/ingenieria.udd.cl\/ii\/#website\",\"url\":\"https:\/\/ingenieria.udd.cl\/ii\/\",\"name\":\"Innovaci\u00f3n Ingenier\u00eda\",\"description\":\"Otro sitio m\u00e1s de Ingenieria\",\"inLanguage\":\"es\"},{\"@type\":\"Person\",\"@id\":\"https:\/\/ingenieria.udd.cl\/ii\/#\/schema\/person\/1bc62a1a9a844eac900d3cbed49257ae\",\"name\":\"innovacioning\",\"image\":{\"@type\":\"ImageObject\",\"inLanguage\":\"es\",\"@id\":\"https:\/\/ingenieria.udd.cl\/ii\/#\/schema\/person\/image\/\",\"url\":\"https:\/\/secure.gravatar.com\/avatar\/ad6f915cae0f525cea1bbd2b78b598f56cf980449fbbaef05e9d6271fb154710?s=96&d=mm&r=g\",\"contentUrl\":\"https:\/\/secure.gravatar.com\/avatar\/ad6f915cae0f525cea1bbd2b78b598f56cf980449fbbaef05e9d6271fb154710?s=96&d=mm&r=g\",\"caption\":\"innovacioning\"},\"url\":\"https:\/\/ingenieria.udd.cl\/ii\/author\/innovacioning\/\"}]}<\/script>\n<!-- \/ Yoast SEO plugin. -->","yoast_head_json":{"title":"Tecnolog\u00eda en zonas rurales: Un factor clave en la descentralizaci\u00f3n - Innovaci\u00f3n Ingenier\u00eda","robots":{"index":"index","follow":"follow","max-snippet":"max-snippet:-1","max-image-preview":"max-image-preview:large","max-video-preview":"max-video-preview:-1"},"canonical":"https:\/\/ingenieria.udd.cl\/ii\/2022\/09\/27\/tecnologia-en-zonas-rurales-un-factor-clave-en-la-descentralizacion\/","og_locale":"es_ES","og_type":"article","og_title":"Tecnolog\u00eda en zonas rurales: Un factor clave en la descentralizaci\u00f3n - Innovaci\u00f3n Ingenier\u00eda","og_description":"Por: Vicente Y\u00e1\u00f1ez Seg\u00fan la radiograf\u00eda de ruralidad en Chile, 1 de cada 4 chilenos, vive en el campo: Enfrentando problemas como la escasez h\u00eddrica, el acceso a centros de salud, centros educacionales, servicios financieros, de agua potable, conectividad digital, el cambio clim\u00e1tico, y una alta tasa de trabajo informal. En la actualidad, importantes avances [&hellip;]","og_url":"https:\/\/ingenieria.udd.cl\/ii\/2022\/09\/27\/tecnologia-en-zonas-rurales-un-factor-clave-en-la-descentralizacion\/","og_site_name":"Innovaci\u00f3n Ingenier\u00eda","article_published_time":"2022-09-27T16:58:00+00:00","article_modified_time":"2023-03-14T17:59:10+00:00","og_image":[{"width":2560,"height":1707,"url":"https:\/\/ingenieria.udd.cl\/ii\/files\/2023\/03\/vicente-yanez-scaled.jpg","type":"image\/jpeg"}],"author":"innovacioning","twitter_card":"summary_large_image","twitter_misc":{"Escrito por":"innovacioning","Tiempo de lectura":"2 minutos"},"schema":{"@context":"https:\/\/schema.org","@graph":[{"@type":"Article","@id":"https:\/\/ingenieria.udd.cl\/ii\/2022\/09\/27\/tecnologia-en-zonas-rurales-un-factor-clave-en-la-descentralizacion\/#article","isPartOf":{"@id":"https:\/\/ingenieria.udd.cl\/ii\/2022\/09\/27\/tecnologia-en-zonas-rurales-un-factor-clave-en-la-descentralizacion\/"},"author":{"name":"innovacioning","@id":"https:\/\/ingenieria.udd.cl\/ii\/#\/schema\/person\/1bc62a1a9a844eac900d3cbed49257ae"},"headline":"Tecnolog\u00eda en zonas rurales: Un factor clave en la descentralizaci\u00f3n","datePublished":"2022-09-27T16:58:00+00:00","dateModified":"2023-03-14T17:59:10+00:00","mainEntityOfPage":{"@id":"https:\/\/ingenieria.udd.cl\/ii\/2022\/09\/27\/tecnologia-en-zonas-rurales-un-factor-clave-en-la-descentralizacion\/"},"wordCount":368,"image":{"@id":"https:\/\/ingenieria.udd.cl\/ii\/2022\/09\/27\/tecnologia-en-zonas-rurales-un-factor-clave-en-la-descentralizacion\/#primaryimage"},"thumbnailUrl":"https:\/\/ingenieria.udd.cl\/ii\/files\/2023\/03\/vicente-yanez-scaled.jpg","keywords":["Columnas"],"articleSection":["Columnas"],"inLanguage":"es"},{"@type":"WebPage","@id":"https:\/\/ingenieria.udd.cl\/ii\/2022\/09\/27\/tecnologia-en-zonas-rurales-un-factor-clave-en-la-descentralizacion\/","url":"https:\/\/ingenieria.udd.cl\/ii\/2022\/09\/27\/tecnologia-en-zonas-rurales-un-factor-clave-en-la-descentralizacion\/","name":"Tecnolog\u00eda en zonas rurales: Un factor clave en la descentralizaci\u00f3n - Innovaci\u00f3n Ingenier\u00eda","isPartOf":{"@id":"https:\/\/ingenieria.udd.cl\/ii\/#website"},"primaryImageOfPage":{"@id":"https:\/\/ingenieria.udd.cl\/ii\/2022\/09\/27\/tecnologia-en-zonas-rurales-un-factor-clave-en-la-descentralizacion\/#primaryimage"},"image":{"@id":"https:\/\/ingenieria.udd.cl\/ii\/2022\/09\/27\/tecnologia-en-zonas-rurales-un-factor-clave-en-la-descentralizacion\/#primaryimage"},"thumbnailUrl":"https:\/\/ingenieria.udd.cl\/ii\/files\/2023\/03\/vicente-yanez-scaled.jpg","datePublished":"2022-09-27T16:58:00+00:00","dateModified":"2023-03-14T17:59:10+00:00","author":{"@id":"https:\/\/ingenieria.udd.cl\/ii\/#\/schema\/person\/1bc62a1a9a844eac900d3cbed49257ae"},"breadcrumb":{"@id":"https:\/\/ingenieria.udd.cl\/ii\/2022\/09\/27\/tecnologia-en-zonas-rurales-un-factor-clave-en-la-descentralizacion\/#breadcrumb"},"inLanguage":"es","potentialAction":[{"@type":"ReadAction","target":["https:\/\/ingenieria.udd.cl\/ii\/2022\/09\/27\/tecnologia-en-zonas-rurales-un-factor-clave-en-la-descentralizacion\/"]}]},{"@type":"ImageObject","inLanguage":"es","@id":"https:\/\/ingenieria.udd.cl\/ii\/2022\/09\/27\/tecnologia-en-zonas-rurales-un-factor-clave-en-la-descentralizacion\/#primaryimage","url":"https:\/\/ingenieria.udd.cl\/ii\/files\/2023\/03\/vicente-yanez-scaled.jpg","contentUrl":"https:\/\/ingenieria.udd.cl\/ii\/files\/2023\/03\/vicente-yanez-scaled.jpg","width":2560,"height":1707},{"@type":"BreadcrumbList","@id":"https:\/\/ingenieria.udd.cl\/ii\/2022\/09\/27\/tecnologia-en-zonas-rurales-un-factor-clave-en-la-descentralizacion\/#breadcrumb","itemListElement":[{"@type":"ListItem","position":1,"name":"Portada","item":"https:\/\/ingenieria.udd.cl\/ii\/"},{"@type":"ListItem","position":2,"name":"Tecnolog\u00eda en zonas rurales: Un factor clave en la descentralizaci\u00f3n"}]},{"@type":"WebSite","@id":"https:\/\/ingenieria.udd.cl\/ii\/#website","url":"https:\/\/ingenieria.udd.cl\/ii\/","name":"Innovaci\u00f3n Ingenier\u00eda","description":"Otro sitio m\u00e1s de Ingenieria","inLanguage":"es"},{"@type":"Person","@id":"https:\/\/ingenieria.udd.cl\/ii\/#\/schema\/person\/1bc62a1a9a844eac900d3cbed49257ae","name":"innovacioning","image":{"@type":"ImageObject","inLanguage":"es","@id":"https:\/\/ingenieria.udd.cl\/ii\/#\/schema\/person\/image\/","url":"https:\/\/secure.gravatar.com\/avatar\/ad6f915cae0f525cea1bbd2b78b598f56cf980449fbbaef05e9d6271fb154710?s=96&d=mm&r=g","contentUrl":"https:\/\/secure.gravatar.com\/avatar\/ad6f915cae0f525cea1bbd2b78b598f56cf980449fbbaef05e9d6271fb154710?s=96&d=mm&r=g","caption":"innovacioning"},"url":"https:\/\/ingenieria.udd.cl\/ii\/author\/innovacioning\/"}]}},"featured_image_url":"https:\/\/ingenieria.udd.cl\/ii\/files\/2023\/03\/vicente-yanez-scaled.jpg","_links":{"self":[{"href":"https:\/\/ingenieria.udd.cl\/ii\/wp-json\/wp\/v2\/posts\/3232","targetHints":{"allow":["GET"]}}],"collection":[{"href":"https:\/\/ingenieria.udd.cl\/ii\/wp-json\/wp\/v2\/posts"}],"about":[{"href":"https:\/\/ingenieria.udd.cl\/ii\/wp-json\/wp\/v2\/types\/post"}],"author":[{"embeddable":true,"href":"https:\/\/ingenieria.udd.cl\/ii\/wp-json\/wp\/v2\/users\/9192225"}],"replies":[{"embeddable":true,"href":"https:\/\/ingenieria.udd.cl\/ii\/wp-json\/wp\/v2\/comments?post=3232"}],"version-history":[{"count":1,"href":"https:\/\/ingenieria.udd.cl\/ii\/wp-json\/wp\/v2\/posts\/3232\/revisions"}],"predecessor-version":[{"id":3235,"href":"https:\/\/ingenieria.udd.cl\/ii\/wp-json\/wp\/v2\/posts\/3232\/revisions\/3235"}],"wp:featuredmedia":[{"embeddable":true,"href":"https:\/\/ingenieria.udd.cl\/ii\/wp-json\/wp\/v2\/media\/3233"}],"wp:attachment":[{"href":"https:\/\/ingenieria.udd.cl\/ii\/wp-json\/wp\/v2\/media?parent=3232"}],"wp:term":[{"taxonomy":"category","embeddable":true,"href":"https:\/\/ingenieria.udd.cl\/ii\/wp-json\/wp\/v2\/categories?post=3232"},{"taxonomy":"post_tag","embeddable":true,"href":"https:\/\/ingenieria.udd.cl\/ii\/wp-json\/wp\/v2\/tags?post=3232"}],"curies":[{"name":"wp","href":"https:\/\/api.w.org\/{rel}","templated":true}]}}