{"id":3247,"date":"2022-08-17T16:02:00","date_gmt":"2022-08-17T14:02:00","guid":{"rendered":"https:\/\/ingenieria.udd.cl\/ii\/?p=3247"},"modified":"2023-03-16T16:07:12","modified_gmt":"2023-03-16T15:07:12","slug":"dia-mundial-del-peaton","status":"publish","type":"post","link":"https:\/\/ingenieria.udd.cl\/ii\/2022\/08\/17\/dia-mundial-del-peaton\/","title":{"rendered":"D\u00eda Mundial del Peat\u00f3n"},"content":{"rendered":"\n<p><strong>Por: Andr\u00e9s Santelices <\/strong><\/p>\n\n\n\n<p>La Organizaci\u00f3n Mundial de la Salud (OMS) estableci\u00f3 que cada 17 de agosto se<br>conmemore el D\u00eda Mundial del Peat\u00f3n con el objetivo de promover el respeto hacia los<br>peatones, recordar los derechos y obligaciones que implica el circular de esta manera,<br>reforzar el uso de los espacios peatonales y difundir una cultura vial que reconozca su<br>prioridad.<\/p>\n\n\n\n<p><br>Ahora bien, a\u00fan cuando para algunos ser peat\u00f3n es solo un modo de transporte m\u00e1s, es<br>mucho m\u00e1s que eso dado, pues resulta ser una acci\u00f3n que genera un beneficio para la<br>salud y no contamina. Por ello, desde la academia, concordamos plenamente con el<br>arquitecto dan\u00e9s Jan Geh cuando manifest\u00f3 en una entrevista que \u201ccaminar deber\u00eda ser<br>considerado un derecho humano\u201d. De ah\u00ed la importancia de generar las condiciones<br>adecuadas para que desplazare por la ciudad a pie sea una experiencia c\u00f3moda, segura y<br>eficiente.<\/p>\n\n\n\n<p><br>Es por eso que llamamos a las autoridades a generar infraestructura que proteja a<br>peatonas y peatones de manera tal de resguardarlos, no solo porque son un modo de<br>transporte vulnerable que el a\u00f1o 2021 registraron un 23% de las muertes totales en<br>siniestros viales en comparaci\u00f3n a otros modos, sino porque simplemente caminar<br>posibilita que las ciudades sean amigables y habitables.<\/p>\n\n\n\n<p><strong>Andr\u00e9s Santelices G\u00e1lvez<\/strong><\/p>\n\n\n\n<p><strong>Grupo Extreme Access C+, Facultad de Ingenier\u00eda <br>Docente de Movilidad Urbana<\/strong><\/p>\n\n\n","protected":false},"excerpt":{"rendered":"<p>Por: Andr\u00e9s Santelices La Organizaci\u00f3n Mundial de la Salud (OMS) estableci\u00f3 que cada 17 de agosto seconmemore el D\u00eda Mundial del Peat\u00f3n con el objetivo de promover el respeto hacia lospeatones, recordar los derechos y obligaciones que implica el circular de esta manera,reforzar el uso de los espacios peatonales y difundir una cultura vial que [&hellip;]<\/p>\n","protected":false},"author":9192225,"featured_media":3245,"comment_status":"closed","ping_status":"open","sticky":false,"template":"","format":"standard","meta":{"footnotes":""},"categories":[35],"tags":[34],"class_list":["post-3247","post","type-post","status-publish","format-standard","has-post-thumbnail","hentry","category-columnas","tag-columnas"],"yoast_head":"<!-- This site is optimized with the Yoast SEO plugin v26.9 - https:\/\/yoast.com\/product\/yoast-seo-wordpress\/ -->\n<title>D\u00eda Mundial del Peat\u00f3n - Innovaci\u00f3n Ingenier\u00eda<\/title>\n<meta name=\"robots\" content=\"index, follow, max-snippet:-1, max-image-preview:large, max-video-preview:-1\" \/>\n<link rel=\"canonical\" href=\"https:\/\/ingenieria.udd.cl\/ii\/2022\/08\/17\/dia-mundial-del-peaton\/\" \/>\n<meta property=\"og:locale\" content=\"es_ES\" \/>\n<meta property=\"og:type\" content=\"article\" \/>\n<meta property=\"og:title\" content=\"D\u00eda Mundial del Peat\u00f3n - Innovaci\u00f3n Ingenier\u00eda\" \/>\n<meta property=\"og:description\" content=\"Por: Andr\u00e9s Santelices La Organizaci\u00f3n Mundial de la Salud (OMS) estableci\u00f3 que cada 17 de agosto seconmemore el D\u00eda Mundial del Peat\u00f3n con el objetivo de promover el respeto hacia lospeatones, recordar los derechos y obligaciones que implica el circular de esta manera,reforzar el uso de los espacios peatonales y difundir una cultura vial que [&hellip;]\" \/>\n<meta property=\"og:url\" content=\"https:\/\/ingenieria.udd.cl\/ii\/2022\/08\/17\/dia-mundial-del-peaton\/\" \/>\n<meta property=\"og:site_name\" content=\"Innovaci\u00f3n Ingenier\u00eda\" \/>\n<meta property=\"article:published_time\" content=\"2022-08-17T14:02:00+00:00\" \/>\n<meta property=\"article:modified_time\" content=\"2023-03-16T15:07:12+00:00\" \/>\n<meta name=\"author\" content=\"innovacioning\" \/>\n<meta name=\"twitter:card\" content=\"summary_large_image\" \/>\n<meta name=\"twitter:label1\" content=\"Escrito por\" \/>\n\t<meta name=\"twitter:data1\" content=\"innovacioning\" \/>\n\t<meta name=\"twitter:label2\" content=\"Tiempo de lectura\" \/>\n\t<meta name=\"twitter:data2\" content=\"1 minuto\" \/>\n<script type=\"application\/ld+json\" class=\"yoast-schema-graph\">{\"@context\":\"https:\/\/schema.org\",\"@graph\":[{\"@type\":\"Article\",\"@id\":\"https:\/\/ingenieria.udd.cl\/ii\/2022\/08\/17\/dia-mundial-del-peaton\/#article\",\"isPartOf\":{\"@id\":\"https:\/\/ingenieria.udd.cl\/ii\/2022\/08\/17\/dia-mundial-del-peaton\/\"},\"author\":{\"name\":\"innovacioning\",\"@id\":\"https:\/\/ingenieria.udd.cl\/ii\/#\/schema\/person\/1bc62a1a9a844eac900d3cbed49257ae\"},\"headline\":\"D\u00eda Mundial del Peat\u00f3n\",\"datePublished\":\"2022-08-17T14:02:00+00:00\",\"dateModified\":\"2023-03-16T15:07:12+00:00\",\"mainEntityOfPage\":{\"@id\":\"https:\/\/ingenieria.udd.cl\/ii\/2022\/08\/17\/dia-mundial-del-peaton\/\"},\"wordCount\":230,\"image\":{\"@id\":\"https:\/\/ingenieria.udd.cl\/ii\/2022\/08\/17\/dia-mundial-del-peaton\/#primaryimage\"},\"thumbnailUrl\":\"https:\/\/ingenieria.udd.cl\/ii\/files\/2023\/03\/dsc_4641-2-scaled.jpg\",\"keywords\":[\"Columnas\"],\"articleSection\":[\"Columnas\"],\"inLanguage\":\"es\"},{\"@type\":\"WebPage\",\"@id\":\"https:\/\/ingenieria.udd.cl\/ii\/2022\/08\/17\/dia-mundial-del-peaton\/\",\"url\":\"https:\/\/ingenieria.udd.cl\/ii\/2022\/08\/17\/dia-mundial-del-peaton\/\",\"name\":\"D\u00eda Mundial del Peat\u00f3n - Innovaci\u00f3n Ingenier\u00eda\",\"isPartOf\":{\"@id\":\"https:\/\/ingenieria.udd.cl\/ii\/#website\"},\"primaryImageOfPage\":{\"@id\":\"https:\/\/ingenieria.udd.cl\/ii\/2022\/08\/17\/dia-mundial-del-peaton\/#primaryimage\"},\"image\":{\"@id\":\"https:\/\/ingenieria.udd.cl\/ii\/2022\/08\/17\/dia-mundial-del-peaton\/#primaryimage\"},\"thumbnailUrl\":\"https:\/\/ingenieria.udd.cl\/ii\/files\/2023\/03\/dsc_4641-2-scaled.jpg\",\"datePublished\":\"2022-08-17T14:02:00+00:00\",\"dateModified\":\"2023-03-16T15:07:12+00:00\",\"author\":{\"@id\":\"https:\/\/ingenieria.udd.cl\/ii\/#\/schema\/person\/1bc62a1a9a844eac900d3cbed49257ae\"},\"breadcrumb\":{\"@id\":\"https:\/\/ingenieria.udd.cl\/ii\/2022\/08\/17\/dia-mundial-del-peaton\/#breadcrumb\"},\"inLanguage\":\"es\",\"potentialAction\":[{\"@type\":\"ReadAction\",\"target\":[\"https:\/\/ingenieria.udd.cl\/ii\/2022\/08\/17\/dia-mundial-del-peaton\/\"]}]},{\"@type\":\"ImageObject\",\"inLanguage\":\"es\",\"@id\":\"https:\/\/ingenieria.udd.cl\/ii\/2022\/08\/17\/dia-mundial-del-peaton\/#primaryimage\",\"url\":\"https:\/\/ingenieria.udd.cl\/ii\/files\/2023\/03\/dsc_4641-2-scaled.jpg\",\"contentUrl\":\"https:\/\/ingenieria.udd.cl\/ii\/files\/2023\/03\/dsc_4641-2-scaled.jpg\",\"width\":2560,\"height\":2560},{\"@type\":\"BreadcrumbList\",\"@id\":\"https:\/\/ingenieria.udd.cl\/ii\/2022\/08\/17\/dia-mundial-del-peaton\/#breadcrumb\",\"itemListElement\":[{\"@type\":\"ListItem\",\"position\":1,\"name\":\"Portada\",\"item\":\"https:\/\/ingenieria.udd.cl\/ii\/\"},{\"@type\":\"ListItem\",\"position\":2,\"name\":\"D\u00eda Mundial del Peat\u00f3n\"}]},{\"@type\":\"WebSite\",\"@id\":\"https:\/\/ingenieria.udd.cl\/ii\/#website\",\"url\":\"https:\/\/ingenieria.udd.cl\/ii\/\",\"name\":\"Innovaci\u00f3n Ingenier\u00eda\",\"description\":\"Otro sitio m\u00e1s de Ingenieria\",\"inLanguage\":\"es\"},{\"@type\":\"Person\",\"@id\":\"https:\/\/ingenieria.udd.cl\/ii\/#\/schema\/person\/1bc62a1a9a844eac900d3cbed49257ae\",\"name\":\"innovacioning\",\"image\":{\"@type\":\"ImageObject\",\"inLanguage\":\"es\",\"@id\":\"https:\/\/ingenieria.udd.cl\/ii\/#\/schema\/person\/image\/\",\"url\":\"https:\/\/secure.gravatar.com\/avatar\/ad6f915cae0f525cea1bbd2b78b598f56cf980449fbbaef05e9d6271fb154710?s=96&d=mm&r=g\",\"contentUrl\":\"https:\/\/secure.gravatar.com\/avatar\/ad6f915cae0f525cea1bbd2b78b598f56cf980449fbbaef05e9d6271fb154710?s=96&d=mm&r=g\",\"caption\":\"innovacioning\"},\"url\":\"https:\/\/ingenieria.udd.cl\/ii\/author\/innovacioning\/\"}]}<\/script>\n<!-- \/ Yoast SEO plugin. -->","yoast_head_json":{"title":"D\u00eda Mundial del Peat\u00f3n - Innovaci\u00f3n Ingenier\u00eda","robots":{"index":"index","follow":"follow","max-snippet":"max-snippet:-1","max-image-preview":"max-image-preview:large","max-video-preview":"max-video-preview:-1"},"canonical":"https:\/\/ingenieria.udd.cl\/ii\/2022\/08\/17\/dia-mundial-del-peaton\/","og_locale":"es_ES","og_type":"article","og_title":"D\u00eda Mundial del Peat\u00f3n - Innovaci\u00f3n Ingenier\u00eda","og_description":"Por: Andr\u00e9s Santelices La Organizaci\u00f3n Mundial de la Salud (OMS) estableci\u00f3 que cada 17 de agosto seconmemore el D\u00eda Mundial del Peat\u00f3n con el objetivo de promover el respeto hacia lospeatones, recordar los derechos y obligaciones que implica el circular de esta manera,reforzar el uso de los espacios peatonales y difundir una cultura vial que [&hellip;]","og_url":"https:\/\/ingenieria.udd.cl\/ii\/2022\/08\/17\/dia-mundial-del-peaton\/","og_site_name":"Innovaci\u00f3n Ingenier\u00eda","article_published_time":"2022-08-17T14:02:00+00:00","article_modified_time":"2023-03-16T15:07:12+00:00","author":"innovacioning","twitter_card":"summary_large_image","twitter_misc":{"Escrito por":"innovacioning","Tiempo de lectura":"1 minuto"},"schema":{"@context":"https:\/\/schema.org","@graph":[{"@type":"Article","@id":"https:\/\/ingenieria.udd.cl\/ii\/2022\/08\/17\/dia-mundial-del-peaton\/#article","isPartOf":{"@id":"https:\/\/ingenieria.udd.cl\/ii\/2022\/08\/17\/dia-mundial-del-peaton\/"},"author":{"name":"innovacioning","@id":"https:\/\/ingenieria.udd.cl\/ii\/#\/schema\/person\/1bc62a1a9a844eac900d3cbed49257ae"},"headline":"D\u00eda Mundial del Peat\u00f3n","datePublished":"2022-08-17T14:02:00+00:00","dateModified":"2023-03-16T15:07:12+00:00","mainEntityOfPage":{"@id":"https:\/\/ingenieria.udd.cl\/ii\/2022\/08\/17\/dia-mundial-del-peaton\/"},"wordCount":230,"image":{"@id":"https:\/\/ingenieria.udd.cl\/ii\/2022\/08\/17\/dia-mundial-del-peaton\/#primaryimage"},"thumbnailUrl":"https:\/\/ingenieria.udd.cl\/ii\/files\/2023\/03\/dsc_4641-2-scaled.jpg","keywords":["Columnas"],"articleSection":["Columnas"],"inLanguage":"es"},{"@type":"WebPage","@id":"https:\/\/ingenieria.udd.cl\/ii\/2022\/08\/17\/dia-mundial-del-peaton\/","url":"https:\/\/ingenieria.udd.cl\/ii\/2022\/08\/17\/dia-mundial-del-peaton\/","name":"D\u00eda Mundial del Peat\u00f3n - Innovaci\u00f3n Ingenier\u00eda","isPartOf":{"@id":"https:\/\/ingenieria.udd.cl\/ii\/#website"},"primaryImageOfPage":{"@id":"https:\/\/ingenieria.udd.cl\/ii\/2022\/08\/17\/dia-mundial-del-peaton\/#primaryimage"},"image":{"@id":"https:\/\/ingenieria.udd.cl\/ii\/2022\/08\/17\/dia-mundial-del-peaton\/#primaryimage"},"thumbnailUrl":"https:\/\/ingenieria.udd.cl\/ii\/files\/2023\/03\/dsc_4641-2-scaled.jpg","datePublished":"2022-08-17T14:02:00+00:00","dateModified":"2023-03-16T15:07:12+00:00","author":{"@id":"https:\/\/ingenieria.udd.cl\/ii\/#\/schema\/person\/1bc62a1a9a844eac900d3cbed49257ae"},"breadcrumb":{"@id":"https:\/\/ingenieria.udd.cl\/ii\/2022\/08\/17\/dia-mundial-del-peaton\/#breadcrumb"},"inLanguage":"es","potentialAction":[{"@type":"ReadAction","target":["https:\/\/ingenieria.udd.cl\/ii\/2022\/08\/17\/dia-mundial-del-peaton\/"]}]},{"@type":"ImageObject","inLanguage":"es","@id":"https:\/\/ingenieria.udd.cl\/ii\/2022\/08\/17\/dia-mundial-del-peaton\/#primaryimage","url":"https:\/\/ingenieria.udd.cl\/ii\/files\/2023\/03\/dsc_4641-2-scaled.jpg","contentUrl":"https:\/\/ingenieria.udd.cl\/ii\/files\/2023\/03\/dsc_4641-2-scaled.jpg","width":2560,"height":2560},{"@type":"BreadcrumbList","@id":"https:\/\/ingenieria.udd.cl\/ii\/2022\/08\/17\/dia-mundial-del-peaton\/#breadcrumb","itemListElement":[{"@type":"ListItem","position":1,"name":"Portada","item":"https:\/\/ingenieria.udd.cl\/ii\/"},{"@type":"ListItem","position":2,"name":"D\u00eda Mundial del Peat\u00f3n"}]},{"@type":"WebSite","@id":"https:\/\/ingenieria.udd.cl\/ii\/#website","url":"https:\/\/ingenieria.udd.cl\/ii\/","name":"Innovaci\u00f3n Ingenier\u00eda","description":"Otro sitio m\u00e1s de Ingenieria","inLanguage":"es"},{"@type":"Person","@id":"https:\/\/ingenieria.udd.cl\/ii\/#\/schema\/person\/1bc62a1a9a844eac900d3cbed49257ae","name":"innovacioning","image":{"@type":"ImageObject","inLanguage":"es","@id":"https:\/\/ingenieria.udd.cl\/ii\/#\/schema\/person\/image\/","url":"https:\/\/secure.gravatar.com\/avatar\/ad6f915cae0f525cea1bbd2b78b598f56cf980449fbbaef05e9d6271fb154710?s=96&d=mm&r=g","contentUrl":"https:\/\/secure.gravatar.com\/avatar\/ad6f915cae0f525cea1bbd2b78b598f56cf980449fbbaef05e9d6271fb154710?s=96&d=mm&r=g","caption":"innovacioning"},"url":"https:\/\/ingenieria.udd.cl\/ii\/author\/innovacioning\/"}]}},"featured_image_url":"https:\/\/ingenieria.udd.cl\/ii\/files\/2023\/03\/dsc_4641-2-scaled.jpg","_links":{"self":[{"href":"https:\/\/ingenieria.udd.cl\/ii\/wp-json\/wp\/v2\/posts\/3247","targetHints":{"allow":["GET"]}}],"collection":[{"href":"https:\/\/ingenieria.udd.cl\/ii\/wp-json\/wp\/v2\/posts"}],"about":[{"href":"https:\/\/ingenieria.udd.cl\/ii\/wp-json\/wp\/v2\/types\/post"}],"author":[{"embeddable":true,"href":"https:\/\/ingenieria.udd.cl\/ii\/wp-json\/wp\/v2\/users\/9192225"}],"replies":[{"embeddable":true,"href":"https:\/\/ingenieria.udd.cl\/ii\/wp-json\/wp\/v2\/comments?post=3247"}],"version-history":[{"count":1,"href":"https:\/\/ingenieria.udd.cl\/ii\/wp-json\/wp\/v2\/posts\/3247\/revisions"}],"predecessor-version":[{"id":3248,"href":"https:\/\/ingenieria.udd.cl\/ii\/wp-json\/wp\/v2\/posts\/3247\/revisions\/3248"}],"wp:featuredmedia":[{"embeddable":true,"href":"https:\/\/ingenieria.udd.cl\/ii\/wp-json\/wp\/v2\/media\/3245"}],"wp:attachment":[{"href":"https:\/\/ingenieria.udd.cl\/ii\/wp-json\/wp\/v2\/media?parent=3247"}],"wp:term":[{"taxonomy":"category","embeddable":true,"href":"https:\/\/ingenieria.udd.cl\/ii\/wp-json\/wp\/v2\/categories?post=3247"},{"taxonomy":"post_tag","embeddable":true,"href":"https:\/\/ingenieria.udd.cl\/ii\/wp-json\/wp\/v2\/tags?post=3247"}],"curies":[{"name":"wp","href":"https:\/\/api.w.org\/{rel}","templated":true}]}}