{"id":3371,"date":"2023-05-19T18:00:52","date_gmt":"2023-05-19T16:00:52","guid":{"rendered":"https:\/\/ingenieria.udd.cl\/ii\/?p=3371"},"modified":"2023-05-24T16:14:51","modified_gmt":"2023-05-24T14:14:51","slug":"mker-campus-de-innovacion-ingenieria-udd-realizo-seminario-de-integracion-tecnologica-en-la-educacion-con-docentes-de-la-comuna-de-las-condes","status":"publish","type":"post","link":"https:\/\/ingenieria.udd.cl\/ii\/2023\/05\/19\/mker-campus-de-innovacion-ingenieria-udd-realizo-seminario-de-integracion-tecnologica-en-la-educacion-con-docentes-de-la-comuna-de-las-condes\/","title":{"rendered":"Maker Campus realiz\u00f3 \u00abSeminario de Integraci\u00f3n Tecnol\u00f3gica en la educaci\u00f3n\u00bb con docentes de la comuna de Las Condes"},"content":{"rendered":"\n<p>Con el objetivo de conocer y entender las oportunidades y desaf\u00edos que se abren al incluir la tecnolog\u00eda en el hacer de la educaci\u00f3n, el programa Maker Campus de Innovaci\u00f3n de la Facultad de Ingenier\u00eda de la Universidad Del Desarrollo, realiz\u00f3 el \u201cSeminario de integraci\u00f3n tecnol\u00f3gica en la educaci\u00f3n\u201d, el cual cont\u00f3 con alrededor de 560 participantes, en su mayor\u00eda docentes pertenecientes a la Corporaci\u00f3n de Educaci\u00f3n de Las Condes.&nbsp;<\/p>\n\n\n\n<p>El encuentro estuvo marcado por la presentaci\u00f3n de casos, la conversaci\u00f3n y discusi\u00f3n con expertos sobre el uso de las tecnolog\u00edas en las salas de clases y, de c\u00f3mo \u00e9stas pueden ser aplicadas en las \u00e1reas del conocimiento cient\u00edfico, humanista y art\u00edstico. Esto, reservando un lugar especial para revisar proyectos y experiencias&nbsp; inclusivas y de trabajo con ni\u00f1os y ni\u00f1as de prekinder a 4 B\u00e1sico.&nbsp;&nbsp;&nbsp;&nbsp;<\/p>\n\n\n\n<p>Respecto a la importancia de desarrollar este tipo de actividades, Vicente Lorca, subdirector de Innovaci\u00f3n Ingenier\u00eda UDD y Encargado de Maker Campus, se\u00f1al\u00f3 que \u201ceste tipo de encuentros son importantes porque sirven para acercar la tecnolog\u00eda de una manera m\u00e1s amigable, que se convierta en un tema m\u00e1s cercano a los profesores para que lo puedan utilizar en su d\u00eda a d\u00eda con sus conocimientos y con los recursos que tengan en cada establecimiento\u201d.&nbsp;<\/p>\n\n\n\n<p>A lo largo de la jornada, diferentes expositores pudieron presentar sobre la tecnolog\u00eda aplicada en las salas de clases y su integraci\u00f3n en el curr\u00edculum escolar, entregando ejemplos concretos de su metodolog\u00eda y resultados.&nbsp;<\/p>\n\n\n\n<p>\u201cLas tecnolog\u00edas de hoy en d\u00eda est\u00e1n avanzando muy r\u00e1pido y, por lo mismo, deber\u00edamos ense\u00f1arles a ser pensadores cr\u00edticos, innovadores y saber c\u00f3mo manejarse en el mundo. Para esto, la mejor forma es no pensar en la tecnolog\u00eda como un fin, sino que como un medio en el cual uno est\u00e1 ense\u00f1ando algo\u201d, sostuvo Martin S\u00e1nchez, integracionista de tecnolog\u00eda y coach del Colegio Nido de \u00c1guilas y uno de los expositores a cargo, respecto de la metodolog\u00eda y la forma de integrar la tecnolog\u00eda en las salas de clases.&nbsp;&nbsp;<\/p>\n\n\n\n<p>Por otra parte, y en relaci\u00f3n a la posibilidad de poder participar de este tipo de encuentros, el profesor de Matem\u00e1ticas del Colegio Juan Pablo II, Claudio Z\u00fa\u00f1iga, sostuvo que \u201ccreo que lo que se entreg\u00f3 hoy d\u00eda es algo muy profundo, ya que te entregan esperanza de que no estamos tan lejos de llegar a administrar en funci\u00f3n del logro del aprendizaje de los estudiantes. Cada expositor present\u00f3 informaci\u00f3n valiosa y experiencias pr\u00e1cticas que pueden servir para tener ideas y poder implementarlo en los colegios\u201d.&nbsp;<\/p>\n\n\n\n<p>Por \u00faltimo, cabe destacar que la actividad se llev\u00f3 a cabo dentro del programa que tiene Maker Campus con la Corporaci\u00f3n de Educaci\u00f3n de Las Condes, donde ambas entidades han estado trabajando en diferentes iniciativas relacionadas en c\u00f3mo integrar a los estudiantes en el uso de nuevas tecnolog\u00edas de innovaci\u00f3n.\u00a0<\/p>\n\n\n\n<figure class=\"wp-block-embed is-type-video is-provider-youtube wp-block-embed-youtube wp-embed-aspect-16-9 wp-has-aspect-ratio\"><div class=\"wp-block-embed__wrapper\">\n<iframe loading=\"lazy\" title=\"Seminario | Integraci\u00f3n Tecnol\u00f3gica en la Educaci\u00f3n Las Condes\" width=\"500\" height=\"281\" src=\"https:\/\/www.youtube.com\/embed\/UCS-IIBbHXU?feature=oembed\" frameborder=\"0\" allow=\"accelerometer; autoplay; clipboard-write; encrypted-media; gyroscope; picture-in-picture; web-share\" referrerpolicy=\"strict-origin-when-cross-origin\" allowfullscreen><\/iframe>\n<\/div><\/figure>\n\n\n\n<figure class=\"wp-block-gallery has-nested-images columns-default is-cropped wp-block-gallery-1 is-layout-flex wp-block-gallery-is-layout-flex\">\n<figure class=\"wp-block-image size-large\"><img loading=\"lazy\" decoding=\"async\" width=\"1024\" height=\"681\" data-id=\"3378\" src=\"https:\/\/ingenieria.udd.cl\/ii\/files\/2023\/05\/dsc_6141-1024x681.jpg\" alt=\"\" class=\"wp-image-3378\" srcset=\"https:\/\/ingenieria.udd.cl\/ii\/files\/2023\/05\/dsc_6141-1024x681.jpg 1024w, https:\/\/ingenieria.udd.cl\/ii\/files\/2023\/05\/dsc_6141-300x200.jpg 300w, https:\/\/ingenieria.udd.cl\/ii\/files\/2023\/05\/dsc_6141-768x511.jpg 768w, https:\/\/ingenieria.udd.cl\/ii\/files\/2023\/05\/dsc_6141-1536x1022.jpg 1536w, https:\/\/ingenieria.udd.cl\/ii\/files\/2023\/05\/dsc_6141-2048x1363.jpg 2048w\" sizes=\"auto, (max-width: 1024px) 100vw, 1024px\" \/><\/figure>\n\n\n\n<figure class=\"wp-block-image size-large\"><img loading=\"lazy\" decoding=\"async\" width=\"1024\" height=\"681\" data-id=\"3376\" src=\"https:\/\/ingenieria.udd.cl\/ii\/files\/2023\/05\/dsc_6270-1024x681.jpg\" alt=\"\" class=\"wp-image-3376\" srcset=\"https:\/\/ingenieria.udd.cl\/ii\/files\/2023\/05\/dsc_6270-1024x681.jpg 1024w, https:\/\/ingenieria.udd.cl\/ii\/files\/2023\/05\/dsc_6270-300x200.jpg 300w, https:\/\/ingenieria.udd.cl\/ii\/files\/2023\/05\/dsc_6270-768x511.jpg 768w, https:\/\/ingenieria.udd.cl\/ii\/files\/2023\/05\/dsc_6270-1536x1022.jpg 1536w, https:\/\/ingenieria.udd.cl\/ii\/files\/2023\/05\/dsc_6270-2048x1363.jpg 2048w\" sizes=\"auto, (max-width: 1024px) 100vw, 1024px\" \/><\/figure>\n\n\n\n<figure class=\"wp-block-image size-large\"><img loading=\"lazy\" decoding=\"async\" width=\"1024\" height=\"681\" data-id=\"3374\" src=\"https:\/\/ingenieria.udd.cl\/ii\/files\/2023\/05\/dsc_6230-1024x681.jpg\" alt=\"\" class=\"wp-image-3374\" srcset=\"https:\/\/ingenieria.udd.cl\/ii\/files\/2023\/05\/dsc_6230-1024x681.jpg 1024w, https:\/\/ingenieria.udd.cl\/ii\/files\/2023\/05\/dsc_6230-300x200.jpg 300w, https:\/\/ingenieria.udd.cl\/ii\/files\/2023\/05\/dsc_6230-768x511.jpg 768w, https:\/\/ingenieria.udd.cl\/ii\/files\/2023\/05\/dsc_6230-1536x1022.jpg 1536w, https:\/\/ingenieria.udd.cl\/ii\/files\/2023\/05\/dsc_6230-2048x1363.jpg 2048w\" sizes=\"auto, (max-width: 1024px) 100vw, 1024px\" \/><\/figure>\n\n\n\n<figure class=\"wp-block-image size-large\"><img loading=\"lazy\" decoding=\"async\" width=\"1024\" height=\"681\" data-id=\"3377\" src=\"https:\/\/ingenieria.udd.cl\/ii\/files\/2023\/05\/dsc_6045-1024x681.jpg\" alt=\"\" class=\"wp-image-3377\" srcset=\"https:\/\/ingenieria.udd.cl\/ii\/files\/2023\/05\/dsc_6045-1024x681.jpg 1024w, https:\/\/ingenieria.udd.cl\/ii\/files\/2023\/05\/dsc_6045-300x200.jpg 300w, https:\/\/ingenieria.udd.cl\/ii\/files\/2023\/05\/dsc_6045-768x511.jpg 768w, https:\/\/ingenieria.udd.cl\/ii\/files\/2023\/05\/dsc_6045-1536x1022.jpg 1536w, https:\/\/ingenieria.udd.cl\/ii\/files\/2023\/05\/dsc_6045-2048x1363.jpg 2048w\" sizes=\"auto, (max-width: 1024px) 100vw, 1024px\" \/><\/figure>\n\n\n\n<figure class=\"wp-block-image size-large\"><img loading=\"lazy\" decoding=\"async\" width=\"1024\" height=\"681\" data-id=\"3372\" src=\"https:\/\/ingenieria.udd.cl\/ii\/files\/2023\/05\/dsc_5938-1024x681.jpg\" alt=\"\" class=\"wp-image-3372\" srcset=\"https:\/\/ingenieria.udd.cl\/ii\/files\/2023\/05\/dsc_5938-1024x681.jpg 1024w, https:\/\/ingenieria.udd.cl\/ii\/files\/2023\/05\/dsc_5938-300x200.jpg 300w, https:\/\/ingenieria.udd.cl\/ii\/files\/2023\/05\/dsc_5938-768x511.jpg 768w, https:\/\/ingenieria.udd.cl\/ii\/files\/2023\/05\/dsc_5938-1536x1022.jpg 1536w, https:\/\/ingenieria.udd.cl\/ii\/files\/2023\/05\/dsc_5938-2048x1363.jpg 2048w\" sizes=\"auto, (max-width: 1024px) 100vw, 1024px\" \/><\/figure>\n\n\n\n<figure class=\"wp-block-image size-large\"><img loading=\"lazy\" decoding=\"async\" width=\"1024\" height=\"681\" data-id=\"3375\" src=\"https:\/\/ingenieria.udd.cl\/ii\/files\/2023\/05\/dsc_5831-1024x681.jpg\" alt=\"\" class=\"wp-image-3375\" srcset=\"https:\/\/ingenieria.udd.cl\/ii\/files\/2023\/05\/dsc_5831-1024x681.jpg 1024w, https:\/\/ingenieria.udd.cl\/ii\/files\/2023\/05\/dsc_5831-300x200.jpg 300w, https:\/\/ingenieria.udd.cl\/ii\/files\/2023\/05\/dsc_5831-768x511.jpg 768w, https:\/\/ingenieria.udd.cl\/ii\/files\/2023\/05\/dsc_5831-1536x1022.jpg 1536w, https:\/\/ingenieria.udd.cl\/ii\/files\/2023\/05\/dsc_5831-2048x1363.jpg 2048w\" sizes=\"auto, (max-width: 1024px) 100vw, 1024px\" \/><\/figure>\n\n\n\n<figure class=\"wp-block-image size-large\"><img loading=\"lazy\" decoding=\"async\" width=\"1024\" height=\"681\" data-id=\"3373\" src=\"https:\/\/ingenieria.udd.cl\/ii\/files\/2023\/05\/dsc_5727-1024x681.jpg\" alt=\"\" class=\"wp-image-3373\" srcset=\"https:\/\/ingenieria.udd.cl\/ii\/files\/2023\/05\/dsc_5727-1024x681.jpg 1024w, https:\/\/ingenieria.udd.cl\/ii\/files\/2023\/05\/dsc_5727-300x200.jpg 300w, https:\/\/ingenieria.udd.cl\/ii\/files\/2023\/05\/dsc_5727-768x511.jpg 768w, https:\/\/ingenieria.udd.cl\/ii\/files\/2023\/05\/dsc_5727-1536x1022.jpg 1536w, https:\/\/ingenieria.udd.cl\/ii\/files\/2023\/05\/dsc_5727-2048x1362.jpg 2048w\" sizes=\"auto, (max-width: 1024px) 100vw, 1024px\" \/><\/figure>\n\n\n\n<figure class=\"wp-block-image size-large\"><img loading=\"lazy\" decoding=\"async\" width=\"1024\" height=\"681\" data-id=\"3379\" src=\"https:\/\/ingenieria.udd.cl\/ii\/files\/2023\/05\/dsc_5719-1024x681.jpg\" alt=\"\" class=\"wp-image-3379\" srcset=\"https:\/\/ingenieria.udd.cl\/ii\/files\/2023\/05\/dsc_5719-1024x681.jpg 1024w, https:\/\/ingenieria.udd.cl\/ii\/files\/2023\/05\/dsc_5719-300x200.jpg 300w, https:\/\/ingenieria.udd.cl\/ii\/files\/2023\/05\/dsc_5719-768x511.jpg 768w, https:\/\/ingenieria.udd.cl\/ii\/files\/2023\/05\/dsc_5719-1536x1022.jpg 1536w, https:\/\/ingenieria.udd.cl\/ii\/files\/2023\/05\/dsc_5719-2048x1363.jpg 2048w\" sizes=\"auto, (max-width: 1024px) 100vw, 1024px\" \/><\/figure>\n<\/figure>\n","protected":false},"excerpt":{"rendered":"<p>Con el objetivo de conocer y entender las oportunidades y desaf\u00edos que se abren al incluir la tecnolog\u00eda en el hacer de la educaci\u00f3n, el programa Maker Campus de Innovaci\u00f3n de la Facultad de Ingenier\u00eda de la Universidad Del Desarrollo, realiz\u00f3 el \u201cSeminario de integraci\u00f3n tecnol\u00f3gica en la educaci\u00f3n\u201d, el cual cont\u00f3 con alrededor de [&hellip;]<\/p>\n","protected":false},"author":9192225,"featured_media":3373,"comment_status":"closed","ping_status":"open","sticky":false,"template":"","format":"standard","meta":{"footnotes":""},"categories":[23,2],"tags":[32],"class_list":["post-3371","post","type-post","status-publish","format-standard","has-post-thumbnail","hentry","category-maker-campus","category-iinoticias","tag-maker-campus"],"yoast_head":"<!-- This site is optimized with the Yoast SEO plugin v26.9 - https:\/\/yoast.com\/product\/yoast-seo-wordpress\/ -->\n<title>Maker Campus realiz\u00f3 &quot;Seminario de Integraci\u00f3n Tecnol\u00f3gica en la educaci\u00f3n&quot; con docentes de la comuna de Las Condes - Innovaci\u00f3n Ingenier\u00eda<\/title>\n<meta name=\"robots\" content=\"index, follow, max-snippet:-1, max-image-preview:large, max-video-preview:-1\" \/>\n<link rel=\"canonical\" href=\"https:\/\/ingenieria.udd.cl\/ii\/2023\/05\/19\/mker-campus-de-innovacion-ingenieria-udd-realizo-seminario-de-integracion-tecnologica-en-la-educacion-con-docentes-de-la-comuna-de-las-condes\/\" \/>\n<meta property=\"og:locale\" content=\"es_ES\" \/>\n<meta property=\"og:type\" content=\"article\" \/>\n<meta property=\"og:title\" content=\"Maker Campus realiz\u00f3 &quot;Seminario de Integraci\u00f3n Tecnol\u00f3gica en la educaci\u00f3n&quot; con docentes de la comuna de Las Condes - Innovaci\u00f3n Ingenier\u00eda\" \/>\n<meta property=\"og:description\" content=\"Con el objetivo de conocer y entender las oportunidades y desaf\u00edos que se abren al incluir la tecnolog\u00eda en el hacer de la educaci\u00f3n, el programa Maker Campus de Innovaci\u00f3n de la Facultad de Ingenier\u00eda de la Universidad Del Desarrollo, realiz\u00f3 el \u201cSeminario de integraci\u00f3n tecnol\u00f3gica en la educaci\u00f3n\u201d, el cual cont\u00f3 con alrededor de [&hellip;]\" \/>\n<meta property=\"og:url\" content=\"https:\/\/ingenieria.udd.cl\/ii\/2023\/05\/19\/mker-campus-de-innovacion-ingenieria-udd-realizo-seminario-de-integracion-tecnologica-en-la-educacion-con-docentes-de-la-comuna-de-las-condes\/\" \/>\n<meta property=\"og:site_name\" content=\"Innovaci\u00f3n Ingenier\u00eda\" \/>\n<meta property=\"article:published_time\" content=\"2023-05-19T16:00:52+00:00\" \/>\n<meta property=\"article:modified_time\" content=\"2023-05-24T14:14:51+00:00\" \/>\n<meta property=\"og:image\" content=\"https:\/\/ingenieria.udd.cl\/ii\/files\/2023\/05\/dsc_5727-scaled.jpg\" \/>\n\t<meta property=\"og:image:width\" content=\"2560\" \/>\n\t<meta property=\"og:image:height\" content=\"1703\" \/>\n\t<meta property=\"og:image:type\" content=\"image\/jpeg\" \/>\n<meta name=\"author\" content=\"innovacioning\" \/>\n<meta name=\"twitter:card\" content=\"summary_large_image\" \/>\n<meta name=\"twitter:label1\" content=\"Escrito por\" \/>\n\t<meta name=\"twitter:data1\" content=\"innovacioning\" \/>\n\t<meta name=\"twitter:label2\" content=\"Tiempo de lectura\" \/>\n\t<meta name=\"twitter:data2\" content=\"4 minutos\" \/>\n<script type=\"application\/ld+json\" class=\"yoast-schema-graph\">{\"@context\":\"https:\/\/schema.org\",\"@graph\":[{\"@type\":\"Article\",\"@id\":\"https:\/\/ingenieria.udd.cl\/ii\/2023\/05\/19\/mker-campus-de-innovacion-ingenieria-udd-realizo-seminario-de-integracion-tecnologica-en-la-educacion-con-docentes-de-la-comuna-de-las-condes\/#article\",\"isPartOf\":{\"@id\":\"https:\/\/ingenieria.udd.cl\/ii\/2023\/05\/19\/mker-campus-de-innovacion-ingenieria-udd-realizo-seminario-de-integracion-tecnologica-en-la-educacion-con-docentes-de-la-comuna-de-las-condes\/\"},\"author\":{\"name\":\"innovacioning\",\"@id\":\"https:\/\/ingenieria.udd.cl\/ii\/#\/schema\/person\/1bc62a1a9a844eac900d3cbed49257ae\"},\"headline\":\"Maker Campus realiz\u00f3 \u00abSeminario de Integraci\u00f3n Tecnol\u00f3gica en la educaci\u00f3n\u00bb con docentes de la comuna de Las Condes\",\"datePublished\":\"2023-05-19T16:00:52+00:00\",\"dateModified\":\"2023-05-24T14:14:51+00:00\",\"mainEntityOfPage\":{\"@id\":\"https:\/\/ingenieria.udd.cl\/ii\/2023\/05\/19\/mker-campus-de-innovacion-ingenieria-udd-realizo-seminario-de-integracion-tecnologica-en-la-educacion-con-docentes-de-la-comuna-de-las-condes\/\"},\"wordCount\":562,\"image\":{\"@id\":\"https:\/\/ingenieria.udd.cl\/ii\/2023\/05\/19\/mker-campus-de-innovacion-ingenieria-udd-realizo-seminario-de-integracion-tecnologica-en-la-educacion-con-docentes-de-la-comuna-de-las-condes\/#primaryimage\"},\"thumbnailUrl\":\"https:\/\/ingenieria.udd.cl\/ii\/files\/2023\/05\/dsc_5727-scaled.jpg\",\"keywords\":[\"Maker Campus\"],\"articleSection\":[\"Maker Campus\",\"Noticias\"],\"inLanguage\":\"es\"},{\"@type\":\"WebPage\",\"@id\":\"https:\/\/ingenieria.udd.cl\/ii\/2023\/05\/19\/mker-campus-de-innovacion-ingenieria-udd-realizo-seminario-de-integracion-tecnologica-en-la-educacion-con-docentes-de-la-comuna-de-las-condes\/\",\"url\":\"https:\/\/ingenieria.udd.cl\/ii\/2023\/05\/19\/mker-campus-de-innovacion-ingenieria-udd-realizo-seminario-de-integracion-tecnologica-en-la-educacion-con-docentes-de-la-comuna-de-las-condes\/\",\"name\":\"Maker Campus realiz\u00f3 \\\"Seminario de Integraci\u00f3n Tecnol\u00f3gica en la educaci\u00f3n\\\" con docentes de la comuna de Las Condes - Innovaci\u00f3n Ingenier\u00eda\",\"isPartOf\":{\"@id\":\"https:\/\/ingenieria.udd.cl\/ii\/#website\"},\"primaryImageOfPage\":{\"@id\":\"https:\/\/ingenieria.udd.cl\/ii\/2023\/05\/19\/mker-campus-de-innovacion-ingenieria-udd-realizo-seminario-de-integracion-tecnologica-en-la-educacion-con-docentes-de-la-comuna-de-las-condes\/#primaryimage\"},\"image\":{\"@id\":\"https:\/\/ingenieria.udd.cl\/ii\/2023\/05\/19\/mker-campus-de-innovacion-ingenieria-udd-realizo-seminario-de-integracion-tecnologica-en-la-educacion-con-docentes-de-la-comuna-de-las-condes\/#primaryimage\"},\"thumbnailUrl\":\"https:\/\/ingenieria.udd.cl\/ii\/files\/2023\/05\/dsc_5727-scaled.jpg\",\"datePublished\":\"2023-05-19T16:00:52+00:00\",\"dateModified\":\"2023-05-24T14:14:51+00:00\",\"author\":{\"@id\":\"https:\/\/ingenieria.udd.cl\/ii\/#\/schema\/person\/1bc62a1a9a844eac900d3cbed49257ae\"},\"breadcrumb\":{\"@id\":\"https:\/\/ingenieria.udd.cl\/ii\/2023\/05\/19\/mker-campus-de-innovacion-ingenieria-udd-realizo-seminario-de-integracion-tecnologica-en-la-educacion-con-docentes-de-la-comuna-de-las-condes\/#breadcrumb\"},\"inLanguage\":\"es\",\"potentialAction\":[{\"@type\":\"ReadAction\",\"target\":[\"https:\/\/ingenieria.udd.cl\/ii\/2023\/05\/19\/mker-campus-de-innovacion-ingenieria-udd-realizo-seminario-de-integracion-tecnologica-en-la-educacion-con-docentes-de-la-comuna-de-las-condes\/\"]}]},{\"@type\":\"ImageObject\",\"inLanguage\":\"es\",\"@id\":\"https:\/\/ingenieria.udd.cl\/ii\/2023\/05\/19\/mker-campus-de-innovacion-ingenieria-udd-realizo-seminario-de-integracion-tecnologica-en-la-educacion-con-docentes-de-la-comuna-de-las-condes\/#primaryimage\",\"url\":\"https:\/\/ingenieria.udd.cl\/ii\/files\/2023\/05\/dsc_5727-scaled.jpg\",\"contentUrl\":\"https:\/\/ingenieria.udd.cl\/ii\/files\/2023\/05\/dsc_5727-scaled.jpg\",\"width\":2560,\"height\":1703},{\"@type\":\"BreadcrumbList\",\"@id\":\"https:\/\/ingenieria.udd.cl\/ii\/2023\/05\/19\/mker-campus-de-innovacion-ingenieria-udd-realizo-seminario-de-integracion-tecnologica-en-la-educacion-con-docentes-de-la-comuna-de-las-condes\/#breadcrumb\",\"itemListElement\":[{\"@type\":\"ListItem\",\"position\":1,\"name\":\"Portada\",\"item\":\"https:\/\/ingenieria.udd.cl\/ii\/\"},{\"@type\":\"ListItem\",\"position\":2,\"name\":\"Maker Campus realiz\u00f3 \u00abSeminario de Integraci\u00f3n Tecnol\u00f3gica en la educaci\u00f3n\u00bb con docentes de la comuna de Las Condes\"}]},{\"@type\":\"WebSite\",\"@id\":\"https:\/\/ingenieria.udd.cl\/ii\/#website\",\"url\":\"https:\/\/ingenieria.udd.cl\/ii\/\",\"name\":\"Innovaci\u00f3n Ingenier\u00eda\",\"description\":\"Otro sitio m\u00e1s de Ingenieria\",\"inLanguage\":\"es\"},{\"@type\":\"Person\",\"@id\":\"https:\/\/ingenieria.udd.cl\/ii\/#\/schema\/person\/1bc62a1a9a844eac900d3cbed49257ae\",\"name\":\"innovacioning\",\"image\":{\"@type\":\"ImageObject\",\"inLanguage\":\"es\",\"@id\":\"https:\/\/ingenieria.udd.cl\/ii\/#\/schema\/person\/image\/\",\"url\":\"https:\/\/secure.gravatar.com\/avatar\/ad6f915cae0f525cea1bbd2b78b598f56cf980449fbbaef05e9d6271fb154710?s=96&d=mm&r=g\",\"contentUrl\":\"https:\/\/secure.gravatar.com\/avatar\/ad6f915cae0f525cea1bbd2b78b598f56cf980449fbbaef05e9d6271fb154710?s=96&d=mm&r=g\",\"caption\":\"innovacioning\"},\"url\":\"https:\/\/ingenieria.udd.cl\/ii\/author\/innovacioning\/\"}]}<\/script>\n<!-- \/ Yoast SEO plugin. -->","yoast_head_json":{"title":"Maker Campus realiz\u00f3 \"Seminario de Integraci\u00f3n Tecnol\u00f3gica en la educaci\u00f3n\" con docentes de la comuna de Las Condes - Innovaci\u00f3n Ingenier\u00eda","robots":{"index":"index","follow":"follow","max-snippet":"max-snippet:-1","max-image-preview":"max-image-preview:large","max-video-preview":"max-video-preview:-1"},"canonical":"https:\/\/ingenieria.udd.cl\/ii\/2023\/05\/19\/mker-campus-de-innovacion-ingenieria-udd-realizo-seminario-de-integracion-tecnologica-en-la-educacion-con-docentes-de-la-comuna-de-las-condes\/","og_locale":"es_ES","og_type":"article","og_title":"Maker Campus realiz\u00f3 \"Seminario de Integraci\u00f3n Tecnol\u00f3gica en la educaci\u00f3n\" con docentes de la comuna de Las Condes - Innovaci\u00f3n Ingenier\u00eda","og_description":"Con el objetivo de conocer y entender las oportunidades y desaf\u00edos que se abren al incluir la tecnolog\u00eda en el hacer de la educaci\u00f3n, el programa Maker Campus de Innovaci\u00f3n de la Facultad de Ingenier\u00eda de la Universidad Del Desarrollo, realiz\u00f3 el \u201cSeminario de integraci\u00f3n tecnol\u00f3gica en la educaci\u00f3n\u201d, el cual cont\u00f3 con alrededor de [&hellip;]","og_url":"https:\/\/ingenieria.udd.cl\/ii\/2023\/05\/19\/mker-campus-de-innovacion-ingenieria-udd-realizo-seminario-de-integracion-tecnologica-en-la-educacion-con-docentes-de-la-comuna-de-las-condes\/","og_site_name":"Innovaci\u00f3n Ingenier\u00eda","article_published_time":"2023-05-19T16:00:52+00:00","article_modified_time":"2023-05-24T14:14:51+00:00","og_image":[{"width":2560,"height":1703,"url":"https:\/\/ingenieria.udd.cl\/ii\/files\/2023\/05\/dsc_5727-scaled.jpg","type":"image\/jpeg"}],"author":"innovacioning","twitter_card":"summary_large_image","twitter_misc":{"Escrito por":"innovacioning","Tiempo de lectura":"4 minutos"},"schema":{"@context":"https:\/\/schema.org","@graph":[{"@type":"Article","@id":"https:\/\/ingenieria.udd.cl\/ii\/2023\/05\/19\/mker-campus-de-innovacion-ingenieria-udd-realizo-seminario-de-integracion-tecnologica-en-la-educacion-con-docentes-de-la-comuna-de-las-condes\/#article","isPartOf":{"@id":"https:\/\/ingenieria.udd.cl\/ii\/2023\/05\/19\/mker-campus-de-innovacion-ingenieria-udd-realizo-seminario-de-integracion-tecnologica-en-la-educacion-con-docentes-de-la-comuna-de-las-condes\/"},"author":{"name":"innovacioning","@id":"https:\/\/ingenieria.udd.cl\/ii\/#\/schema\/person\/1bc62a1a9a844eac900d3cbed49257ae"},"headline":"Maker Campus realiz\u00f3 \u00abSeminario de Integraci\u00f3n Tecnol\u00f3gica en la educaci\u00f3n\u00bb con docentes de la comuna de Las Condes","datePublished":"2023-05-19T16:00:52+00:00","dateModified":"2023-05-24T14:14:51+00:00","mainEntityOfPage":{"@id":"https:\/\/ingenieria.udd.cl\/ii\/2023\/05\/19\/mker-campus-de-innovacion-ingenieria-udd-realizo-seminario-de-integracion-tecnologica-en-la-educacion-con-docentes-de-la-comuna-de-las-condes\/"},"wordCount":562,"image":{"@id":"https:\/\/ingenieria.udd.cl\/ii\/2023\/05\/19\/mker-campus-de-innovacion-ingenieria-udd-realizo-seminario-de-integracion-tecnologica-en-la-educacion-con-docentes-de-la-comuna-de-las-condes\/#primaryimage"},"thumbnailUrl":"https:\/\/ingenieria.udd.cl\/ii\/files\/2023\/05\/dsc_5727-scaled.jpg","keywords":["Maker Campus"],"articleSection":["Maker Campus","Noticias"],"inLanguage":"es"},{"@type":"WebPage","@id":"https:\/\/ingenieria.udd.cl\/ii\/2023\/05\/19\/mker-campus-de-innovacion-ingenieria-udd-realizo-seminario-de-integracion-tecnologica-en-la-educacion-con-docentes-de-la-comuna-de-las-condes\/","url":"https:\/\/ingenieria.udd.cl\/ii\/2023\/05\/19\/mker-campus-de-innovacion-ingenieria-udd-realizo-seminario-de-integracion-tecnologica-en-la-educacion-con-docentes-de-la-comuna-de-las-condes\/","name":"Maker Campus realiz\u00f3 \"Seminario de Integraci\u00f3n Tecnol\u00f3gica en la educaci\u00f3n\" con docentes de la comuna de Las Condes - Innovaci\u00f3n Ingenier\u00eda","isPartOf":{"@id":"https:\/\/ingenieria.udd.cl\/ii\/#website"},"primaryImageOfPage":{"@id":"https:\/\/ingenieria.udd.cl\/ii\/2023\/05\/19\/mker-campus-de-innovacion-ingenieria-udd-realizo-seminario-de-integracion-tecnologica-en-la-educacion-con-docentes-de-la-comuna-de-las-condes\/#primaryimage"},"image":{"@id":"https:\/\/ingenieria.udd.cl\/ii\/2023\/05\/19\/mker-campus-de-innovacion-ingenieria-udd-realizo-seminario-de-integracion-tecnologica-en-la-educacion-con-docentes-de-la-comuna-de-las-condes\/#primaryimage"},"thumbnailUrl":"https:\/\/ingenieria.udd.cl\/ii\/files\/2023\/05\/dsc_5727-scaled.jpg","datePublished":"2023-05-19T16:00:52+00:00","dateModified":"2023-05-24T14:14:51+00:00","author":{"@id":"https:\/\/ingenieria.udd.cl\/ii\/#\/schema\/person\/1bc62a1a9a844eac900d3cbed49257ae"},"breadcrumb":{"@id":"https:\/\/ingenieria.udd.cl\/ii\/2023\/05\/19\/mker-campus-de-innovacion-ingenieria-udd-realizo-seminario-de-integracion-tecnologica-en-la-educacion-con-docentes-de-la-comuna-de-las-condes\/#breadcrumb"},"inLanguage":"es","potentialAction":[{"@type":"ReadAction","target":["https:\/\/ingenieria.udd.cl\/ii\/2023\/05\/19\/mker-campus-de-innovacion-ingenieria-udd-realizo-seminario-de-integracion-tecnologica-en-la-educacion-con-docentes-de-la-comuna-de-las-condes\/"]}]},{"@type":"ImageObject","inLanguage":"es","@id":"https:\/\/ingenieria.udd.cl\/ii\/2023\/05\/19\/mker-campus-de-innovacion-ingenieria-udd-realizo-seminario-de-integracion-tecnologica-en-la-educacion-con-docentes-de-la-comuna-de-las-condes\/#primaryimage","url":"https:\/\/ingenieria.udd.cl\/ii\/files\/2023\/05\/dsc_5727-scaled.jpg","contentUrl":"https:\/\/ingenieria.udd.cl\/ii\/files\/2023\/05\/dsc_5727-scaled.jpg","width":2560,"height":1703},{"@type":"BreadcrumbList","@id":"https:\/\/ingenieria.udd.cl\/ii\/2023\/05\/19\/mker-campus-de-innovacion-ingenieria-udd-realizo-seminario-de-integracion-tecnologica-en-la-educacion-con-docentes-de-la-comuna-de-las-condes\/#breadcrumb","itemListElement":[{"@type":"ListItem","position":1,"name":"Portada","item":"https:\/\/ingenieria.udd.cl\/ii\/"},{"@type":"ListItem","position":2,"name":"Maker Campus realiz\u00f3 \u00abSeminario de Integraci\u00f3n Tecnol\u00f3gica en la educaci\u00f3n\u00bb con docentes de la comuna de Las Condes"}]},{"@type":"WebSite","@id":"https:\/\/ingenieria.udd.cl\/ii\/#website","url":"https:\/\/ingenieria.udd.cl\/ii\/","name":"Innovaci\u00f3n Ingenier\u00eda","description":"Otro sitio m\u00e1s de Ingenieria","inLanguage":"es"},{"@type":"Person","@id":"https:\/\/ingenieria.udd.cl\/ii\/#\/schema\/person\/1bc62a1a9a844eac900d3cbed49257ae","name":"innovacioning","image":{"@type":"ImageObject","inLanguage":"es","@id":"https:\/\/ingenieria.udd.cl\/ii\/#\/schema\/person\/image\/","url":"https:\/\/secure.gravatar.com\/avatar\/ad6f915cae0f525cea1bbd2b78b598f56cf980449fbbaef05e9d6271fb154710?s=96&d=mm&r=g","contentUrl":"https:\/\/secure.gravatar.com\/avatar\/ad6f915cae0f525cea1bbd2b78b598f56cf980449fbbaef05e9d6271fb154710?s=96&d=mm&r=g","caption":"innovacioning"},"url":"https:\/\/ingenieria.udd.cl\/ii\/author\/innovacioning\/"}]}},"featured_image_url":"https:\/\/ingenieria.udd.cl\/ii\/files\/2023\/05\/dsc_5727-scaled.jpg","_links":{"self":[{"href":"https:\/\/ingenieria.udd.cl\/ii\/wp-json\/wp\/v2\/posts\/3371","targetHints":{"allow":["GET"]}}],"collection":[{"href":"https:\/\/ingenieria.udd.cl\/ii\/wp-json\/wp\/v2\/posts"}],"about":[{"href":"https:\/\/ingenieria.udd.cl\/ii\/wp-json\/wp\/v2\/types\/post"}],"author":[{"embeddable":true,"href":"https:\/\/ingenieria.udd.cl\/ii\/wp-json\/wp\/v2\/users\/9192225"}],"replies":[{"embeddable":true,"href":"https:\/\/ingenieria.udd.cl\/ii\/wp-json\/wp\/v2\/comments?post=3371"}],"version-history":[{"count":4,"href":"https:\/\/ingenieria.udd.cl\/ii\/wp-json\/wp\/v2\/posts\/3371\/revisions"}],"predecessor-version":[{"id":3384,"href":"https:\/\/ingenieria.udd.cl\/ii\/wp-json\/wp\/v2\/posts\/3371\/revisions\/3384"}],"wp:featuredmedia":[{"embeddable":true,"href":"https:\/\/ingenieria.udd.cl\/ii\/wp-json\/wp\/v2\/media\/3373"}],"wp:attachment":[{"href":"https:\/\/ingenieria.udd.cl\/ii\/wp-json\/wp\/v2\/media?parent=3371"}],"wp:term":[{"taxonomy":"category","embeddable":true,"href":"https:\/\/ingenieria.udd.cl\/ii\/wp-json\/wp\/v2\/categories?post=3371"},{"taxonomy":"post_tag","embeddable":true,"href":"https:\/\/ingenieria.udd.cl\/ii\/wp-json\/wp\/v2\/tags?post=3371"}],"curies":[{"name":"wp","href":"https:\/\/api.w.org\/{rel}","templated":true}]}}