{"id":3834,"date":"2024-02-20T14:38:35","date_gmt":"2024-02-20T13:38:35","guid":{"rendered":"https:\/\/ingenieria.udd.cl\/ii\/?p=3834"},"modified":"2024-02-20T14:38:38","modified_gmt":"2024-02-20T13:38:38","slug":"centro-de-investigacion-en-tecnologias-para-la-sociedad-c-de-ingenieria-recibe-importante-distincion-en-premiacion-anual-icono-udd","status":"publish","type":"post","link":"https:\/\/ingenieria.udd.cl\/ii\/2024\/02\/20\/centro-de-investigacion-en-tecnologias-para-la-sociedad-c-de-ingenieria-recibe-importante-distincion-en-premiacion-anual-icono-udd\/","title":{"rendered":"Centro de Investigaci\u00f3n en Tecnolog\u00edas para la Sociedad (C+) de Ingenier\u00eda recibe importante distinci\u00f3n en Premiaci\u00f3n Anual ICono UDD\u00a0\u00a0"},"content":{"rendered":"\n<figure class=\"wp-block-embed is-type-video is-provider-youtube wp-block-embed-youtube wp-embed-aspect-16-9 wp-has-aspect-ratio\"><div class=\"wp-block-embed__wrapper\">\n<iframe loading=\"lazy\" title=\"Premios iCono UDD 2023 - Categor\u00eda 2\" width=\"500\" height=\"281\" src=\"https:\/\/www.youtube.com\/embed\/vwW3fukyYJ8?feature=oembed\" frameborder=\"0\" allow=\"accelerometer; autoplay; clipboard-write; encrypted-media; gyroscope; picture-in-picture; web-share\" referrerpolicy=\"strict-origin-when-cross-origin\" allowfullscreen><\/iframe>\n<\/div><\/figure>\n\n\n\n<p>La Direcci\u00f3n de Transferencia Tecnol\u00f3gica realiz\u00f3, por quinto a\u00f1o consecutivo, su \u201cCeremonia de Premiaci\u00f3n Anual iCono UDD\u201d, actividad en la cual el Centro de Investigaci\u00f3n en Tecnolog\u00edas para la Sociedad (C+) de la Facultad de Ingenier\u00eda UDD fue reconocida con una distinci\u00f3n.\u00a0\u00a0<\/p>\n\n\n\n<p>El evento tuvo como objetivo reconocer a investigadores, instituciones, centros de investigaci\u00f3n y facultades que con su trabajo contribuyeron a generar impacto en la sociedad, fomentando la comercializaci\u00f3n de activos protegidos por propiedad intelectual e industrial y, adem\u00e1s, fortaleciendo el ecosistema nacional de investigaci\u00f3n, desarrollo e innovaci\u00f3n (i+D+i).&nbsp;&nbsp;<\/p>\n\n\n\n<p>Este a\u00f1o, el Centro C+ fue reconocido en la categor\u00eda de \u201cTransferencia Tecnol\u00f3gica\u201d, la cual premia al centro de investigaci\u00f3n que haya generado la mayor cantidad de licencias sobre propiedad industrial a lo largo del a\u00f1o 2023, el cual fue recibido por el decano de la Facultad de Ingenier\u00eda, Fernando Rojas, el director del C+, Camilo Rodr\u00edguez y la coordinadora de transferencia tecnol\u00f3gica del C+, Carolina Abello. &nbsp;<\/p>\n\n\n\n<p>\u201cEl generar impacto est\u00e1 dentro del coraz\u00f3n de nuestro qu\u00e9 hacer, y qu\u00e9 mejor que hacerlo vinculado a la industria, generando transferencia. La investigaci\u00f3n aplicada se trata de eso, de impactar lo que est\u00e1 ocurriendo en la sociedad, mejorar productos, mejorar servicios que ayuden a resolver y mejorar la calidad de vida de las personas. En este sentido, quiero felicitar a todo el equipo que ha trabajado en esto y, por supuesto, con grandes expectativas del futuro\u201d, sostuvo Fernando Rojas, decano de Ingenier\u00eda UDD.&nbsp;&nbsp;<\/p>\n\n\n\n<p>En el 2023, el C+ logr\u00f3 licencias sobre proyectos relacionados con cambio clim\u00e1tico, acceso a la salud, tecnolog\u00eda para pol\u00edticas p\u00fablicas, entre otras tem\u00e1ticas enfocadas en impactar a la sociedad, desarrollados por investigadores del centro durante el a\u00f1o. &nbsp;<\/p>\n\n\n\n<p>En relaci\u00f3n a los pr\u00f3ximos objetivos que tiene el C+ para este 2024, el director Camilo Rodr\u00edguez, se\u00f1al\u00f3 que \u201cla idea general del centro no es s\u00f3lo crecer, sino que consolidarse y buscar un mayor reconocimiento con m\u00faltiples actores, donde podamos hacer cosas en conjunto (&#8230;) yo creo que hemos demostrado que lo podemos hacer, solo que ahora es momento de que se fortalezca a\u00fan m\u00e1s y seamos m\u00e1s reconocidos por el medio para esto, es decir, salir y tener m\u00e1s presencia en regiones u otras \u00e1reas donde podamos trabajar en conjunto\u201d. \u00a0<\/p>\n\n\n\n<figure class=\"wp-block-gallery has-nested-images columns-default is-cropped wp-block-gallery-1 is-layout-flex wp-block-gallery-is-layout-flex\">\n<figure class=\"wp-block-image size-large\"><img loading=\"lazy\" decoding=\"async\" width=\"1024\" height=\"576\" data-id=\"3840\" src=\"https:\/\/ingenieria.udd.cl\/ii\/files\/2024\/02\/1-premios_icono_2023_vst-9909-1366x768-1-1024x576.jpg\" alt=\"\" class=\"wp-image-3840\" srcset=\"https:\/\/ingenieria.udd.cl\/ii\/files\/2024\/02\/1-premios_icono_2023_vst-9909-1366x768-1-1024x576.jpg 1024w, https:\/\/ingenieria.udd.cl\/ii\/files\/2024\/02\/1-premios_icono_2023_vst-9909-1366x768-1-300x169.jpg 300w, https:\/\/ingenieria.udd.cl\/ii\/files\/2024\/02\/1-premios_icono_2023_vst-9909-1366x768-1-768x432.jpg 768w, https:\/\/ingenieria.udd.cl\/ii\/files\/2024\/02\/1-premios_icono_2023_vst-9909-1366x768-1-680x382.jpg 680w, https:\/\/ingenieria.udd.cl\/ii\/files\/2024\/02\/1-premios_icono_2023_vst-9909-1366x768-1.jpg 1366w\" sizes=\"auto, (max-width: 1024px) 100vw, 1024px\" \/><figcaption class=\"wp-element-caption\">Registro fotogr\u00e1fico de los Premios ICONO UDD 2023. En Santiago: 21\/12\/2023. Fot\u00f3grafo: Valentino Saldivar.<\/figcaption><\/figure>\n\n\n\n<figure class=\"wp-block-image size-large\"><img loading=\"lazy\" decoding=\"async\" width=\"1024\" height=\"576\" data-id=\"3837\" src=\"https:\/\/ingenieria.udd.cl\/ii\/files\/2024\/02\/image-2-1366x768-1-1024x576.jpg\" alt=\"\" class=\"wp-image-3837\" srcset=\"https:\/\/ingenieria.udd.cl\/ii\/files\/2024\/02\/image-2-1366x768-1-1024x576.jpg 1024w, https:\/\/ingenieria.udd.cl\/ii\/files\/2024\/02\/image-2-1366x768-1-300x169.jpg 300w, https:\/\/ingenieria.udd.cl\/ii\/files\/2024\/02\/image-2-1366x768-1-768x432.jpg 768w, https:\/\/ingenieria.udd.cl\/ii\/files\/2024\/02\/image-2-1366x768-1-680x382.jpg 680w, https:\/\/ingenieria.udd.cl\/ii\/files\/2024\/02\/image-2-1366x768-1.jpg 1366w\" sizes=\"auto, (max-width: 1024px) 100vw, 1024px\" \/><figcaption class=\"wp-element-caption\">Registro fotogr\u00e1fico de los Premios ICONO UDD 2023. En Santiago: 21\/12\/2023. Fot\u00f3grafo: Valentino Saldivar.<\/figcaption><\/figure>\n\n\n\n<figure class=\"wp-block-image size-large\"><img loading=\"lazy\" decoding=\"async\" width=\"1024\" height=\"576\" data-id=\"3846\" src=\"https:\/\/ingenieria.udd.cl\/ii\/files\/2024\/02\/8-premios_icono_2023_vst-9899-1366x768-1-1024x576.jpg\" alt=\"\" class=\"wp-image-3846\" srcset=\"https:\/\/ingenieria.udd.cl\/ii\/files\/2024\/02\/8-premios_icono_2023_vst-9899-1366x768-1-1024x576.jpg 1024w, https:\/\/ingenieria.udd.cl\/ii\/files\/2024\/02\/8-premios_icono_2023_vst-9899-1366x768-1-300x169.jpg 300w, https:\/\/ingenieria.udd.cl\/ii\/files\/2024\/02\/8-premios_icono_2023_vst-9899-1366x768-1-768x432.jpg 768w, https:\/\/ingenieria.udd.cl\/ii\/files\/2024\/02\/8-premios_icono_2023_vst-9899-1366x768-1-680x382.jpg 680w, https:\/\/ingenieria.udd.cl\/ii\/files\/2024\/02\/8-premios_icono_2023_vst-9899-1366x768-1.jpg 1366w\" sizes=\"auto, (max-width: 1024px) 100vw, 1024px\" \/><figcaption class=\"wp-element-caption\">Registro fotogr\u00e1fico de los Premios ICONO UDD 2023. En Santiago: 21\/12\/2023. Fot\u00f3grafo: Valentino Saldivar.<\/figcaption><\/figure>\n\n\n\n<figure class=\"wp-block-image size-large\"><img loading=\"lazy\" decoding=\"async\" width=\"1024\" height=\"576\" data-id=\"3843\" src=\"https:\/\/ingenieria.udd.cl\/ii\/files\/2024\/02\/4-premios_icono_2023_vst-9926-1366x768-1-1024x576.jpg\" alt=\"\" class=\"wp-image-3843\" srcset=\"https:\/\/ingenieria.udd.cl\/ii\/files\/2024\/02\/4-premios_icono_2023_vst-9926-1366x768-1-1024x576.jpg 1024w, https:\/\/ingenieria.udd.cl\/ii\/files\/2024\/02\/4-premios_icono_2023_vst-9926-1366x768-1-300x169.jpg 300w, https:\/\/ingenieria.udd.cl\/ii\/files\/2024\/02\/4-premios_icono_2023_vst-9926-1366x768-1-768x432.jpg 768w, https:\/\/ingenieria.udd.cl\/ii\/files\/2024\/02\/4-premios_icono_2023_vst-9926-1366x768-1-680x382.jpg 680w, https:\/\/ingenieria.udd.cl\/ii\/files\/2024\/02\/4-premios_icono_2023_vst-9926-1366x768-1.jpg 1366w\" sizes=\"auto, (max-width: 1024px) 100vw, 1024px\" \/><figcaption class=\"wp-element-caption\">Registro fotogr\u00e1fico de los Premios ICONO UDD 2023. En Santiago: 21\/12\/2023. Fot\u00f3grafo: Valentino Saldivar.<\/figcaption><\/figure>\n<\/figure>\n","protected":false},"excerpt":{"rendered":"<p>La Direcci\u00f3n de Transferencia Tecnol\u00f3gica realiz\u00f3, por quinto a\u00f1o consecutivo, su \u201cCeremonia de Premiaci\u00f3n Anual iCono UDD\u201d, actividad en la cual el Centro de Investigaci\u00f3n en Tecnolog\u00edas para la Sociedad (C+) de la Facultad de Ingenier\u00eda UDD fue reconocida con una distinci\u00f3n.\u00a0\u00a0 El evento tuvo como objetivo reconocer a investigadores, instituciones, centros de investigaci\u00f3n y [&hellip;]<\/p>\n","protected":false},"author":9192225,"featured_media":3843,"comment_status":"closed","ping_status":"open","sticky":false,"template":"","format":"standard","meta":{"footnotes":""},"categories":[22,2],"tags":[30,39,38],"class_list":["post-3834","post","type-post","status-publish","format-standard","has-post-thumbnail","hentry","category-centro-de-investigacion-de-tecnologias-para-la-sociedad","category-iinoticias","tag-c","tag-iinoticias","tag-noticias"],"yoast_head":"<!-- This site is optimized with the Yoast SEO plugin v26.9 - https:\/\/yoast.com\/product\/yoast-seo-wordpress\/ -->\n<title>Centro de Investigaci\u00f3n en Tecnolog\u00edas para la Sociedad (C+) de Ingenier\u00eda recibe importante distinci\u00f3n en Premiaci\u00f3n Anual ICono UDD\u00a0\u00a0 - Innovaci\u00f3n Ingenier\u00eda<\/title>\n<meta name=\"robots\" content=\"index, follow, max-snippet:-1, max-image-preview:large, max-video-preview:-1\" \/>\n<link rel=\"canonical\" href=\"https:\/\/ingenieria.udd.cl\/ii\/2024\/02\/20\/centro-de-investigacion-en-tecnologias-para-la-sociedad-c-de-ingenieria-recibe-importante-distincion-en-premiacion-anual-icono-udd\/\" \/>\n<meta property=\"og:locale\" content=\"es_ES\" \/>\n<meta property=\"og:type\" content=\"article\" \/>\n<meta property=\"og:title\" content=\"Centro de Investigaci\u00f3n en Tecnolog\u00edas para la Sociedad (C+) de Ingenier\u00eda recibe importante distinci\u00f3n en Premiaci\u00f3n Anual ICono UDD\u00a0\u00a0 - Innovaci\u00f3n Ingenier\u00eda\" \/>\n<meta property=\"og:description\" content=\"La Direcci\u00f3n de Transferencia Tecnol\u00f3gica realiz\u00f3, por quinto a\u00f1o consecutivo, su \u201cCeremonia de Premiaci\u00f3n Anual iCono UDD\u201d, actividad en la cual el Centro de Investigaci\u00f3n en Tecnolog\u00edas para la Sociedad (C+) de la Facultad de Ingenier\u00eda UDD fue reconocida con una distinci\u00f3n.\u00a0\u00a0 El evento tuvo como objetivo reconocer a investigadores, instituciones, centros de investigaci\u00f3n y [&hellip;]\" \/>\n<meta property=\"og:url\" content=\"https:\/\/ingenieria.udd.cl\/ii\/2024\/02\/20\/centro-de-investigacion-en-tecnologias-para-la-sociedad-c-de-ingenieria-recibe-importante-distincion-en-premiacion-anual-icono-udd\/\" \/>\n<meta property=\"og:site_name\" content=\"Innovaci\u00f3n Ingenier\u00eda\" \/>\n<meta property=\"article:published_time\" content=\"2024-02-20T13:38:35+00:00\" \/>\n<meta property=\"article:modified_time\" content=\"2024-02-20T13:38:38+00:00\" \/>\n<meta property=\"og:image\" content=\"https:\/\/ingenieria.udd.cl\/ii\/files\/2024\/02\/4-premios_icono_2023_vst-9926-1366x768-1.jpg\" \/>\n\t<meta property=\"og:image:width\" content=\"1366\" \/>\n\t<meta property=\"og:image:height\" content=\"768\" \/>\n\t<meta property=\"og:image:type\" content=\"image\/jpeg\" \/>\n<meta name=\"author\" content=\"innovacioning\" \/>\n<meta name=\"twitter:card\" content=\"summary_large_image\" \/>\n<meta name=\"twitter:label1\" content=\"Escrito por\" \/>\n\t<meta name=\"twitter:data1\" content=\"innovacioning\" \/>\n\t<meta name=\"twitter:label2\" content=\"Tiempo de lectura\" \/>\n\t<meta name=\"twitter:data2\" content=\"3 minutos\" \/>\n<script type=\"application\/ld+json\" class=\"yoast-schema-graph\">{\"@context\":\"https:\/\/schema.org\",\"@graph\":[{\"@type\":\"Article\",\"@id\":\"https:\/\/ingenieria.udd.cl\/ii\/2024\/02\/20\/centro-de-investigacion-en-tecnologias-para-la-sociedad-c-de-ingenieria-recibe-importante-distincion-en-premiacion-anual-icono-udd\/#article\",\"isPartOf\":{\"@id\":\"https:\/\/ingenieria.udd.cl\/ii\/2024\/02\/20\/centro-de-investigacion-en-tecnologias-para-la-sociedad-c-de-ingenieria-recibe-importante-distincion-en-premiacion-anual-icono-udd\/\"},\"author\":{\"name\":\"innovacioning\",\"@id\":\"https:\/\/ingenieria.udd.cl\/ii\/#\/schema\/person\/1bc62a1a9a844eac900d3cbed49257ae\"},\"headline\":\"Centro de Investigaci\u00f3n en Tecnolog\u00edas para la Sociedad (C+) de Ingenier\u00eda recibe importante distinci\u00f3n en Premiaci\u00f3n Anual ICono UDD\u00a0\u00a0\",\"datePublished\":\"2024-02-20T13:38:35+00:00\",\"dateModified\":\"2024-02-20T13:38:38+00:00\",\"mainEntityOfPage\":{\"@id\":\"https:\/\/ingenieria.udd.cl\/ii\/2024\/02\/20\/centro-de-investigacion-en-tecnologias-para-la-sociedad-c-de-ingenieria-recibe-importante-distincion-en-premiacion-anual-icono-udd\/\"},\"wordCount\":503,\"image\":{\"@id\":\"https:\/\/ingenieria.udd.cl\/ii\/2024\/02\/20\/centro-de-investigacion-en-tecnologias-para-la-sociedad-c-de-ingenieria-recibe-importante-distincion-en-premiacion-anual-icono-udd\/#primaryimage\"},\"thumbnailUrl\":\"https:\/\/ingenieria.udd.cl\/ii\/files\/2024\/02\/4-premios_icono_2023_vst-9926-1366x768-1.jpg\",\"keywords\":[\"C+\",\"iinoticias\",\"noticias\"],\"articleSection\":[\"Centro de Investigaci\u00f3n de Tecnolog\u00edas para la Sociedad\",\"Noticias\"],\"inLanguage\":\"es\"},{\"@type\":\"WebPage\",\"@id\":\"https:\/\/ingenieria.udd.cl\/ii\/2024\/02\/20\/centro-de-investigacion-en-tecnologias-para-la-sociedad-c-de-ingenieria-recibe-importante-distincion-en-premiacion-anual-icono-udd\/\",\"url\":\"https:\/\/ingenieria.udd.cl\/ii\/2024\/02\/20\/centro-de-investigacion-en-tecnologias-para-la-sociedad-c-de-ingenieria-recibe-importante-distincion-en-premiacion-anual-icono-udd\/\",\"name\":\"Centro de Investigaci\u00f3n en Tecnolog\u00edas para la Sociedad (C+) de Ingenier\u00eda recibe importante distinci\u00f3n en Premiaci\u00f3n Anual ICono UDD\u00a0\u00a0 - Innovaci\u00f3n Ingenier\u00eda\",\"isPartOf\":{\"@id\":\"https:\/\/ingenieria.udd.cl\/ii\/#website\"},\"primaryImageOfPage\":{\"@id\":\"https:\/\/ingenieria.udd.cl\/ii\/2024\/02\/20\/centro-de-investigacion-en-tecnologias-para-la-sociedad-c-de-ingenieria-recibe-importante-distincion-en-premiacion-anual-icono-udd\/#primaryimage\"},\"image\":{\"@id\":\"https:\/\/ingenieria.udd.cl\/ii\/2024\/02\/20\/centro-de-investigacion-en-tecnologias-para-la-sociedad-c-de-ingenieria-recibe-importante-distincion-en-premiacion-anual-icono-udd\/#primaryimage\"},\"thumbnailUrl\":\"https:\/\/ingenieria.udd.cl\/ii\/files\/2024\/02\/4-premios_icono_2023_vst-9926-1366x768-1.jpg\",\"datePublished\":\"2024-02-20T13:38:35+00:00\",\"dateModified\":\"2024-02-20T13:38:38+00:00\",\"author\":{\"@id\":\"https:\/\/ingenieria.udd.cl\/ii\/#\/schema\/person\/1bc62a1a9a844eac900d3cbed49257ae\"},\"breadcrumb\":{\"@id\":\"https:\/\/ingenieria.udd.cl\/ii\/2024\/02\/20\/centro-de-investigacion-en-tecnologias-para-la-sociedad-c-de-ingenieria-recibe-importante-distincion-en-premiacion-anual-icono-udd\/#breadcrumb\"},\"inLanguage\":\"es\",\"potentialAction\":[{\"@type\":\"ReadAction\",\"target\":[\"https:\/\/ingenieria.udd.cl\/ii\/2024\/02\/20\/centro-de-investigacion-en-tecnologias-para-la-sociedad-c-de-ingenieria-recibe-importante-distincion-en-premiacion-anual-icono-udd\/\"]}]},{\"@type\":\"ImageObject\",\"inLanguage\":\"es\",\"@id\":\"https:\/\/ingenieria.udd.cl\/ii\/2024\/02\/20\/centro-de-investigacion-en-tecnologias-para-la-sociedad-c-de-ingenieria-recibe-importante-distincion-en-premiacion-anual-icono-udd\/#primaryimage\",\"url\":\"https:\/\/ingenieria.udd.cl\/ii\/files\/2024\/02\/4-premios_icono_2023_vst-9926-1366x768-1.jpg\",\"contentUrl\":\"https:\/\/ingenieria.udd.cl\/ii\/files\/2024\/02\/4-premios_icono_2023_vst-9926-1366x768-1.jpg\",\"width\":1366,\"height\":768,\"caption\":\"Registro fotogr\u00e1fico de los Premios ICONO UDD 2023. En Santiago: 21\/12\/2023. Fot\u00f3grafo: Valentino Saldivar.\"},{\"@type\":\"BreadcrumbList\",\"@id\":\"https:\/\/ingenieria.udd.cl\/ii\/2024\/02\/20\/centro-de-investigacion-en-tecnologias-para-la-sociedad-c-de-ingenieria-recibe-importante-distincion-en-premiacion-anual-icono-udd\/#breadcrumb\",\"itemListElement\":[{\"@type\":\"ListItem\",\"position\":1,\"name\":\"Portada\",\"item\":\"https:\/\/ingenieria.udd.cl\/ii\/\"},{\"@type\":\"ListItem\",\"position\":2,\"name\":\"Centro de Investigaci\u00f3n en Tecnolog\u00edas para la Sociedad (C+) de Ingenier\u00eda recibe importante distinci\u00f3n en Premiaci\u00f3n Anual ICono UDD\u00a0\u00a0\"}]},{\"@type\":\"WebSite\",\"@id\":\"https:\/\/ingenieria.udd.cl\/ii\/#website\",\"url\":\"https:\/\/ingenieria.udd.cl\/ii\/\",\"name\":\"Innovaci\u00f3n Ingenier\u00eda\",\"description\":\"Otro sitio m\u00e1s de Ingenieria\",\"inLanguage\":\"es\"},{\"@type\":\"Person\",\"@id\":\"https:\/\/ingenieria.udd.cl\/ii\/#\/schema\/person\/1bc62a1a9a844eac900d3cbed49257ae\",\"name\":\"innovacioning\",\"image\":{\"@type\":\"ImageObject\",\"inLanguage\":\"es\",\"@id\":\"https:\/\/ingenieria.udd.cl\/ii\/#\/schema\/person\/image\/\",\"url\":\"https:\/\/secure.gravatar.com\/avatar\/ad6f915cae0f525cea1bbd2b78b598f56cf980449fbbaef05e9d6271fb154710?s=96&d=mm&r=g\",\"contentUrl\":\"https:\/\/secure.gravatar.com\/avatar\/ad6f915cae0f525cea1bbd2b78b598f56cf980449fbbaef05e9d6271fb154710?s=96&d=mm&r=g\",\"caption\":\"innovacioning\"},\"url\":\"https:\/\/ingenieria.udd.cl\/ii\/author\/innovacioning\/\"}]}<\/script>\n<!-- \/ Yoast SEO plugin. -->","yoast_head_json":{"title":"Centro de Investigaci\u00f3n en Tecnolog\u00edas para la Sociedad (C+) de Ingenier\u00eda recibe importante distinci\u00f3n en Premiaci\u00f3n Anual ICono UDD\u00a0\u00a0 - Innovaci\u00f3n Ingenier\u00eda","robots":{"index":"index","follow":"follow","max-snippet":"max-snippet:-1","max-image-preview":"max-image-preview:large","max-video-preview":"max-video-preview:-1"},"canonical":"https:\/\/ingenieria.udd.cl\/ii\/2024\/02\/20\/centro-de-investigacion-en-tecnologias-para-la-sociedad-c-de-ingenieria-recibe-importante-distincion-en-premiacion-anual-icono-udd\/","og_locale":"es_ES","og_type":"article","og_title":"Centro de Investigaci\u00f3n en Tecnolog\u00edas para la Sociedad (C+) de Ingenier\u00eda recibe importante distinci\u00f3n en Premiaci\u00f3n Anual ICono UDD\u00a0\u00a0 - Innovaci\u00f3n Ingenier\u00eda","og_description":"La Direcci\u00f3n de Transferencia Tecnol\u00f3gica realiz\u00f3, por quinto a\u00f1o consecutivo, su \u201cCeremonia de Premiaci\u00f3n Anual iCono UDD\u201d, actividad en la cual el Centro de Investigaci\u00f3n en Tecnolog\u00edas para la Sociedad (C+) de la Facultad de Ingenier\u00eda UDD fue reconocida con una distinci\u00f3n.\u00a0\u00a0 El evento tuvo como objetivo reconocer a investigadores, instituciones, centros de investigaci\u00f3n y [&hellip;]","og_url":"https:\/\/ingenieria.udd.cl\/ii\/2024\/02\/20\/centro-de-investigacion-en-tecnologias-para-la-sociedad-c-de-ingenieria-recibe-importante-distincion-en-premiacion-anual-icono-udd\/","og_site_name":"Innovaci\u00f3n Ingenier\u00eda","article_published_time":"2024-02-20T13:38:35+00:00","article_modified_time":"2024-02-20T13:38:38+00:00","og_image":[{"width":1366,"height":768,"url":"https:\/\/ingenieria.udd.cl\/ii\/files\/2024\/02\/4-premios_icono_2023_vst-9926-1366x768-1.jpg","type":"image\/jpeg"}],"author":"innovacioning","twitter_card":"summary_large_image","twitter_misc":{"Escrito por":"innovacioning","Tiempo de lectura":"3 minutos"},"schema":{"@context":"https:\/\/schema.org","@graph":[{"@type":"Article","@id":"https:\/\/ingenieria.udd.cl\/ii\/2024\/02\/20\/centro-de-investigacion-en-tecnologias-para-la-sociedad-c-de-ingenieria-recibe-importante-distincion-en-premiacion-anual-icono-udd\/#article","isPartOf":{"@id":"https:\/\/ingenieria.udd.cl\/ii\/2024\/02\/20\/centro-de-investigacion-en-tecnologias-para-la-sociedad-c-de-ingenieria-recibe-importante-distincion-en-premiacion-anual-icono-udd\/"},"author":{"name":"innovacioning","@id":"https:\/\/ingenieria.udd.cl\/ii\/#\/schema\/person\/1bc62a1a9a844eac900d3cbed49257ae"},"headline":"Centro de Investigaci\u00f3n en Tecnolog\u00edas para la Sociedad (C+) de Ingenier\u00eda recibe importante distinci\u00f3n en Premiaci\u00f3n Anual ICono UDD\u00a0\u00a0","datePublished":"2024-02-20T13:38:35+00:00","dateModified":"2024-02-20T13:38:38+00:00","mainEntityOfPage":{"@id":"https:\/\/ingenieria.udd.cl\/ii\/2024\/02\/20\/centro-de-investigacion-en-tecnologias-para-la-sociedad-c-de-ingenieria-recibe-importante-distincion-en-premiacion-anual-icono-udd\/"},"wordCount":503,"image":{"@id":"https:\/\/ingenieria.udd.cl\/ii\/2024\/02\/20\/centro-de-investigacion-en-tecnologias-para-la-sociedad-c-de-ingenieria-recibe-importante-distincion-en-premiacion-anual-icono-udd\/#primaryimage"},"thumbnailUrl":"https:\/\/ingenieria.udd.cl\/ii\/files\/2024\/02\/4-premios_icono_2023_vst-9926-1366x768-1.jpg","keywords":["C+","iinoticias","noticias"],"articleSection":["Centro de Investigaci\u00f3n de Tecnolog\u00edas para la Sociedad","Noticias"],"inLanguage":"es"},{"@type":"WebPage","@id":"https:\/\/ingenieria.udd.cl\/ii\/2024\/02\/20\/centro-de-investigacion-en-tecnologias-para-la-sociedad-c-de-ingenieria-recibe-importante-distincion-en-premiacion-anual-icono-udd\/","url":"https:\/\/ingenieria.udd.cl\/ii\/2024\/02\/20\/centro-de-investigacion-en-tecnologias-para-la-sociedad-c-de-ingenieria-recibe-importante-distincion-en-premiacion-anual-icono-udd\/","name":"Centro de Investigaci\u00f3n en Tecnolog\u00edas para la Sociedad (C+) de Ingenier\u00eda recibe importante distinci\u00f3n en Premiaci\u00f3n Anual ICono UDD\u00a0\u00a0 - Innovaci\u00f3n Ingenier\u00eda","isPartOf":{"@id":"https:\/\/ingenieria.udd.cl\/ii\/#website"},"primaryImageOfPage":{"@id":"https:\/\/ingenieria.udd.cl\/ii\/2024\/02\/20\/centro-de-investigacion-en-tecnologias-para-la-sociedad-c-de-ingenieria-recibe-importante-distincion-en-premiacion-anual-icono-udd\/#primaryimage"},"image":{"@id":"https:\/\/ingenieria.udd.cl\/ii\/2024\/02\/20\/centro-de-investigacion-en-tecnologias-para-la-sociedad-c-de-ingenieria-recibe-importante-distincion-en-premiacion-anual-icono-udd\/#primaryimage"},"thumbnailUrl":"https:\/\/ingenieria.udd.cl\/ii\/files\/2024\/02\/4-premios_icono_2023_vst-9926-1366x768-1.jpg","datePublished":"2024-02-20T13:38:35+00:00","dateModified":"2024-02-20T13:38:38+00:00","author":{"@id":"https:\/\/ingenieria.udd.cl\/ii\/#\/schema\/person\/1bc62a1a9a844eac900d3cbed49257ae"},"breadcrumb":{"@id":"https:\/\/ingenieria.udd.cl\/ii\/2024\/02\/20\/centro-de-investigacion-en-tecnologias-para-la-sociedad-c-de-ingenieria-recibe-importante-distincion-en-premiacion-anual-icono-udd\/#breadcrumb"},"inLanguage":"es","potentialAction":[{"@type":"ReadAction","target":["https:\/\/ingenieria.udd.cl\/ii\/2024\/02\/20\/centro-de-investigacion-en-tecnologias-para-la-sociedad-c-de-ingenieria-recibe-importante-distincion-en-premiacion-anual-icono-udd\/"]}]},{"@type":"ImageObject","inLanguage":"es","@id":"https:\/\/ingenieria.udd.cl\/ii\/2024\/02\/20\/centro-de-investigacion-en-tecnologias-para-la-sociedad-c-de-ingenieria-recibe-importante-distincion-en-premiacion-anual-icono-udd\/#primaryimage","url":"https:\/\/ingenieria.udd.cl\/ii\/files\/2024\/02\/4-premios_icono_2023_vst-9926-1366x768-1.jpg","contentUrl":"https:\/\/ingenieria.udd.cl\/ii\/files\/2024\/02\/4-premios_icono_2023_vst-9926-1366x768-1.jpg","width":1366,"height":768,"caption":"Registro fotogr\u00e1fico de los Premios ICONO UDD 2023. En Santiago: 21\/12\/2023. Fot\u00f3grafo: Valentino Saldivar."},{"@type":"BreadcrumbList","@id":"https:\/\/ingenieria.udd.cl\/ii\/2024\/02\/20\/centro-de-investigacion-en-tecnologias-para-la-sociedad-c-de-ingenieria-recibe-importante-distincion-en-premiacion-anual-icono-udd\/#breadcrumb","itemListElement":[{"@type":"ListItem","position":1,"name":"Portada","item":"https:\/\/ingenieria.udd.cl\/ii\/"},{"@type":"ListItem","position":2,"name":"Centro de Investigaci\u00f3n en Tecnolog\u00edas para la Sociedad (C+) de Ingenier\u00eda recibe importante distinci\u00f3n en Premiaci\u00f3n Anual ICono UDD\u00a0\u00a0"}]},{"@type":"WebSite","@id":"https:\/\/ingenieria.udd.cl\/ii\/#website","url":"https:\/\/ingenieria.udd.cl\/ii\/","name":"Innovaci\u00f3n Ingenier\u00eda","description":"Otro sitio m\u00e1s de Ingenieria","inLanguage":"es"},{"@type":"Person","@id":"https:\/\/ingenieria.udd.cl\/ii\/#\/schema\/person\/1bc62a1a9a844eac900d3cbed49257ae","name":"innovacioning","image":{"@type":"ImageObject","inLanguage":"es","@id":"https:\/\/ingenieria.udd.cl\/ii\/#\/schema\/person\/image\/","url":"https:\/\/secure.gravatar.com\/avatar\/ad6f915cae0f525cea1bbd2b78b598f56cf980449fbbaef05e9d6271fb154710?s=96&d=mm&r=g","contentUrl":"https:\/\/secure.gravatar.com\/avatar\/ad6f915cae0f525cea1bbd2b78b598f56cf980449fbbaef05e9d6271fb154710?s=96&d=mm&r=g","caption":"innovacioning"},"url":"https:\/\/ingenieria.udd.cl\/ii\/author\/innovacioning\/"}]}},"featured_image_url":"https:\/\/ingenieria.udd.cl\/ii\/files\/2024\/02\/4-premios_icono_2023_vst-9926-1366x768-1.jpg","_links":{"self":[{"href":"https:\/\/ingenieria.udd.cl\/ii\/wp-json\/wp\/v2\/posts\/3834","targetHints":{"allow":["GET"]}}],"collection":[{"href":"https:\/\/ingenieria.udd.cl\/ii\/wp-json\/wp\/v2\/posts"}],"about":[{"href":"https:\/\/ingenieria.udd.cl\/ii\/wp-json\/wp\/v2\/types\/post"}],"author":[{"embeddable":true,"href":"https:\/\/ingenieria.udd.cl\/ii\/wp-json\/wp\/v2\/users\/9192225"}],"replies":[{"embeddable":true,"href":"https:\/\/ingenieria.udd.cl\/ii\/wp-json\/wp\/v2\/comments?post=3834"}],"version-history":[{"count":1,"href":"https:\/\/ingenieria.udd.cl\/ii\/wp-json\/wp\/v2\/posts\/3834\/revisions"}],"predecessor-version":[{"id":3849,"href":"https:\/\/ingenieria.udd.cl\/ii\/wp-json\/wp\/v2\/posts\/3834\/revisions\/3849"}],"wp:featuredmedia":[{"embeddable":true,"href":"https:\/\/ingenieria.udd.cl\/ii\/wp-json\/wp\/v2\/media\/3843"}],"wp:attachment":[{"href":"https:\/\/ingenieria.udd.cl\/ii\/wp-json\/wp\/v2\/media?parent=3834"}],"wp:term":[{"taxonomy":"category","embeddable":true,"href":"https:\/\/ingenieria.udd.cl\/ii\/wp-json\/wp\/v2\/categories?post=3834"},{"taxonomy":"post_tag","embeddable":true,"href":"https:\/\/ingenieria.udd.cl\/ii\/wp-json\/wp\/v2\/tags?post=3834"}],"curies":[{"name":"wp","href":"https:\/\/api.w.org\/{rel}","templated":true}]}}