{"id":4810,"date":"2025-06-05T17:11:15","date_gmt":"2025-06-05T15:11:15","guid":{"rendered":"https:\/\/ingenieria.udd.cl\/ii\/?p=4810"},"modified":"2025-06-05T17:11:16","modified_gmt":"2025-06-05T15:11:16","slug":"opinion-cambio-cultural-para-una-nueva-gestion-de-residuos","status":"publish","type":"post","link":"https:\/\/ingenieria.udd.cl\/ii\/2025\/06\/05\/opinion-cambio-cultural-para-una-nueva-gestion-de-residuos\/","title":{"rendered":"OPINI\u00d3N | Cambio cultural para una nueva gesti\u00f3n de residuos\u00a0"},"content":{"rendered":"\n<p><em>Por: Sebasti\u00e1n Guzm\u00e1n, investigador del Centro C+, Facultad de Ingenier\u00eda UDD.&nbsp;<\/em>&nbsp;<\/p>\n\n\n\n<p>Somos la \u00fanica especie sobre el planeta que genera basura. Frente a esa paradoja, el mundo hoy avanza \u2014aunque a distintas velocidades\u2014 hacia modelos que permiten no solo gestionar, sino revalorizar los residuos como materia prima para sostener nuestros estilos de vida. Pero este desaf\u00edo t\u00e9cnico es, antes que todo, un desaf\u00edo cultural.&nbsp;<\/p>\n\n\n\n<div class=\"wp-block-media-text alignfull is-stacked-on-mobile\" style=\"grid-template-columns:35% auto\"><figure class=\"wp-block-media-text__media\"><img loading=\"lazy\" decoding=\"async\" width=\"1024\" height=\"1024\" src=\"https:\/\/ingenieria.udd.cl\/ii\/files\/2025\/06\/sebastianguzman_-1-1-1024x1024.jpg\" alt=\"\" class=\"wp-image-4811 size-large\" srcset=\"https:\/\/ingenieria.udd.cl\/ii\/files\/2025\/06\/sebastianguzman_-1-1-1024x1024.jpg 1024w, https:\/\/ingenieria.udd.cl\/ii\/files\/2025\/06\/sebastianguzman_-1-1-300x300.jpg 300w, https:\/\/ingenieria.udd.cl\/ii\/files\/2025\/06\/sebastianguzman_-1-1-150x150.jpg 150w, https:\/\/ingenieria.udd.cl\/ii\/files\/2025\/06\/sebastianguzman_-1-1-768x768.jpg 768w, https:\/\/ingenieria.udd.cl\/ii\/files\/2025\/06\/sebastianguzman_-1-1-62x62.jpg 62w, https:\/\/ingenieria.udd.cl\/ii\/files\/2025\/06\/sebastianguzman_-1-1-1536x1536.jpg 1536w, https:\/\/ingenieria.udd.cl\/ii\/files\/2025\/06\/sebastianguzman_-1-1-2048x2048.jpg 2048w, https:\/\/ingenieria.udd.cl\/ii\/files\/2025\/06\/sebastianguzman_-1-1-750x750.jpg 750w, https:\/\/ingenieria.udd.cl\/ii\/files\/2025\/06\/sebastianguzman_-1-1-500x500.jpg 500w, https:\/\/ingenieria.udd.cl\/ii\/files\/2025\/06\/sebastianguzman_-1-1-250x250.jpg 250w, https:\/\/ingenieria.udd.cl\/ii\/files\/2025\/06\/sebastianguzman_-1-1-126x126.jpg 126w\" sizes=\"auto, (max-width: 1024px) 100vw, 1024px\" \/><\/figure><div class=\"wp-block-media-text__content\">\n<p>El cambio debe comenzar en casa. Implica transformar el concepto general que tenemos sobre los residuos, dejar de verlos como desechos y empezar a entenderlos como recursos. Y eso exige romper con una inercia muy arraigada: la de nuestros h\u00e1bitos. Cambiar la manera en que consumimos y descartamos es complejo, pero urgente.\u00a0<\/p>\n<\/div><\/div>\n\n\n\n<p>La clave est\u00e1 en la educaci\u00f3n continua y en el fortalecimiento de una infraestructura adecuada que acompa\u00f1e ese cambio. Porque no basta con querer separar los residuos si no sabemos c\u00f3mo hacerlo ni contamos con las condiciones para procesarlos correctamente.&nbsp;<\/p>\n\n\n\n<p>El principio maestro de toda gesti\u00f3n moderna es la separaci\u00f3n en origen. Es decir, que los residuos sean clasificados desde el momento en que se generan. Pero antes incluso de separar, debemos aprender a reducir. Evitar el consumo innecesario de pl\u00e1sticos y envases es el primer paso real hacia una econom\u00eda m\u00e1s circular y menos dependiente de los vertederos.&nbsp;<\/p>\n\n\n\n<p>Transformar los h\u00e1bitos de toda una sociedad requiere al menos tres pilares:&nbsp;<\/p>\n\n\n\n<p>Normativas y leyes que gu\u00eden y, a veces, obliguen. Aunque idealmente actuar\u00edamos por convicci\u00f3n, en la pr\u00e1ctica los grandes cambios suelen ocurrir cuando hay presi\u00f3n institucional. En Chile, contamos con instrumentos como la Ley REP, la Ley de Pl\u00e1sticos de un Solo Uso (PUSU), regulaciones para residuos org\u00e1nicos y la Estrategia Nacional de Residuos Org\u00e1nicos.&nbsp;&nbsp;<\/p>\n\n\n\n<p>Educaci\u00f3n e informaci\u00f3n. Para involucrarnos, necesitamos comprender qu\u00e9 ocurre con nuestros residuos, qui\u00e9nes est\u00e1n detr\u00e1s de su gesti\u00f3n, cu\u00e1les son las alternativas y consecuencias. Muchos a\u00fan piensan, por ejemplo, que \u201clos camiones de reciclaje botan todo junto\u201d, cuando en realidad hay procesos t\u00e9cnicos o manuales de separaci\u00f3n posteriores. O que \u201cda lo mismo si las botellas est\u00e1n sucias o con tapa\u201d, sin saber que una carga contaminada puede invalidar todo el esfuerzo de quienes s\u00ed separaron correctamente.&nbsp;&nbsp;<\/p>\n\n\n\n<p>Infraestructura. Chile a\u00fan tiene importantes brechas. Existen regiones donde los residuos deben transportarse m\u00e1s de 600 km para llegar a un lugar autorizado. Los rellenos sanitarios, aunque no ideales, siguen siendo necesarios y m\u00e1s seguros que vertederos ilegales. Sin embargo, necesitamos m\u00e1s plantas de tratamiento, t\u00e9cnicos especializados y permisos m\u00e1s \u00e1giles para proyectos que promuevan el compostaje, el reciclaje y la valorizaci\u00f3n. Este \u00faltimo tema es muy serio, pues varios rellenos de Chile no tienen m\u00e1s de 10 a\u00f1os de vida \u00fatil, algunos incluso deben cerrar en 3 a\u00f1os, por lo tanto, no es irreal pensar que el sistema de gesti\u00f3n puede colapsar, es por ello que debemos entender y aportar al cambio desde ya para evitar estos posibles problemas sanitarios y ambientales.&nbsp;<\/p>\n\n\n\n<p>Hay muchos \u201cmitos\u201d en torno a los \u201cresiduos\u201d que debemos derribar y verdades que debemos asumir: la incineraci\u00f3n es una de las peores alternativas, pues no recupera el valor de los materiales; y muchos proyectos de reciclaje o compostaje fallan no por falta de voluntad, sino porque no se puede financiar la educaci\u00f3n y la infraestructura al mismo tiempo. Avanzar en uno de esos frentes ya es un paso.&nbsp;<\/p>\n\n\n\n<p>Como ciudadanos, debemos comprender estas limitaciones. No para resignarnos, sino para aportar de forma m\u00e1s informada y constructiva, para ello tambi\u00e9n las empresas y los medios de comunicaci\u00f3n deben informar m\u00e1s sobre el sistema de gesti\u00f3n para no caer en \u201crumores\u201d que solo impiden que avancemos a una sociedad m\u00e1s sostenible. El cambio cultural ya empez\u00f3, pero su \u00e9xito depende de que cada uno se haga parte.&nbsp;<\/p>\n","protected":false},"excerpt":{"rendered":"<p>Por: Sebasti\u00e1n Guzm\u00e1n, investigador del Centro C+, Facultad de Ingenier\u00eda UDD.&nbsp;&nbsp; Somos la \u00fanica especie sobre el planeta que genera basura. Frente a esa paradoja, el mundo hoy avanza \u2014aunque a distintas velocidades\u2014 hacia modelos que permiten no solo gestionar, sino revalorizar los residuos como materia prima para sostener nuestros estilos de vida. Pero este [&hellip;]<\/p>\n","protected":false},"author":9192225,"featured_media":4811,"comment_status":"closed","ping_status":"open","sticky":false,"template":"","format":"standard","meta":{"footnotes":""},"categories":[35],"tags":[34],"class_list":["post-4810","post","type-post","status-publish","format-standard","has-post-thumbnail","hentry","category-columnas","tag-columnas"],"yoast_head":"<!-- This site is optimized with the Yoast SEO plugin v26.9 - https:\/\/yoast.com\/product\/yoast-seo-wordpress\/ -->\n<title>OPINI\u00d3N | Cambio cultural para una nueva gesti\u00f3n de residuos\u00a0 - Innovaci\u00f3n Ingenier\u00eda<\/title>\n<meta name=\"robots\" content=\"index, follow, max-snippet:-1, max-image-preview:large, max-video-preview:-1\" \/>\n<link rel=\"canonical\" href=\"https:\/\/ingenieria.udd.cl\/ii\/2025\/06\/05\/opinion-cambio-cultural-para-una-nueva-gestion-de-residuos\/\" \/>\n<meta property=\"og:locale\" content=\"es_ES\" \/>\n<meta property=\"og:type\" content=\"article\" \/>\n<meta property=\"og:title\" content=\"OPINI\u00d3N | Cambio cultural para una nueva gesti\u00f3n de residuos\u00a0 - Innovaci\u00f3n Ingenier\u00eda\" \/>\n<meta property=\"og:description\" content=\"Por: Sebasti\u00e1n Guzm\u00e1n, investigador del Centro C+, Facultad de Ingenier\u00eda UDD.&nbsp;&nbsp; Somos la \u00fanica especie sobre el planeta que genera basura. Frente a esa paradoja, el mundo hoy avanza \u2014aunque a distintas velocidades\u2014 hacia modelos que permiten no solo gestionar, sino revalorizar los residuos como materia prima para sostener nuestros estilos de vida. Pero este [&hellip;]\" \/>\n<meta property=\"og:url\" content=\"https:\/\/ingenieria.udd.cl\/ii\/2025\/06\/05\/opinion-cambio-cultural-para-una-nueva-gestion-de-residuos\/\" \/>\n<meta property=\"og:site_name\" content=\"Innovaci\u00f3n Ingenier\u00eda\" \/>\n<meta property=\"article:published_time\" content=\"2025-06-05T15:11:15+00:00\" \/>\n<meta property=\"article:modified_time\" content=\"2025-06-05T15:11:16+00:00\" \/>\n<meta property=\"og:image\" content=\"https:\/\/ingenieria.udd.cl\/ii\/files\/2025\/06\/sebastianguzman_-1-1-1024x1024.jpg\" \/>\n\t<meta property=\"og:image:width\" content=\"1024\" \/>\n\t<meta property=\"og:image:height\" content=\"1024\" \/>\n\t<meta property=\"og:image:type\" content=\"image\/jpeg\" \/>\n<meta name=\"author\" content=\"innovacioning\" \/>\n<meta name=\"twitter:card\" content=\"summary_large_image\" \/>\n<meta name=\"twitter:label1\" content=\"Escrito por\" \/>\n\t<meta name=\"twitter:data1\" content=\"innovacioning\" \/>\n\t<meta name=\"twitter:label2\" content=\"Tiempo de lectura\" \/>\n\t<meta name=\"twitter:data2\" content=\"4 minutos\" \/>\n<script type=\"application\/ld+json\" class=\"yoast-schema-graph\">{\"@context\":\"https:\/\/schema.org\",\"@graph\":[{\"@type\":\"Article\",\"@id\":\"https:\/\/ingenieria.udd.cl\/ii\/2025\/06\/05\/opinion-cambio-cultural-para-una-nueva-gestion-de-residuos\/#article\",\"isPartOf\":{\"@id\":\"https:\/\/ingenieria.udd.cl\/ii\/2025\/06\/05\/opinion-cambio-cultural-para-una-nueva-gestion-de-residuos\/\"},\"author\":{\"name\":\"innovacioning\",\"@id\":\"https:\/\/ingenieria.udd.cl\/ii\/#\/schema\/person\/1bc62a1a9a844eac900d3cbed49257ae\"},\"headline\":\"OPINI\u00d3N | Cambio cultural para una nueva gesti\u00f3n de residuos\u00a0\",\"datePublished\":\"2025-06-05T15:11:15+00:00\",\"dateModified\":\"2025-06-05T15:11:16+00:00\",\"mainEntityOfPage\":{\"@id\":\"https:\/\/ingenieria.udd.cl\/ii\/2025\/06\/05\/opinion-cambio-cultural-para-una-nueva-gestion-de-residuos\/\"},\"wordCount\":693,\"image\":{\"@id\":\"https:\/\/ingenieria.udd.cl\/ii\/2025\/06\/05\/opinion-cambio-cultural-para-una-nueva-gestion-de-residuos\/#primaryimage\"},\"thumbnailUrl\":\"https:\/\/ingenieria.udd.cl\/ii\/files\/2025\/06\/sebastianguzman_-1-1.jpg\",\"keywords\":[\"Columnas\"],\"articleSection\":[\"Columnas\"],\"inLanguage\":\"es\"},{\"@type\":\"WebPage\",\"@id\":\"https:\/\/ingenieria.udd.cl\/ii\/2025\/06\/05\/opinion-cambio-cultural-para-una-nueva-gestion-de-residuos\/\",\"url\":\"https:\/\/ingenieria.udd.cl\/ii\/2025\/06\/05\/opinion-cambio-cultural-para-una-nueva-gestion-de-residuos\/\",\"name\":\"OPINI\u00d3N | Cambio cultural para una nueva gesti\u00f3n de residuos\u00a0 - Innovaci\u00f3n Ingenier\u00eda\",\"isPartOf\":{\"@id\":\"https:\/\/ingenieria.udd.cl\/ii\/#website\"},\"primaryImageOfPage\":{\"@id\":\"https:\/\/ingenieria.udd.cl\/ii\/2025\/06\/05\/opinion-cambio-cultural-para-una-nueva-gestion-de-residuos\/#primaryimage\"},\"image\":{\"@id\":\"https:\/\/ingenieria.udd.cl\/ii\/2025\/06\/05\/opinion-cambio-cultural-para-una-nueva-gestion-de-residuos\/#primaryimage\"},\"thumbnailUrl\":\"https:\/\/ingenieria.udd.cl\/ii\/files\/2025\/06\/sebastianguzman_-1-1.jpg\",\"datePublished\":\"2025-06-05T15:11:15+00:00\",\"dateModified\":\"2025-06-05T15:11:16+00:00\",\"author\":{\"@id\":\"https:\/\/ingenieria.udd.cl\/ii\/#\/schema\/person\/1bc62a1a9a844eac900d3cbed49257ae\"},\"breadcrumb\":{\"@id\":\"https:\/\/ingenieria.udd.cl\/ii\/2025\/06\/05\/opinion-cambio-cultural-para-una-nueva-gestion-de-residuos\/#breadcrumb\"},\"inLanguage\":\"es\",\"potentialAction\":[{\"@type\":\"ReadAction\",\"target\":[\"https:\/\/ingenieria.udd.cl\/ii\/2025\/06\/05\/opinion-cambio-cultural-para-una-nueva-gestion-de-residuos\/\"]}]},{\"@type\":\"ImageObject\",\"inLanguage\":\"es\",\"@id\":\"https:\/\/ingenieria.udd.cl\/ii\/2025\/06\/05\/opinion-cambio-cultural-para-una-nueva-gestion-de-residuos\/#primaryimage\",\"url\":\"https:\/\/ingenieria.udd.cl\/ii\/files\/2025\/06\/sebastianguzman_-1-1.jpg\",\"contentUrl\":\"https:\/\/ingenieria.udd.cl\/ii\/files\/2025\/06\/sebastianguzman_-1-1.jpg\",\"width\":2500,\"height\":2500},{\"@type\":\"BreadcrumbList\",\"@id\":\"https:\/\/ingenieria.udd.cl\/ii\/2025\/06\/05\/opinion-cambio-cultural-para-una-nueva-gestion-de-residuos\/#breadcrumb\",\"itemListElement\":[{\"@type\":\"ListItem\",\"position\":1,\"name\":\"Portada\",\"item\":\"https:\/\/ingenieria.udd.cl\/ii\/\"},{\"@type\":\"ListItem\",\"position\":2,\"name\":\"OPINI\u00d3N | Cambio cultural para una nueva gesti\u00f3n de residuos\u00a0\"}]},{\"@type\":\"WebSite\",\"@id\":\"https:\/\/ingenieria.udd.cl\/ii\/#website\",\"url\":\"https:\/\/ingenieria.udd.cl\/ii\/\",\"name\":\"Innovaci\u00f3n Ingenier\u00eda\",\"description\":\"Otro sitio m\u00e1s de Ingenieria\",\"inLanguage\":\"es\"},{\"@type\":\"Person\",\"@id\":\"https:\/\/ingenieria.udd.cl\/ii\/#\/schema\/person\/1bc62a1a9a844eac900d3cbed49257ae\",\"name\":\"innovacioning\",\"image\":{\"@type\":\"ImageObject\",\"inLanguage\":\"es\",\"@id\":\"https:\/\/ingenieria.udd.cl\/ii\/#\/schema\/person\/image\/\",\"url\":\"https:\/\/secure.gravatar.com\/avatar\/ad6f915cae0f525cea1bbd2b78b598f56cf980449fbbaef05e9d6271fb154710?s=96&d=mm&r=g\",\"contentUrl\":\"https:\/\/secure.gravatar.com\/avatar\/ad6f915cae0f525cea1bbd2b78b598f56cf980449fbbaef05e9d6271fb154710?s=96&d=mm&r=g\",\"caption\":\"innovacioning\"},\"url\":\"https:\/\/ingenieria.udd.cl\/ii\/author\/innovacioning\/\"}]}<\/script>\n<!-- \/ Yoast SEO plugin. -->","yoast_head_json":{"title":"OPINI\u00d3N | Cambio cultural para una nueva gesti\u00f3n de residuos\u00a0 - Innovaci\u00f3n Ingenier\u00eda","robots":{"index":"index","follow":"follow","max-snippet":"max-snippet:-1","max-image-preview":"max-image-preview:large","max-video-preview":"max-video-preview:-1"},"canonical":"https:\/\/ingenieria.udd.cl\/ii\/2025\/06\/05\/opinion-cambio-cultural-para-una-nueva-gestion-de-residuos\/","og_locale":"es_ES","og_type":"article","og_title":"OPINI\u00d3N | Cambio cultural para una nueva gesti\u00f3n de residuos\u00a0 - Innovaci\u00f3n Ingenier\u00eda","og_description":"Por: Sebasti\u00e1n Guzm\u00e1n, investigador del Centro C+, Facultad de Ingenier\u00eda UDD.&nbsp;&nbsp; Somos la \u00fanica especie sobre el planeta que genera basura. Frente a esa paradoja, el mundo hoy avanza \u2014aunque a distintas velocidades\u2014 hacia modelos que permiten no solo gestionar, sino revalorizar los residuos como materia prima para sostener nuestros estilos de vida. Pero este [&hellip;]","og_url":"https:\/\/ingenieria.udd.cl\/ii\/2025\/06\/05\/opinion-cambio-cultural-para-una-nueva-gestion-de-residuos\/","og_site_name":"Innovaci\u00f3n Ingenier\u00eda","article_published_time":"2025-06-05T15:11:15+00:00","article_modified_time":"2025-06-05T15:11:16+00:00","og_image":[{"width":1024,"height":1024,"url":"https:\/\/ingenieria.udd.cl\/ii\/files\/2025\/06\/sebastianguzman_-1-1-1024x1024.jpg","type":"image\/jpeg"}],"author":"innovacioning","twitter_card":"summary_large_image","twitter_misc":{"Escrito por":"innovacioning","Tiempo de lectura":"4 minutos"},"schema":{"@context":"https:\/\/schema.org","@graph":[{"@type":"Article","@id":"https:\/\/ingenieria.udd.cl\/ii\/2025\/06\/05\/opinion-cambio-cultural-para-una-nueva-gestion-de-residuos\/#article","isPartOf":{"@id":"https:\/\/ingenieria.udd.cl\/ii\/2025\/06\/05\/opinion-cambio-cultural-para-una-nueva-gestion-de-residuos\/"},"author":{"name":"innovacioning","@id":"https:\/\/ingenieria.udd.cl\/ii\/#\/schema\/person\/1bc62a1a9a844eac900d3cbed49257ae"},"headline":"OPINI\u00d3N | Cambio cultural para una nueva gesti\u00f3n de residuos\u00a0","datePublished":"2025-06-05T15:11:15+00:00","dateModified":"2025-06-05T15:11:16+00:00","mainEntityOfPage":{"@id":"https:\/\/ingenieria.udd.cl\/ii\/2025\/06\/05\/opinion-cambio-cultural-para-una-nueva-gestion-de-residuos\/"},"wordCount":693,"image":{"@id":"https:\/\/ingenieria.udd.cl\/ii\/2025\/06\/05\/opinion-cambio-cultural-para-una-nueva-gestion-de-residuos\/#primaryimage"},"thumbnailUrl":"https:\/\/ingenieria.udd.cl\/ii\/files\/2025\/06\/sebastianguzman_-1-1.jpg","keywords":["Columnas"],"articleSection":["Columnas"],"inLanguage":"es"},{"@type":"WebPage","@id":"https:\/\/ingenieria.udd.cl\/ii\/2025\/06\/05\/opinion-cambio-cultural-para-una-nueva-gestion-de-residuos\/","url":"https:\/\/ingenieria.udd.cl\/ii\/2025\/06\/05\/opinion-cambio-cultural-para-una-nueva-gestion-de-residuos\/","name":"OPINI\u00d3N | Cambio cultural para una nueva gesti\u00f3n de residuos\u00a0 - Innovaci\u00f3n Ingenier\u00eda","isPartOf":{"@id":"https:\/\/ingenieria.udd.cl\/ii\/#website"},"primaryImageOfPage":{"@id":"https:\/\/ingenieria.udd.cl\/ii\/2025\/06\/05\/opinion-cambio-cultural-para-una-nueva-gestion-de-residuos\/#primaryimage"},"image":{"@id":"https:\/\/ingenieria.udd.cl\/ii\/2025\/06\/05\/opinion-cambio-cultural-para-una-nueva-gestion-de-residuos\/#primaryimage"},"thumbnailUrl":"https:\/\/ingenieria.udd.cl\/ii\/files\/2025\/06\/sebastianguzman_-1-1.jpg","datePublished":"2025-06-05T15:11:15+00:00","dateModified":"2025-06-05T15:11:16+00:00","author":{"@id":"https:\/\/ingenieria.udd.cl\/ii\/#\/schema\/person\/1bc62a1a9a844eac900d3cbed49257ae"},"breadcrumb":{"@id":"https:\/\/ingenieria.udd.cl\/ii\/2025\/06\/05\/opinion-cambio-cultural-para-una-nueva-gestion-de-residuos\/#breadcrumb"},"inLanguage":"es","potentialAction":[{"@type":"ReadAction","target":["https:\/\/ingenieria.udd.cl\/ii\/2025\/06\/05\/opinion-cambio-cultural-para-una-nueva-gestion-de-residuos\/"]}]},{"@type":"ImageObject","inLanguage":"es","@id":"https:\/\/ingenieria.udd.cl\/ii\/2025\/06\/05\/opinion-cambio-cultural-para-una-nueva-gestion-de-residuos\/#primaryimage","url":"https:\/\/ingenieria.udd.cl\/ii\/files\/2025\/06\/sebastianguzman_-1-1.jpg","contentUrl":"https:\/\/ingenieria.udd.cl\/ii\/files\/2025\/06\/sebastianguzman_-1-1.jpg","width":2500,"height":2500},{"@type":"BreadcrumbList","@id":"https:\/\/ingenieria.udd.cl\/ii\/2025\/06\/05\/opinion-cambio-cultural-para-una-nueva-gestion-de-residuos\/#breadcrumb","itemListElement":[{"@type":"ListItem","position":1,"name":"Portada","item":"https:\/\/ingenieria.udd.cl\/ii\/"},{"@type":"ListItem","position":2,"name":"OPINI\u00d3N | Cambio cultural para una nueva gesti\u00f3n de residuos\u00a0"}]},{"@type":"WebSite","@id":"https:\/\/ingenieria.udd.cl\/ii\/#website","url":"https:\/\/ingenieria.udd.cl\/ii\/","name":"Innovaci\u00f3n Ingenier\u00eda","description":"Otro sitio m\u00e1s de Ingenieria","inLanguage":"es"},{"@type":"Person","@id":"https:\/\/ingenieria.udd.cl\/ii\/#\/schema\/person\/1bc62a1a9a844eac900d3cbed49257ae","name":"innovacioning","image":{"@type":"ImageObject","inLanguage":"es","@id":"https:\/\/ingenieria.udd.cl\/ii\/#\/schema\/person\/image\/","url":"https:\/\/secure.gravatar.com\/avatar\/ad6f915cae0f525cea1bbd2b78b598f56cf980449fbbaef05e9d6271fb154710?s=96&d=mm&r=g","contentUrl":"https:\/\/secure.gravatar.com\/avatar\/ad6f915cae0f525cea1bbd2b78b598f56cf980449fbbaef05e9d6271fb154710?s=96&d=mm&r=g","caption":"innovacioning"},"url":"https:\/\/ingenieria.udd.cl\/ii\/author\/innovacioning\/"}]}},"featured_image_url":"https:\/\/ingenieria.udd.cl\/ii\/files\/2025\/06\/sebastianguzman_-1-1.jpg","_links":{"self":[{"href":"https:\/\/ingenieria.udd.cl\/ii\/wp-json\/wp\/v2\/posts\/4810","targetHints":{"allow":["GET"]}}],"collection":[{"href":"https:\/\/ingenieria.udd.cl\/ii\/wp-json\/wp\/v2\/posts"}],"about":[{"href":"https:\/\/ingenieria.udd.cl\/ii\/wp-json\/wp\/v2\/types\/post"}],"author":[{"embeddable":true,"href":"https:\/\/ingenieria.udd.cl\/ii\/wp-json\/wp\/v2\/users\/9192225"}],"replies":[{"embeddable":true,"href":"https:\/\/ingenieria.udd.cl\/ii\/wp-json\/wp\/v2\/comments?post=4810"}],"version-history":[{"count":1,"href":"https:\/\/ingenieria.udd.cl\/ii\/wp-json\/wp\/v2\/posts\/4810\/revisions"}],"predecessor-version":[{"id":4812,"href":"https:\/\/ingenieria.udd.cl\/ii\/wp-json\/wp\/v2\/posts\/4810\/revisions\/4812"}],"wp:featuredmedia":[{"embeddable":true,"href":"https:\/\/ingenieria.udd.cl\/ii\/wp-json\/wp\/v2\/media\/4811"}],"wp:attachment":[{"href":"https:\/\/ingenieria.udd.cl\/ii\/wp-json\/wp\/v2\/media?parent=4810"}],"wp:term":[{"taxonomy":"category","embeddable":true,"href":"https:\/\/ingenieria.udd.cl\/ii\/wp-json\/wp\/v2\/categories?post=4810"},{"taxonomy":"post_tag","embeddable":true,"href":"https:\/\/ingenieria.udd.cl\/ii\/wp-json\/wp\/v2\/tags?post=4810"}],"curies":[{"name":"wp","href":"https:\/\/api.w.org\/{rel}","templated":true}]}}