{"id":5035,"date":"2025-11-25T14:56:19","date_gmt":"2025-11-25T13:56:19","guid":{"rendered":"https:\/\/ingenieria.udd.cl\/ii\/?p=5035"},"modified":"2025-12-04T16:10:57","modified_gmt":"2025-12-04T15:10:57","slug":"alrededor-de-10-establecimientos-educaciones-de-la-region-de-valparaiso-participaron-de-desayuno-para-conversar-sobre-tecnologia-e-inteligencia-artificial","status":"publish","type":"post","link":"https:\/\/ingenieria.udd.cl\/ii\/2025\/11\/25\/alrededor-de-10-establecimientos-educaciones-de-la-region-de-valparaiso-participaron-de-desayuno-para-conversar-sobre-tecnologia-e-inteligencia-artificial\/","title":{"rendered":"Alrededor de 10 establecimientos educacionales de la Regi\u00f3n de Valpara\u00edso\u00a0participaron\u00a0de desayuno para conversar sobre tecnolog\u00eda e inteligencia artificial\u00a0\u00a0"},"content":{"rendered":"\n<p>Profesores, directores y representantes de educaci\u00f3n de colegios de la Regi\u00f3n de Valpara\u00edso participaron\u00a0en\u00a0un desayuno de Educaci\u00f3n, Tecnolog\u00eda e Inteligencia Artificial junto\u00a0a\u00a0el director de\u00a0Maker\u00a0Campus, Vicente Lorca y su\u00a0coordinador, Sebasti\u00e1n\u00a0Perez,\u00a0ambos miembros de la\u00a0Facultad Ingenier\u00eda UDD.\u00a0\u00a0\u00a0\u00a0\u00a0<br>\u00a0<br>En esta ocasi\u00f3n, la actividad tuvo como tema central \u201cMovimiento\u00a0Maker: Tecnolog\u00eda como un medio de creaci\u00f3n\u201d, donde los invitados conversaron sobre c\u00f3mo fomentar una cultura de creaci\u00f3n y aprendizaje activo, integrando la tecnolog\u00eda de manera significativa.\u00a0<\/p>\n\n\n\n<p>Respecto a la importancia de realizar estas actividades fuera de la regi\u00f3n Metropolitana, Vicente Lorca, recalc\u00f3 que \u201cbuscamos que la tecnolog\u00eda sea un medio de creaci\u00f3n y no solo una herramienta a utilizar, por lo que este&nbsp;encuentro fue importante para poder escucharlos y compartir experiencias de su regi\u00f3n y as\u00ed poder instalar nuestra metodolog\u00eda de manera local\u201d.&nbsp;&nbsp;<br>&nbsp;<br>Por \u00faltimo, cabe destacar&nbsp;que,&nbsp;la actividad se realiz\u00f3 en el&nbsp;Liceo Jos\u00e9 Cort\u00e9s Brown, quienes recibieron en su establecimiento&nbsp;a los invitados&nbsp;para realizar el encuentro con m\u00e1s profesores de la regi\u00f3n.<\/p>\n\n\n\n<figure class=\"wp-block-gallery has-nested-images columns-default is-cropped wp-block-gallery-1 is-layout-flex wp-block-gallery-is-layout-flex\">\n<figure class=\"wp-block-image size-large\"><img loading=\"lazy\" decoding=\"async\" width=\"1024\" height=\"768\" data-id=\"5037\" src=\"https:\/\/ingenieria.udd.cl\/ii\/files\/2025\/12\/whatsapp-image-2025-11-25-at-16-22-33-1-1024x768.jpeg\" alt=\"\" class=\"wp-image-5037\" srcset=\"https:\/\/ingenieria.udd.cl\/ii\/files\/2025\/12\/whatsapp-image-2025-11-25-at-16-22-33-1-1024x768.jpeg 1024w, https:\/\/ingenieria.udd.cl\/ii\/files\/2025\/12\/whatsapp-image-2025-11-25-at-16-22-33-1-300x225.jpeg 300w, https:\/\/ingenieria.udd.cl\/ii\/files\/2025\/12\/whatsapp-image-2025-11-25-at-16-22-33-1-768x576.jpeg 768w, https:\/\/ingenieria.udd.cl\/ii\/files\/2025\/12\/whatsapp-image-2025-11-25-at-16-22-33-1.jpeg 1280w\" sizes=\"auto, (max-width: 1024px) 100vw, 1024px\" \/><\/figure>\n\n\n\n<figure class=\"wp-block-image size-large\"><img loading=\"lazy\" decoding=\"async\" width=\"768\" height=\"1024\" data-id=\"5039\" src=\"https:\/\/ingenieria.udd.cl\/ii\/files\/2025\/12\/whatsapp-image-2025-11-25-at-16-22-33-768x1024.jpeg\" alt=\"\" class=\"wp-image-5039\" srcset=\"https:\/\/ingenieria.udd.cl\/ii\/files\/2025\/12\/whatsapp-image-2025-11-25-at-16-22-33-768x1024.jpeg 768w, https:\/\/ingenieria.udd.cl\/ii\/files\/2025\/12\/whatsapp-image-2025-11-25-at-16-22-33-225x300.jpeg 225w, https:\/\/ingenieria.udd.cl\/ii\/files\/2025\/12\/whatsapp-image-2025-11-25-at-16-22-33.jpeg 960w\" sizes=\"auto, (max-width: 768px) 100vw, 768px\" \/><\/figure>\n\n\n\n<figure class=\"wp-block-image size-large\"><img loading=\"lazy\" decoding=\"async\" width=\"1024\" height=\"768\" data-id=\"5038\" src=\"https:\/\/ingenieria.udd.cl\/ii\/files\/2025\/12\/whatsapp-image-2025-11-25-at-16-22-32-1024x768.jpeg\" alt=\"\" class=\"wp-image-5038\" srcset=\"https:\/\/ingenieria.udd.cl\/ii\/files\/2025\/12\/whatsapp-image-2025-11-25-at-16-22-32-1024x768.jpeg 1024w, https:\/\/ingenieria.udd.cl\/ii\/files\/2025\/12\/whatsapp-image-2025-11-25-at-16-22-32-300x225.jpeg 300w, https:\/\/ingenieria.udd.cl\/ii\/files\/2025\/12\/whatsapp-image-2025-11-25-at-16-22-32-768x576.jpeg 768w, https:\/\/ingenieria.udd.cl\/ii\/files\/2025\/12\/whatsapp-image-2025-11-25-at-16-22-32.jpeg 1280w\" sizes=\"auto, (max-width: 1024px) 100vw, 1024px\" \/><\/figure>\n\n\n\n<figure class=\"wp-block-image size-large\"><img loading=\"lazy\" decoding=\"async\" width=\"1024\" height=\"768\" data-id=\"5036\" src=\"https:\/\/ingenieria.udd.cl\/ii\/files\/2025\/12\/whatsapp-image-2025-11-25-at-16-22-31-1024x768.jpeg\" alt=\"\" class=\"wp-image-5036\" srcset=\"https:\/\/ingenieria.udd.cl\/ii\/files\/2025\/12\/whatsapp-image-2025-11-25-at-16-22-31-1024x768.jpeg 1024w, https:\/\/ingenieria.udd.cl\/ii\/files\/2025\/12\/whatsapp-image-2025-11-25-at-16-22-31-300x225.jpeg 300w, https:\/\/ingenieria.udd.cl\/ii\/files\/2025\/12\/whatsapp-image-2025-11-25-at-16-22-31-768x576.jpeg 768w, https:\/\/ingenieria.udd.cl\/ii\/files\/2025\/12\/whatsapp-image-2025-11-25-at-16-22-31.jpeg 1280w\" sizes=\"auto, (max-width: 1024px) 100vw, 1024px\" \/><\/figure>\n<\/figure>\n","protected":false},"excerpt":{"rendered":"<p>Profesores, directores y representantes de educaci\u00f3n de colegios de la Regi\u00f3n de Valpara\u00edso participaron\u00a0en\u00a0un desayuno de Educaci\u00f3n, Tecnolog\u00eda e Inteligencia Artificial junto\u00a0a\u00a0el director de\u00a0Maker\u00a0Campus, Vicente Lorca y su\u00a0coordinador, Sebasti\u00e1n\u00a0Perez,\u00a0ambos miembros de la\u00a0Facultad Ingenier\u00eda UDD.\u00a0\u00a0\u00a0\u00a0\u00a0\u00a0En esta ocasi\u00f3n, la actividad tuvo como tema central \u201cMovimiento\u00a0Maker: Tecnolog\u00eda como un medio de creaci\u00f3n\u201d, donde los invitados conversaron sobre c\u00f3mo [&hellip;]<\/p>\n","protected":false},"author":9192225,"featured_media":5036,"comment_status":"closed","ping_status":"open","sticky":false,"template":"","format":"standard","meta":{"footnotes":""},"categories":[23,2],"tags":[39,38],"class_list":["post-5035","post","type-post","status-publish","format-standard","has-post-thumbnail","hentry","category-maker-campus","category-iinoticias","tag-iinoticias","tag-noticias"],"yoast_head":"<!-- This site is optimized with the Yoast SEO plugin v26.9 - https:\/\/yoast.com\/product\/yoast-seo-wordpress\/ -->\n<title>Alrededor de 10 establecimientos educacionales de la Regi\u00f3n de Valpara\u00edso\u00a0participaron\u00a0de desayuno para conversar sobre tecnolog\u00eda e inteligencia artificial\u00a0\u00a0 - Innovaci\u00f3n Ingenier\u00eda<\/title>\n<meta name=\"robots\" content=\"index, follow, max-snippet:-1, max-image-preview:large, max-video-preview:-1\" \/>\n<link rel=\"canonical\" href=\"https:\/\/ingenieria.udd.cl\/ii\/2025\/11\/25\/alrededor-de-10-establecimientos-educaciones-de-la-region-de-valparaiso-participaron-de-desayuno-para-conversar-sobre-tecnologia-e-inteligencia-artificial\/\" \/>\n<meta property=\"og:locale\" content=\"es_ES\" \/>\n<meta property=\"og:type\" content=\"article\" \/>\n<meta property=\"og:title\" content=\"Alrededor de 10 establecimientos educacionales de la Regi\u00f3n de Valpara\u00edso\u00a0participaron\u00a0de desayuno para conversar sobre tecnolog\u00eda e inteligencia artificial\u00a0\u00a0 - Innovaci\u00f3n Ingenier\u00eda\" \/>\n<meta property=\"og:description\" content=\"Profesores, directores y representantes de educaci\u00f3n de colegios de la Regi\u00f3n de Valpara\u00edso participaron\u00a0en\u00a0un desayuno de Educaci\u00f3n, Tecnolog\u00eda e Inteligencia Artificial junto\u00a0a\u00a0el director de\u00a0Maker\u00a0Campus, Vicente Lorca y su\u00a0coordinador, Sebasti\u00e1n\u00a0Perez,\u00a0ambos miembros de la\u00a0Facultad Ingenier\u00eda UDD.\u00a0\u00a0\u00a0\u00a0\u00a0\u00a0En esta ocasi\u00f3n, la actividad tuvo como tema central \u201cMovimiento\u00a0Maker: Tecnolog\u00eda como un medio de creaci\u00f3n\u201d, donde los invitados conversaron sobre c\u00f3mo [&hellip;]\" \/>\n<meta property=\"og:url\" content=\"https:\/\/ingenieria.udd.cl\/ii\/2025\/11\/25\/alrededor-de-10-establecimientos-educaciones-de-la-region-de-valparaiso-participaron-de-desayuno-para-conversar-sobre-tecnologia-e-inteligencia-artificial\/\" \/>\n<meta property=\"og:site_name\" content=\"Innovaci\u00f3n Ingenier\u00eda\" \/>\n<meta property=\"article:published_time\" content=\"2025-11-25T13:56:19+00:00\" \/>\n<meta property=\"article:modified_time\" content=\"2025-12-04T15:10:57+00:00\" \/>\n<meta property=\"og:image\" content=\"https:\/\/ingenieria.udd.cl\/ii\/files\/2025\/12\/whatsapp-image-2025-11-25-at-16-22-31.jpeg\" \/>\n\t<meta property=\"og:image:width\" content=\"1280\" \/>\n\t<meta property=\"og:image:height\" content=\"960\" \/>\n\t<meta property=\"og:image:type\" content=\"image\/jpeg\" \/>\n<meta name=\"author\" content=\"innovacioning\" \/>\n<meta name=\"twitter:card\" content=\"summary_large_image\" \/>\n<meta name=\"twitter:label1\" content=\"Escrito por\" \/>\n\t<meta name=\"twitter:data1\" content=\"innovacioning\" \/>\n\t<meta name=\"twitter:label2\" content=\"Tiempo de lectura\" \/>\n\t<meta name=\"twitter:data2\" content=\"2 minutos\" \/>\n<script type=\"application\/ld+json\" class=\"yoast-schema-graph\">{\"@context\":\"https:\/\/schema.org\",\"@graph\":[{\"@type\":\"Article\",\"@id\":\"https:\/\/ingenieria.udd.cl\/ii\/2025\/11\/25\/alrededor-de-10-establecimientos-educaciones-de-la-region-de-valparaiso-participaron-de-desayuno-para-conversar-sobre-tecnologia-e-inteligencia-artificial\/#article\",\"isPartOf\":{\"@id\":\"https:\/\/ingenieria.udd.cl\/ii\/2025\/11\/25\/alrededor-de-10-establecimientos-educaciones-de-la-region-de-valparaiso-participaron-de-desayuno-para-conversar-sobre-tecnologia-e-inteligencia-artificial\/\"},\"author\":{\"name\":\"innovacioning\",\"@id\":\"https:\/\/ingenieria.udd.cl\/ii\/#\/schema\/person\/1bc62a1a9a844eac900d3cbed49257ae\"},\"headline\":\"Alrededor de 10 establecimientos educacionales de la Regi\u00f3n de Valpara\u00edso\u00a0participaron\u00a0de desayuno para conversar sobre tecnolog\u00eda e inteligencia artificial\u00a0\u00a0\",\"datePublished\":\"2025-11-25T13:56:19+00:00\",\"dateModified\":\"2025-12-04T15:10:57+00:00\",\"mainEntityOfPage\":{\"@id\":\"https:\/\/ingenieria.udd.cl\/ii\/2025\/11\/25\/alrededor-de-10-establecimientos-educaciones-de-la-region-de-valparaiso-participaron-de-desayuno-para-conversar-sobre-tecnologia-e-inteligencia-artificial\/\"},\"wordCount\":224,\"image\":{\"@id\":\"https:\/\/ingenieria.udd.cl\/ii\/2025\/11\/25\/alrededor-de-10-establecimientos-educaciones-de-la-region-de-valparaiso-participaron-de-desayuno-para-conversar-sobre-tecnologia-e-inteligencia-artificial\/#primaryimage\"},\"thumbnailUrl\":\"https:\/\/ingenieria.udd.cl\/ii\/files\/2025\/12\/whatsapp-image-2025-11-25-at-16-22-31.jpeg\",\"keywords\":[\"iinoticias\",\"noticias\"],\"articleSection\":[\"Maker Campus\",\"Noticias\"],\"inLanguage\":\"es\"},{\"@type\":\"WebPage\",\"@id\":\"https:\/\/ingenieria.udd.cl\/ii\/2025\/11\/25\/alrededor-de-10-establecimientos-educaciones-de-la-region-de-valparaiso-participaron-de-desayuno-para-conversar-sobre-tecnologia-e-inteligencia-artificial\/\",\"url\":\"https:\/\/ingenieria.udd.cl\/ii\/2025\/11\/25\/alrededor-de-10-establecimientos-educaciones-de-la-region-de-valparaiso-participaron-de-desayuno-para-conversar-sobre-tecnologia-e-inteligencia-artificial\/\",\"name\":\"Alrededor de 10 establecimientos educacionales de la Regi\u00f3n de Valpara\u00edso\u00a0participaron\u00a0de desayuno para conversar sobre tecnolog\u00eda e inteligencia artificial\u00a0\u00a0 - Innovaci\u00f3n Ingenier\u00eda\",\"isPartOf\":{\"@id\":\"https:\/\/ingenieria.udd.cl\/ii\/#website\"},\"primaryImageOfPage\":{\"@id\":\"https:\/\/ingenieria.udd.cl\/ii\/2025\/11\/25\/alrededor-de-10-establecimientos-educaciones-de-la-region-de-valparaiso-participaron-de-desayuno-para-conversar-sobre-tecnologia-e-inteligencia-artificial\/#primaryimage\"},\"image\":{\"@id\":\"https:\/\/ingenieria.udd.cl\/ii\/2025\/11\/25\/alrededor-de-10-establecimientos-educaciones-de-la-region-de-valparaiso-participaron-de-desayuno-para-conversar-sobre-tecnologia-e-inteligencia-artificial\/#primaryimage\"},\"thumbnailUrl\":\"https:\/\/ingenieria.udd.cl\/ii\/files\/2025\/12\/whatsapp-image-2025-11-25-at-16-22-31.jpeg\",\"datePublished\":\"2025-11-25T13:56:19+00:00\",\"dateModified\":\"2025-12-04T15:10:57+00:00\",\"author\":{\"@id\":\"https:\/\/ingenieria.udd.cl\/ii\/#\/schema\/person\/1bc62a1a9a844eac900d3cbed49257ae\"},\"breadcrumb\":{\"@id\":\"https:\/\/ingenieria.udd.cl\/ii\/2025\/11\/25\/alrededor-de-10-establecimientos-educaciones-de-la-region-de-valparaiso-participaron-de-desayuno-para-conversar-sobre-tecnologia-e-inteligencia-artificial\/#breadcrumb\"},\"inLanguage\":\"es\",\"potentialAction\":[{\"@type\":\"ReadAction\",\"target\":[\"https:\/\/ingenieria.udd.cl\/ii\/2025\/11\/25\/alrededor-de-10-establecimientos-educaciones-de-la-region-de-valparaiso-participaron-de-desayuno-para-conversar-sobre-tecnologia-e-inteligencia-artificial\/\"]}]},{\"@type\":\"ImageObject\",\"inLanguage\":\"es\",\"@id\":\"https:\/\/ingenieria.udd.cl\/ii\/2025\/11\/25\/alrededor-de-10-establecimientos-educaciones-de-la-region-de-valparaiso-participaron-de-desayuno-para-conversar-sobre-tecnologia-e-inteligencia-artificial\/#primaryimage\",\"url\":\"https:\/\/ingenieria.udd.cl\/ii\/files\/2025\/12\/whatsapp-image-2025-11-25-at-16-22-31.jpeg\",\"contentUrl\":\"https:\/\/ingenieria.udd.cl\/ii\/files\/2025\/12\/whatsapp-image-2025-11-25-at-16-22-31.jpeg\",\"width\":1280,\"height\":960},{\"@type\":\"BreadcrumbList\",\"@id\":\"https:\/\/ingenieria.udd.cl\/ii\/2025\/11\/25\/alrededor-de-10-establecimientos-educaciones-de-la-region-de-valparaiso-participaron-de-desayuno-para-conversar-sobre-tecnologia-e-inteligencia-artificial\/#breadcrumb\",\"itemListElement\":[{\"@type\":\"ListItem\",\"position\":1,\"name\":\"Portada\",\"item\":\"https:\/\/ingenieria.udd.cl\/ii\/\"},{\"@type\":\"ListItem\",\"position\":2,\"name\":\"Alrededor de 10 establecimientos educacionales de la Regi\u00f3n de Valpara\u00edso\u00a0participaron\u00a0de desayuno para conversar sobre tecnolog\u00eda e inteligencia artificial\u00a0\u00a0\"}]},{\"@type\":\"WebSite\",\"@id\":\"https:\/\/ingenieria.udd.cl\/ii\/#website\",\"url\":\"https:\/\/ingenieria.udd.cl\/ii\/\",\"name\":\"Innovaci\u00f3n Ingenier\u00eda\",\"description\":\"Otro sitio m\u00e1s de Ingenieria\",\"inLanguage\":\"es\"},{\"@type\":\"Person\",\"@id\":\"https:\/\/ingenieria.udd.cl\/ii\/#\/schema\/person\/1bc62a1a9a844eac900d3cbed49257ae\",\"name\":\"innovacioning\",\"image\":{\"@type\":\"ImageObject\",\"inLanguage\":\"es\",\"@id\":\"https:\/\/ingenieria.udd.cl\/ii\/#\/schema\/person\/image\/\",\"url\":\"https:\/\/secure.gravatar.com\/avatar\/ad6f915cae0f525cea1bbd2b78b598f56cf980449fbbaef05e9d6271fb154710?s=96&d=mm&r=g\",\"contentUrl\":\"https:\/\/secure.gravatar.com\/avatar\/ad6f915cae0f525cea1bbd2b78b598f56cf980449fbbaef05e9d6271fb154710?s=96&d=mm&r=g\",\"caption\":\"innovacioning\"},\"url\":\"https:\/\/ingenieria.udd.cl\/ii\/author\/innovacioning\/\"}]}<\/script>\n<!-- \/ Yoast SEO plugin. -->","yoast_head_json":{"title":"Alrededor de 10 establecimientos educacionales de la Regi\u00f3n de Valpara\u00edso\u00a0participaron\u00a0de desayuno para conversar sobre tecnolog\u00eda e inteligencia artificial\u00a0\u00a0 - Innovaci\u00f3n Ingenier\u00eda","robots":{"index":"index","follow":"follow","max-snippet":"max-snippet:-1","max-image-preview":"max-image-preview:large","max-video-preview":"max-video-preview:-1"},"canonical":"https:\/\/ingenieria.udd.cl\/ii\/2025\/11\/25\/alrededor-de-10-establecimientos-educaciones-de-la-region-de-valparaiso-participaron-de-desayuno-para-conversar-sobre-tecnologia-e-inteligencia-artificial\/","og_locale":"es_ES","og_type":"article","og_title":"Alrededor de 10 establecimientos educacionales de la Regi\u00f3n de Valpara\u00edso\u00a0participaron\u00a0de desayuno para conversar sobre tecnolog\u00eda e inteligencia artificial\u00a0\u00a0 - Innovaci\u00f3n Ingenier\u00eda","og_description":"Profesores, directores y representantes de educaci\u00f3n de colegios de la Regi\u00f3n de Valpara\u00edso participaron\u00a0en\u00a0un desayuno de Educaci\u00f3n, Tecnolog\u00eda e Inteligencia Artificial junto\u00a0a\u00a0el director de\u00a0Maker\u00a0Campus, Vicente Lorca y su\u00a0coordinador, Sebasti\u00e1n\u00a0Perez,\u00a0ambos miembros de la\u00a0Facultad Ingenier\u00eda UDD.\u00a0\u00a0\u00a0\u00a0\u00a0\u00a0En esta ocasi\u00f3n, la actividad tuvo como tema central \u201cMovimiento\u00a0Maker: Tecnolog\u00eda como un medio de creaci\u00f3n\u201d, donde los invitados conversaron sobre c\u00f3mo [&hellip;]","og_url":"https:\/\/ingenieria.udd.cl\/ii\/2025\/11\/25\/alrededor-de-10-establecimientos-educaciones-de-la-region-de-valparaiso-participaron-de-desayuno-para-conversar-sobre-tecnologia-e-inteligencia-artificial\/","og_site_name":"Innovaci\u00f3n Ingenier\u00eda","article_published_time":"2025-11-25T13:56:19+00:00","article_modified_time":"2025-12-04T15:10:57+00:00","og_image":[{"width":1280,"height":960,"url":"https:\/\/ingenieria.udd.cl\/ii\/files\/2025\/12\/whatsapp-image-2025-11-25-at-16-22-31.jpeg","type":"image\/jpeg"}],"author":"innovacioning","twitter_card":"summary_large_image","twitter_misc":{"Escrito por":"innovacioning","Tiempo de lectura":"2 minutos"},"schema":{"@context":"https:\/\/schema.org","@graph":[{"@type":"Article","@id":"https:\/\/ingenieria.udd.cl\/ii\/2025\/11\/25\/alrededor-de-10-establecimientos-educaciones-de-la-region-de-valparaiso-participaron-de-desayuno-para-conversar-sobre-tecnologia-e-inteligencia-artificial\/#article","isPartOf":{"@id":"https:\/\/ingenieria.udd.cl\/ii\/2025\/11\/25\/alrededor-de-10-establecimientos-educaciones-de-la-region-de-valparaiso-participaron-de-desayuno-para-conversar-sobre-tecnologia-e-inteligencia-artificial\/"},"author":{"name":"innovacioning","@id":"https:\/\/ingenieria.udd.cl\/ii\/#\/schema\/person\/1bc62a1a9a844eac900d3cbed49257ae"},"headline":"Alrededor de 10 establecimientos educacionales de la Regi\u00f3n de Valpara\u00edso\u00a0participaron\u00a0de desayuno para conversar sobre tecnolog\u00eda e inteligencia artificial\u00a0\u00a0","datePublished":"2025-11-25T13:56:19+00:00","dateModified":"2025-12-04T15:10:57+00:00","mainEntityOfPage":{"@id":"https:\/\/ingenieria.udd.cl\/ii\/2025\/11\/25\/alrededor-de-10-establecimientos-educaciones-de-la-region-de-valparaiso-participaron-de-desayuno-para-conversar-sobre-tecnologia-e-inteligencia-artificial\/"},"wordCount":224,"image":{"@id":"https:\/\/ingenieria.udd.cl\/ii\/2025\/11\/25\/alrededor-de-10-establecimientos-educaciones-de-la-region-de-valparaiso-participaron-de-desayuno-para-conversar-sobre-tecnologia-e-inteligencia-artificial\/#primaryimage"},"thumbnailUrl":"https:\/\/ingenieria.udd.cl\/ii\/files\/2025\/12\/whatsapp-image-2025-11-25-at-16-22-31.jpeg","keywords":["iinoticias","noticias"],"articleSection":["Maker Campus","Noticias"],"inLanguage":"es"},{"@type":"WebPage","@id":"https:\/\/ingenieria.udd.cl\/ii\/2025\/11\/25\/alrededor-de-10-establecimientos-educaciones-de-la-region-de-valparaiso-participaron-de-desayuno-para-conversar-sobre-tecnologia-e-inteligencia-artificial\/","url":"https:\/\/ingenieria.udd.cl\/ii\/2025\/11\/25\/alrededor-de-10-establecimientos-educaciones-de-la-region-de-valparaiso-participaron-de-desayuno-para-conversar-sobre-tecnologia-e-inteligencia-artificial\/","name":"Alrededor de 10 establecimientos educacionales de la Regi\u00f3n de Valpara\u00edso\u00a0participaron\u00a0de desayuno para conversar sobre tecnolog\u00eda e inteligencia artificial\u00a0\u00a0 - Innovaci\u00f3n Ingenier\u00eda","isPartOf":{"@id":"https:\/\/ingenieria.udd.cl\/ii\/#website"},"primaryImageOfPage":{"@id":"https:\/\/ingenieria.udd.cl\/ii\/2025\/11\/25\/alrededor-de-10-establecimientos-educaciones-de-la-region-de-valparaiso-participaron-de-desayuno-para-conversar-sobre-tecnologia-e-inteligencia-artificial\/#primaryimage"},"image":{"@id":"https:\/\/ingenieria.udd.cl\/ii\/2025\/11\/25\/alrededor-de-10-establecimientos-educaciones-de-la-region-de-valparaiso-participaron-de-desayuno-para-conversar-sobre-tecnologia-e-inteligencia-artificial\/#primaryimage"},"thumbnailUrl":"https:\/\/ingenieria.udd.cl\/ii\/files\/2025\/12\/whatsapp-image-2025-11-25-at-16-22-31.jpeg","datePublished":"2025-11-25T13:56:19+00:00","dateModified":"2025-12-04T15:10:57+00:00","author":{"@id":"https:\/\/ingenieria.udd.cl\/ii\/#\/schema\/person\/1bc62a1a9a844eac900d3cbed49257ae"},"breadcrumb":{"@id":"https:\/\/ingenieria.udd.cl\/ii\/2025\/11\/25\/alrededor-de-10-establecimientos-educaciones-de-la-region-de-valparaiso-participaron-de-desayuno-para-conversar-sobre-tecnologia-e-inteligencia-artificial\/#breadcrumb"},"inLanguage":"es","potentialAction":[{"@type":"ReadAction","target":["https:\/\/ingenieria.udd.cl\/ii\/2025\/11\/25\/alrededor-de-10-establecimientos-educaciones-de-la-region-de-valparaiso-participaron-de-desayuno-para-conversar-sobre-tecnologia-e-inteligencia-artificial\/"]}]},{"@type":"ImageObject","inLanguage":"es","@id":"https:\/\/ingenieria.udd.cl\/ii\/2025\/11\/25\/alrededor-de-10-establecimientos-educaciones-de-la-region-de-valparaiso-participaron-de-desayuno-para-conversar-sobre-tecnologia-e-inteligencia-artificial\/#primaryimage","url":"https:\/\/ingenieria.udd.cl\/ii\/files\/2025\/12\/whatsapp-image-2025-11-25-at-16-22-31.jpeg","contentUrl":"https:\/\/ingenieria.udd.cl\/ii\/files\/2025\/12\/whatsapp-image-2025-11-25-at-16-22-31.jpeg","width":1280,"height":960},{"@type":"BreadcrumbList","@id":"https:\/\/ingenieria.udd.cl\/ii\/2025\/11\/25\/alrededor-de-10-establecimientos-educaciones-de-la-region-de-valparaiso-participaron-de-desayuno-para-conversar-sobre-tecnologia-e-inteligencia-artificial\/#breadcrumb","itemListElement":[{"@type":"ListItem","position":1,"name":"Portada","item":"https:\/\/ingenieria.udd.cl\/ii\/"},{"@type":"ListItem","position":2,"name":"Alrededor de 10 establecimientos educacionales de la Regi\u00f3n de Valpara\u00edso\u00a0participaron\u00a0de desayuno para conversar sobre tecnolog\u00eda e inteligencia artificial\u00a0\u00a0"}]},{"@type":"WebSite","@id":"https:\/\/ingenieria.udd.cl\/ii\/#website","url":"https:\/\/ingenieria.udd.cl\/ii\/","name":"Innovaci\u00f3n Ingenier\u00eda","description":"Otro sitio m\u00e1s de Ingenieria","inLanguage":"es"},{"@type":"Person","@id":"https:\/\/ingenieria.udd.cl\/ii\/#\/schema\/person\/1bc62a1a9a844eac900d3cbed49257ae","name":"innovacioning","image":{"@type":"ImageObject","inLanguage":"es","@id":"https:\/\/ingenieria.udd.cl\/ii\/#\/schema\/person\/image\/","url":"https:\/\/secure.gravatar.com\/avatar\/ad6f915cae0f525cea1bbd2b78b598f56cf980449fbbaef05e9d6271fb154710?s=96&d=mm&r=g","contentUrl":"https:\/\/secure.gravatar.com\/avatar\/ad6f915cae0f525cea1bbd2b78b598f56cf980449fbbaef05e9d6271fb154710?s=96&d=mm&r=g","caption":"innovacioning"},"url":"https:\/\/ingenieria.udd.cl\/ii\/author\/innovacioning\/"}]}},"featured_image_url":"https:\/\/ingenieria.udd.cl\/ii\/files\/2025\/12\/whatsapp-image-2025-11-25-at-16-22-31.jpeg","_links":{"self":[{"href":"https:\/\/ingenieria.udd.cl\/ii\/wp-json\/wp\/v2\/posts\/5035","targetHints":{"allow":["GET"]}}],"collection":[{"href":"https:\/\/ingenieria.udd.cl\/ii\/wp-json\/wp\/v2\/posts"}],"about":[{"href":"https:\/\/ingenieria.udd.cl\/ii\/wp-json\/wp\/v2\/types\/post"}],"author":[{"embeddable":true,"href":"https:\/\/ingenieria.udd.cl\/ii\/wp-json\/wp\/v2\/users\/9192225"}],"replies":[{"embeddable":true,"href":"https:\/\/ingenieria.udd.cl\/ii\/wp-json\/wp\/v2\/comments?post=5035"}],"version-history":[{"count":2,"href":"https:\/\/ingenieria.udd.cl\/ii\/wp-json\/wp\/v2\/posts\/5035\/revisions"}],"predecessor-version":[{"id":5042,"href":"https:\/\/ingenieria.udd.cl\/ii\/wp-json\/wp\/v2\/posts\/5035\/revisions\/5042"}],"wp:featuredmedia":[{"embeddable":true,"href":"https:\/\/ingenieria.udd.cl\/ii\/wp-json\/wp\/v2\/media\/5036"}],"wp:attachment":[{"href":"https:\/\/ingenieria.udd.cl\/ii\/wp-json\/wp\/v2\/media?parent=5035"}],"wp:term":[{"taxonomy":"category","embeddable":true,"href":"https:\/\/ingenieria.udd.cl\/ii\/wp-json\/wp\/v2\/categories?post=5035"},{"taxonomy":"post_tag","embeddable":true,"href":"https:\/\/ingenieria.udd.cl\/ii\/wp-json\/wp\/v2\/tags?post=5035"}],"curies":[{"name":"wp","href":"https:\/\/api.w.org\/{rel}","templated":true}]}}