{"id":993,"date":"2020-05-28T22:19:55","date_gmt":"2020-05-28T22:19:55","guid":{"rendered":"https:\/\/ii.udd.cl\/?p=993"},"modified":"2022-12-20T13:53:11","modified_gmt":"2022-12-20T12:53:11","slug":"investigadores-udd-analizan-rayados-del-estallido-social-y-prepara-app-para-segunda-fase-del-estudio","status":"publish","type":"post","link":"https:\/\/ingenieria.udd.cl\/ii\/2020\/05\/28\/investigadores-udd-analizan-rayados-del-estallido-social-y-prepara-app-para-segunda-fase-del-estudio\/","title":{"rendered":"Investigadores UDD analizan rayados del estallido social y prepara App para segunda fase del estudio"},"content":{"rendered":"\n<p><strong>\u201cObservatorio de la calle\u201d es el t\u00edtulo de un proyecto que nace en el Centro de Pol\u00edticas P\u00fablicas de la Facultad de Gobierno en conjunto con Policy Tech Lab de la Facultad de Ingenier\u00eda de la Universidad del Desarrollo.&nbsp;<\/strong><br><\/p>\n\n\n\n<p>Un in\u00e9dito estudio llev\u00f3 cabo un grupo de acad\u00e9micos de la Universidad del Desarrollo a partir del estallido social del 18 de octubre de 2019, cuyo principal escenario estuvo durante meses en la Plaza Baquedano de la comuna de Providencia \u2013posteriormente bautizada por los manifestantes como \u201cPlaza Dignidad\u201d- pero cuya expansi\u00f3n abarc\u00f3 gran parte del eje Alameda de la capital, dejando una huella de rayados callejeros sin precedentes.<br><\/p>\n\n\n\n<p>Liderado por el profesor Jos\u00e9 de la Cruz Garrido, co-ejecutado por el decano de la Facultad, Eugenio Guzm\u00e1n, y con la participaci\u00f3n de Francisco Guzm\u00e1n y Nicol\u00e1s Fierro como expertos en datos, la investigaci\u00f3n desarroll\u00f3 un an\u00e1lisis de contenido a partir de 1.906 fotograf\u00edas registradas sistem\u00e1ticamente en el mes de noviembre entre las estaciones de Metro Tobalaba y Rep\u00fablica. Partiendo del marco te\u00f3rico provisto por el acad\u00e9mico catal\u00e1n Manuel Castells, para quien los tiempos actuales se caracterizan por una compleja din\u00e1mica de \u201cautocomunicaci\u00f3n de masas\u201d, global y digital, el estudio someti\u00f3 a examen una muestra aleatoria de 1.000 rayados, conjunto que arroj\u00f3 una considerable carga de expresiones y consignas de diversa \u00edndole (m\u00e1s de 5.000 mensajes). Por medio de un proceso de asociaci\u00f3n anal\u00f3gica y una inspecci\u00f3n sem\u00e1ntica de las frases que quedaron grabadas en los muros tras las masivas convocatorias, se consolid\u00f3 una base de datos con el software Stata, para luego conformar cruces, relaciones, mapas mentales y nubes de palabras &#8211;<em>Wordclouds<\/em>&#8211; que reflejan con distinto peso visual los t\u00e9rminos que con mayor frecuencia aparecieron en la pesquisa.<br><\/p>\n\n\n\n<p>Fueron seis las dimensiones que abarc\u00f3 el estudio, estas fueron: palabra clave, mensaje completo, causa, intencionalidad, receptor y alusi\u00f3n expresa. Con esta categorizaci\u00f3n el estudio pudo identificar aspectos esenciales de la comunicaci\u00f3n visual del estallido social chileno tales como contenido del mensaje, canal y destinatario. Un contenido que en su conjunto, representa una particularidad en relaci\u00f3n a otros movimientos sociales hist\u00f3ricos, como el que se produjo antes del retorno a la democracia en Chile, cuyo concierto comunicacional reflej\u00f3 ideas m\u00e1s \u201ccl\u00e1sicas\u201d de la izquierda y g\u00e9neros narrativos propios del Siglo XX. T\u00e9rminos como \u201cPi\u00f1era\u201d, \u201cEstado\u201d, \u201cEvade\u201d, \u201cAsesino\u201d y \u201cPaco\u201d responden a una coyuntura hist\u00f3rica actual, mientras \u201cAcab\u201d (<em>All cops are bastards<\/em>) se\u00f1alan la fuerte vinculaci\u00f3n del estallido social a las redes digitales y la manifestaci\u00f3n \u201cen enjambre\u201d de las nuevas generaciones, consumidoras de contenido electr\u00f3nico y de mensajes anti-sistema descentralizados.<br><\/p>\n\n\n\n<p>Entre las conclusiones del estudio cabe destacar que el 40,7% de los mensajes son autocovocantes, es decir, de calle que le habla a la propia calle en su gran mayor\u00eda, seguidos por el Gobierno (27,1%) y Carabineros (13,4%) como destinatarios. Los mensajes en un 53,8% no aluden a nadie expresamente, mientras Carabineros es la instituci\u00f3n m\u00e1s aludida (17,3%). En las causas destacan lo que se ha agrupado como Antisistema (20,3%) y Derechos Humanos (14,3%), siendo un 33,2% mensajes que no aluden a ninguna causa y la Asamblea Constituyente s\u00f3lo un 1,4%. Desde el punto de vista de la intencionalidad el 23,7% de los mensajes expresan resentimiento y el 20,3% amenaza. En el cruce, el 43,4% de los mensajes de resentimiento total los recibe Carabineros. En este contexto, el 62,2% del discurso Antisistema es de Amenaza, siendo un 64% del discurso total de Amenaza.&nbsp;<br><\/p>\n\n\n\n<p>Luego de esta primera fase del estudio, el equipo UDD a cargo se encuentra desarrollando una aplicaci\u00f3n m\u00f3vil para hacer <em>crowdsourcing<\/em> de informaci\u00f3n asociada a mensajer\u00eda callejera, con el fin de consolidar las categor\u00edas y ampliar los datos de an\u00e1lisis incorporando informaci\u00f3n georreferenciada y ciencia ciudadana. El prop\u00f3sito es ir leyendo la din\u00e1mica de la mensajer\u00eda, siguiendo el \u201cpulso\u201d en el marco del plebiscito y el posible proceso constituyente, el que, de manera imprevista, se encuentra en pausa por efecto de un fen\u00f3meno en expansi\u00f3n en el pa\u00eds, esto es, la pandemia del coronavirus.<br><\/p>\n\n\n\n<figure class=\"wp-block-gallery has-nested-images columns-3 is-cropped wp-block-gallery-1 is-layout-flex wp-block-gallery-is-layout-flex\">\n<figure class=\"wp-block-image size-large\"><img loading=\"lazy\" decoding=\"async\" width=\"1024\" height=\"683\" data-id=\"994\" src=\"https:\/\/ingenieria.udd.cl\/ii\/files\/2020\/05\/noticia-1-nube-1024x683.jpg\" alt=\"\" class=\"wp-image-994\" srcset=\"https:\/\/ingenieria.udd.cl\/ii\/files\/2020\/05\/noticia-1-nube-1024x683.jpg 1024w, https:\/\/ingenieria.udd.cl\/ii\/files\/2020\/05\/noticia-1-nube-300x200.jpg 300w, https:\/\/ingenieria.udd.cl\/ii\/files\/2020\/05\/noticia-1-nube-768x512.jpg 768w, https:\/\/ingenieria.udd.cl\/ii\/files\/2020\/05\/noticia-1-nube.jpg 1200w\" sizes=\"auto, (max-width: 1024px) 100vw, 1024px\" \/><\/figure>\n\n\n\n<figure class=\"wp-block-image size-large\"><img loading=\"lazy\" decoding=\"async\" width=\"1024\" height=\"683\" data-id=\"996\" src=\"https:\/\/ingenieria.udd.cl\/ii\/files\/2020\/05\/noticia-1-nube3-1024x683.jpg\" alt=\"\" class=\"wp-image-996\" srcset=\"https:\/\/ingenieria.udd.cl\/ii\/files\/2020\/05\/noticia-1-nube3-1024x683.jpg 1024w, https:\/\/ingenieria.udd.cl\/ii\/files\/2020\/05\/noticia-1-nube3-300x200.jpg 300w, https:\/\/ingenieria.udd.cl\/ii\/files\/2020\/05\/noticia-1-nube3-768x512.jpg 768w, https:\/\/ingenieria.udd.cl\/ii\/files\/2020\/05\/noticia-1-nube3.jpg 1200w\" sizes=\"auto, (max-width: 1024px) 100vw, 1024px\" \/><\/figure>\n\n\n\n<figure class=\"wp-block-image size-large\"><img loading=\"lazy\" decoding=\"async\" width=\"1024\" height=\"683\" data-id=\"995\" src=\"https:\/\/ingenieria.udd.cl\/ii\/files\/2020\/05\/noticia-1-nube2-1024x683.jpg\" alt=\"\" class=\"wp-image-995\" srcset=\"https:\/\/ingenieria.udd.cl\/ii\/files\/2020\/05\/noticia-1-nube2-1024x683.jpg 1024w, https:\/\/ingenieria.udd.cl\/ii\/files\/2020\/05\/noticia-1-nube2-300x200.jpg 300w, https:\/\/ingenieria.udd.cl\/ii\/files\/2020\/05\/noticia-1-nube2-768x512.jpg 768w, https:\/\/ingenieria.udd.cl\/ii\/files\/2020\/05\/noticia-1-nube2.jpg 1200w\" sizes=\"auto, (max-width: 1024px) 100vw, 1024px\" \/><\/figure>\n\n\n\n<figure class=\"wp-block-image size-large\"><img decoding=\"async\" data-id=\"997\" src=\"https:\/\/ii.udd.cl\/files\/2020\/05\/noticia-1-verarticulo-545x1024.jpg\" alt=\"\" class=\"wp-image-997\" \/><\/figure>\n<\/figure>\n","protected":false},"excerpt":{"rendered":"<p>\u201cObservatorio de la calle\u201d es el t\u00edtulo de un proyecto que nace en el Centro de Pol\u00edticas P\u00fablicas de la Facultad de Gobierno en conjunto con Policy Tech Lab de la Facultad de Ingenier\u00eda de la Universidad del Desarrollo.&nbsp; Un in\u00e9dito estudio llev\u00f3 cabo un grupo de acad\u00e9micos de la Universidad del Desarrollo a partir [&hellip;]<\/p>\n","protected":false},"author":9192225,"featured_media":955,"comment_status":"closed","ping_status":"open","sticky":false,"template":"","format":"standard","meta":{"footnotes":""},"categories":[22,2,13],"tags":[],"class_list":["post-993","post","type-post","status-publish","format-standard","has-post-thumbnail","hentry","category-centro-de-investigacion-de-tecnologias-para-la-sociedad","category-iinoticias","category-noticias-techpolicy"],"yoast_head":"<!-- This site is optimized with the Yoast SEO plugin v26.9 - https:\/\/yoast.com\/product\/yoast-seo-wordpress\/ -->\n<title>Investigadores UDD analizan rayados del estallido social y prepara App para segunda fase del estudio - Innovaci\u00f3n Ingenier\u00eda<\/title>\n<meta name=\"robots\" content=\"index, follow, max-snippet:-1, max-image-preview:large, max-video-preview:-1\" \/>\n<link rel=\"canonical\" href=\"https:\/\/ingenieria.udd.cl\/ii\/2020\/05\/28\/investigadores-udd-analizan-rayados-del-estallido-social-y-prepara-app-para-segunda-fase-del-estudio\/\" \/>\n<meta property=\"og:locale\" content=\"es_ES\" \/>\n<meta property=\"og:type\" content=\"article\" \/>\n<meta property=\"og:title\" content=\"Investigadores UDD analizan rayados del estallido social y prepara App para segunda fase del estudio - Innovaci\u00f3n Ingenier\u00eda\" \/>\n<meta property=\"og:description\" content=\"\u201cObservatorio de la calle\u201d es el t\u00edtulo de un proyecto que nace en el Centro de Pol\u00edticas P\u00fablicas de la Facultad de Gobierno en conjunto con Policy Tech Lab de la Facultad de Ingenier\u00eda de la Universidad del Desarrollo.&nbsp; Un in\u00e9dito estudio llev\u00f3 cabo un grupo de acad\u00e9micos de la Universidad del Desarrollo a partir [&hellip;]\" \/>\n<meta property=\"og:url\" content=\"https:\/\/ingenieria.udd.cl\/ii\/2020\/05\/28\/investigadores-udd-analizan-rayados-del-estallido-social-y-prepara-app-para-segunda-fase-del-estudio\/\" \/>\n<meta property=\"og:site_name\" content=\"Innovaci\u00f3n Ingenier\u00eda\" \/>\n<meta property=\"article:published_time\" content=\"2020-05-28T22:19:55+00:00\" \/>\n<meta property=\"article:modified_time\" content=\"2022-12-20T12:53:11+00:00\" \/>\n<meta property=\"og:image\" content=\"https:\/\/ingenieria.udd.cl\/ii\/files\/2020\/05\/foto-proyectoobservatoriocalle-8-scaled-1.jpg\" \/>\n\t<meta property=\"og:image:width\" content=\"2560\" \/>\n\t<meta property=\"og:image:height\" content=\"1920\" \/>\n\t<meta property=\"og:image:type\" content=\"image\/jpeg\" \/>\n<meta name=\"author\" content=\"innovacioning\" \/>\n<meta name=\"twitter:card\" content=\"summary_large_image\" \/>\n<meta name=\"twitter:label1\" content=\"Escrito por\" \/>\n\t<meta name=\"twitter:data1\" content=\"innovacioning\" \/>\n\t<meta name=\"twitter:label2\" content=\"Tiempo de lectura\" \/>\n\t<meta name=\"twitter:data2\" content=\"4 minutos\" \/>\n<script type=\"application\/ld+json\" class=\"yoast-schema-graph\">{\"@context\":\"https:\/\/schema.org\",\"@graph\":[{\"@type\":\"Article\",\"@id\":\"https:\/\/ingenieria.udd.cl\/ii\/2020\/05\/28\/investigadores-udd-analizan-rayados-del-estallido-social-y-prepara-app-para-segunda-fase-del-estudio\/#article\",\"isPartOf\":{\"@id\":\"https:\/\/ingenieria.udd.cl\/ii\/2020\/05\/28\/investigadores-udd-analizan-rayados-del-estallido-social-y-prepara-app-para-segunda-fase-del-estudio\/\"},\"author\":{\"name\":\"innovacioning\",\"@id\":\"https:\/\/ingenieria.udd.cl\/ii\/#\/schema\/person\/1bc62a1a9a844eac900d3cbed49257ae\"},\"headline\":\"Investigadores UDD analizan rayados del estallido social y prepara App para segunda fase del estudio\",\"datePublished\":\"2020-05-28T22:19:55+00:00\",\"dateModified\":\"2022-12-20T12:53:11+00:00\",\"mainEntityOfPage\":{\"@id\":\"https:\/\/ingenieria.udd.cl\/ii\/2020\/05\/28\/investigadores-udd-analizan-rayados-del-estallido-social-y-prepara-app-para-segunda-fase-del-estudio\/\"},\"wordCount\":721,\"image\":{\"@id\":\"https:\/\/ingenieria.udd.cl\/ii\/2020\/05\/28\/investigadores-udd-analizan-rayados-del-estallido-social-y-prepara-app-para-segunda-fase-del-estudio\/#primaryimage\"},\"thumbnailUrl\":\"https:\/\/ingenieria.udd.cl\/ii\/files\/2020\/05\/foto-proyectoobservatoriocalle-8-scaled-1.jpg\",\"articleSection\":[\"Centro de Investigaci\u00f3n de Tecnolog\u00edas para la Sociedad\",\"Noticias\",\"Tech Policy\"],\"inLanguage\":\"es\"},{\"@type\":\"WebPage\",\"@id\":\"https:\/\/ingenieria.udd.cl\/ii\/2020\/05\/28\/investigadores-udd-analizan-rayados-del-estallido-social-y-prepara-app-para-segunda-fase-del-estudio\/\",\"url\":\"https:\/\/ingenieria.udd.cl\/ii\/2020\/05\/28\/investigadores-udd-analizan-rayados-del-estallido-social-y-prepara-app-para-segunda-fase-del-estudio\/\",\"name\":\"Investigadores UDD analizan rayados del estallido social y prepara App para segunda fase del estudio - Innovaci\u00f3n Ingenier\u00eda\",\"isPartOf\":{\"@id\":\"https:\/\/ingenieria.udd.cl\/ii\/#website\"},\"primaryImageOfPage\":{\"@id\":\"https:\/\/ingenieria.udd.cl\/ii\/2020\/05\/28\/investigadores-udd-analizan-rayados-del-estallido-social-y-prepara-app-para-segunda-fase-del-estudio\/#primaryimage\"},\"image\":{\"@id\":\"https:\/\/ingenieria.udd.cl\/ii\/2020\/05\/28\/investigadores-udd-analizan-rayados-del-estallido-social-y-prepara-app-para-segunda-fase-del-estudio\/#primaryimage\"},\"thumbnailUrl\":\"https:\/\/ingenieria.udd.cl\/ii\/files\/2020\/05\/foto-proyectoobservatoriocalle-8-scaled-1.jpg\",\"datePublished\":\"2020-05-28T22:19:55+00:00\",\"dateModified\":\"2022-12-20T12:53:11+00:00\",\"author\":{\"@id\":\"https:\/\/ingenieria.udd.cl\/ii\/#\/schema\/person\/1bc62a1a9a844eac900d3cbed49257ae\"},\"breadcrumb\":{\"@id\":\"https:\/\/ingenieria.udd.cl\/ii\/2020\/05\/28\/investigadores-udd-analizan-rayados-del-estallido-social-y-prepara-app-para-segunda-fase-del-estudio\/#breadcrumb\"},\"inLanguage\":\"es\",\"potentialAction\":[{\"@type\":\"ReadAction\",\"target\":[\"https:\/\/ingenieria.udd.cl\/ii\/2020\/05\/28\/investigadores-udd-analizan-rayados-del-estallido-social-y-prepara-app-para-segunda-fase-del-estudio\/\"]}]},{\"@type\":\"ImageObject\",\"inLanguage\":\"es\",\"@id\":\"https:\/\/ingenieria.udd.cl\/ii\/2020\/05\/28\/investigadores-udd-analizan-rayados-del-estallido-social-y-prepara-app-para-segunda-fase-del-estudio\/#primaryimage\",\"url\":\"https:\/\/ingenieria.udd.cl\/ii\/files\/2020\/05\/foto-proyectoobservatoriocalle-8-scaled-1.jpg\",\"contentUrl\":\"https:\/\/ingenieria.udd.cl\/ii\/files\/2020\/05\/foto-proyectoobservatoriocalle-8-scaled-1.jpg\",\"width\":2560,\"height\":1920},{\"@type\":\"BreadcrumbList\",\"@id\":\"https:\/\/ingenieria.udd.cl\/ii\/2020\/05\/28\/investigadores-udd-analizan-rayados-del-estallido-social-y-prepara-app-para-segunda-fase-del-estudio\/#breadcrumb\",\"itemListElement\":[{\"@type\":\"ListItem\",\"position\":1,\"name\":\"Portada\",\"item\":\"https:\/\/ingenieria.udd.cl\/ii\/\"},{\"@type\":\"ListItem\",\"position\":2,\"name\":\"Investigadores UDD analizan rayados del estallido social y prepara App para segunda fase del estudio\"}]},{\"@type\":\"WebSite\",\"@id\":\"https:\/\/ingenieria.udd.cl\/ii\/#website\",\"url\":\"https:\/\/ingenieria.udd.cl\/ii\/\",\"name\":\"Innovaci\u00f3n Ingenier\u00eda\",\"description\":\"Otro sitio m\u00e1s de Ingenieria\",\"inLanguage\":\"es\"},{\"@type\":\"Person\",\"@id\":\"https:\/\/ingenieria.udd.cl\/ii\/#\/schema\/person\/1bc62a1a9a844eac900d3cbed49257ae\",\"name\":\"innovacioning\",\"image\":{\"@type\":\"ImageObject\",\"inLanguage\":\"es\",\"@id\":\"https:\/\/ingenieria.udd.cl\/ii\/#\/schema\/person\/image\/\",\"url\":\"https:\/\/secure.gravatar.com\/avatar\/ad6f915cae0f525cea1bbd2b78b598f56cf980449fbbaef05e9d6271fb154710?s=96&d=mm&r=g\",\"contentUrl\":\"https:\/\/secure.gravatar.com\/avatar\/ad6f915cae0f525cea1bbd2b78b598f56cf980449fbbaef05e9d6271fb154710?s=96&d=mm&r=g\",\"caption\":\"innovacioning\"},\"url\":\"https:\/\/ingenieria.udd.cl\/ii\/author\/innovacioning\/\"}]}<\/script>\n<!-- \/ Yoast SEO plugin. -->","yoast_head_json":{"title":"Investigadores UDD analizan rayados del estallido social y prepara App para segunda fase del estudio - Innovaci\u00f3n Ingenier\u00eda","robots":{"index":"index","follow":"follow","max-snippet":"max-snippet:-1","max-image-preview":"max-image-preview:large","max-video-preview":"max-video-preview:-1"},"canonical":"https:\/\/ingenieria.udd.cl\/ii\/2020\/05\/28\/investigadores-udd-analizan-rayados-del-estallido-social-y-prepara-app-para-segunda-fase-del-estudio\/","og_locale":"es_ES","og_type":"article","og_title":"Investigadores UDD analizan rayados del estallido social y prepara App para segunda fase del estudio - Innovaci\u00f3n Ingenier\u00eda","og_description":"\u201cObservatorio de la calle\u201d es el t\u00edtulo de un proyecto que nace en el Centro de Pol\u00edticas P\u00fablicas de la Facultad de Gobierno en conjunto con Policy Tech Lab de la Facultad de Ingenier\u00eda de la Universidad del Desarrollo.&nbsp; Un in\u00e9dito estudio llev\u00f3 cabo un grupo de acad\u00e9micos de la Universidad del Desarrollo a partir [&hellip;]","og_url":"https:\/\/ingenieria.udd.cl\/ii\/2020\/05\/28\/investigadores-udd-analizan-rayados-del-estallido-social-y-prepara-app-para-segunda-fase-del-estudio\/","og_site_name":"Innovaci\u00f3n Ingenier\u00eda","article_published_time":"2020-05-28T22:19:55+00:00","article_modified_time":"2022-12-20T12:53:11+00:00","og_image":[{"width":2560,"height":1920,"url":"https:\/\/ingenieria.udd.cl\/ii\/files\/2020\/05\/foto-proyectoobservatoriocalle-8-scaled-1.jpg","type":"image\/jpeg"}],"author":"innovacioning","twitter_card":"summary_large_image","twitter_misc":{"Escrito por":"innovacioning","Tiempo de lectura":"4 minutos"},"schema":{"@context":"https:\/\/schema.org","@graph":[{"@type":"Article","@id":"https:\/\/ingenieria.udd.cl\/ii\/2020\/05\/28\/investigadores-udd-analizan-rayados-del-estallido-social-y-prepara-app-para-segunda-fase-del-estudio\/#article","isPartOf":{"@id":"https:\/\/ingenieria.udd.cl\/ii\/2020\/05\/28\/investigadores-udd-analizan-rayados-del-estallido-social-y-prepara-app-para-segunda-fase-del-estudio\/"},"author":{"name":"innovacioning","@id":"https:\/\/ingenieria.udd.cl\/ii\/#\/schema\/person\/1bc62a1a9a844eac900d3cbed49257ae"},"headline":"Investigadores UDD analizan rayados del estallido social y prepara App para segunda fase del estudio","datePublished":"2020-05-28T22:19:55+00:00","dateModified":"2022-12-20T12:53:11+00:00","mainEntityOfPage":{"@id":"https:\/\/ingenieria.udd.cl\/ii\/2020\/05\/28\/investigadores-udd-analizan-rayados-del-estallido-social-y-prepara-app-para-segunda-fase-del-estudio\/"},"wordCount":721,"image":{"@id":"https:\/\/ingenieria.udd.cl\/ii\/2020\/05\/28\/investigadores-udd-analizan-rayados-del-estallido-social-y-prepara-app-para-segunda-fase-del-estudio\/#primaryimage"},"thumbnailUrl":"https:\/\/ingenieria.udd.cl\/ii\/files\/2020\/05\/foto-proyectoobservatoriocalle-8-scaled-1.jpg","articleSection":["Centro de Investigaci\u00f3n de Tecnolog\u00edas para la Sociedad","Noticias","Tech Policy"],"inLanguage":"es"},{"@type":"WebPage","@id":"https:\/\/ingenieria.udd.cl\/ii\/2020\/05\/28\/investigadores-udd-analizan-rayados-del-estallido-social-y-prepara-app-para-segunda-fase-del-estudio\/","url":"https:\/\/ingenieria.udd.cl\/ii\/2020\/05\/28\/investigadores-udd-analizan-rayados-del-estallido-social-y-prepara-app-para-segunda-fase-del-estudio\/","name":"Investigadores UDD analizan rayados del estallido social y prepara App para segunda fase del estudio - Innovaci\u00f3n Ingenier\u00eda","isPartOf":{"@id":"https:\/\/ingenieria.udd.cl\/ii\/#website"},"primaryImageOfPage":{"@id":"https:\/\/ingenieria.udd.cl\/ii\/2020\/05\/28\/investigadores-udd-analizan-rayados-del-estallido-social-y-prepara-app-para-segunda-fase-del-estudio\/#primaryimage"},"image":{"@id":"https:\/\/ingenieria.udd.cl\/ii\/2020\/05\/28\/investigadores-udd-analizan-rayados-del-estallido-social-y-prepara-app-para-segunda-fase-del-estudio\/#primaryimage"},"thumbnailUrl":"https:\/\/ingenieria.udd.cl\/ii\/files\/2020\/05\/foto-proyectoobservatoriocalle-8-scaled-1.jpg","datePublished":"2020-05-28T22:19:55+00:00","dateModified":"2022-12-20T12:53:11+00:00","author":{"@id":"https:\/\/ingenieria.udd.cl\/ii\/#\/schema\/person\/1bc62a1a9a844eac900d3cbed49257ae"},"breadcrumb":{"@id":"https:\/\/ingenieria.udd.cl\/ii\/2020\/05\/28\/investigadores-udd-analizan-rayados-del-estallido-social-y-prepara-app-para-segunda-fase-del-estudio\/#breadcrumb"},"inLanguage":"es","potentialAction":[{"@type":"ReadAction","target":["https:\/\/ingenieria.udd.cl\/ii\/2020\/05\/28\/investigadores-udd-analizan-rayados-del-estallido-social-y-prepara-app-para-segunda-fase-del-estudio\/"]}]},{"@type":"ImageObject","inLanguage":"es","@id":"https:\/\/ingenieria.udd.cl\/ii\/2020\/05\/28\/investigadores-udd-analizan-rayados-del-estallido-social-y-prepara-app-para-segunda-fase-del-estudio\/#primaryimage","url":"https:\/\/ingenieria.udd.cl\/ii\/files\/2020\/05\/foto-proyectoobservatoriocalle-8-scaled-1.jpg","contentUrl":"https:\/\/ingenieria.udd.cl\/ii\/files\/2020\/05\/foto-proyectoobservatoriocalle-8-scaled-1.jpg","width":2560,"height":1920},{"@type":"BreadcrumbList","@id":"https:\/\/ingenieria.udd.cl\/ii\/2020\/05\/28\/investigadores-udd-analizan-rayados-del-estallido-social-y-prepara-app-para-segunda-fase-del-estudio\/#breadcrumb","itemListElement":[{"@type":"ListItem","position":1,"name":"Portada","item":"https:\/\/ingenieria.udd.cl\/ii\/"},{"@type":"ListItem","position":2,"name":"Investigadores UDD analizan rayados del estallido social y prepara App para segunda fase del estudio"}]},{"@type":"WebSite","@id":"https:\/\/ingenieria.udd.cl\/ii\/#website","url":"https:\/\/ingenieria.udd.cl\/ii\/","name":"Innovaci\u00f3n Ingenier\u00eda","description":"Otro sitio m\u00e1s de Ingenieria","inLanguage":"es"},{"@type":"Person","@id":"https:\/\/ingenieria.udd.cl\/ii\/#\/schema\/person\/1bc62a1a9a844eac900d3cbed49257ae","name":"innovacioning","image":{"@type":"ImageObject","inLanguage":"es","@id":"https:\/\/ingenieria.udd.cl\/ii\/#\/schema\/person\/image\/","url":"https:\/\/secure.gravatar.com\/avatar\/ad6f915cae0f525cea1bbd2b78b598f56cf980449fbbaef05e9d6271fb154710?s=96&d=mm&r=g","contentUrl":"https:\/\/secure.gravatar.com\/avatar\/ad6f915cae0f525cea1bbd2b78b598f56cf980449fbbaef05e9d6271fb154710?s=96&d=mm&r=g","caption":"innovacioning"},"url":"https:\/\/ingenieria.udd.cl\/ii\/author\/innovacioning\/"}]}},"featured_image_url":"https:\/\/ingenieria.udd.cl\/ii\/files\/2020\/05\/foto-proyectoobservatoriocalle-8-scaled-1.jpg","_links":{"self":[{"href":"https:\/\/ingenieria.udd.cl\/ii\/wp-json\/wp\/v2\/posts\/993","targetHints":{"allow":["GET"]}}],"collection":[{"href":"https:\/\/ingenieria.udd.cl\/ii\/wp-json\/wp\/v2\/posts"}],"about":[{"href":"https:\/\/ingenieria.udd.cl\/ii\/wp-json\/wp\/v2\/types\/post"}],"author":[{"embeddable":true,"href":"https:\/\/ingenieria.udd.cl\/ii\/wp-json\/wp\/v2\/users\/9192225"}],"replies":[{"embeddable":true,"href":"https:\/\/ingenieria.udd.cl\/ii\/wp-json\/wp\/v2\/comments?post=993"}],"version-history":[{"count":1,"href":"https:\/\/ingenieria.udd.cl\/ii\/wp-json\/wp\/v2\/posts\/993\/revisions"}],"predecessor-version":[{"id":3004,"href":"https:\/\/ingenieria.udd.cl\/ii\/wp-json\/wp\/v2\/posts\/993\/revisions\/3004"}],"wp:featuredmedia":[{"embeddable":true,"href":"https:\/\/ingenieria.udd.cl\/ii\/wp-json\/wp\/v2\/media\/955"}],"wp:attachment":[{"href":"https:\/\/ingenieria.udd.cl\/ii\/wp-json\/wp\/v2\/media?parent=993"}],"wp:term":[{"taxonomy":"category","embeddable":true,"href":"https:\/\/ingenieria.udd.cl\/ii\/wp-json\/wp\/v2\/categories?post=993"},{"taxonomy":"post_tag","embeddable":true,"href":"https:\/\/ingenieria.udd.cl\/ii\/wp-json\/wp\/v2\/tags?post=993"}],"curies":[{"name":"wp","href":"https:\/\/api.w.org\/{rel}","templated":true}]}}