{"id":1491,"date":"2021-08-20T14:11:13","date_gmt":"2021-08-20T12:11:13","guid":{"rendered":"https:\/\/ingenieria.udd.cl\/impactoudd\/?p=1491"},"modified":"2021-08-20T14:12:20","modified_gmt":"2021-08-20T12:12:20","slug":"webinar-impactoudd-charla-alejandro-vallejo","status":"publish","type":"post","link":"https:\/\/ingenieria.udd.cl\/impactoudd\/2021\/08\/20\/webinar-impactoudd-charla-alejandro-vallejo\/","title":{"rendered":"Webinar ImpactoUDD: arquitecto y profesor Alejandro Vallejo de Costa Rica dio conocer su experiencia de trabajo con comunidades \ufeff"},"content":{"rendered":"\n<p>ImpactoUDD de la Facultad de Ingenier\u00eda, junto a la Facultad de Arquitectura Sur Sur de la UDD y la Direcci\u00f3n de Direcci\u00f3n de Formaci\u00f3n Extradisciplinar de la UDD realizaron la charla \u201cHerramientas ciudadanas e ingenier\u00edas comunitarias: Experiencias del Arquitecto y profesor Alejandro Vallejo de Costa Rica\u201d oportunidad en la cual se dieron a conocer experiencias trabajando con estudiantes y comunidades con el fin de generar transformaciones reales y modelos de trabajo a largo plazo.\u00a0<\/p>\n\n\n\n<p>Alejandro Vallejo, quien ha ganado m\u00faltiples premios y reconocimientos a nivel internacional y actualmente es profesor del Curso track interdisciplinario de la UDD \u201cInteligencias Ciudadanas\u201d y docente colaborador en talleres junto a la facultad de Arquitectura, comparti\u00f3 con los asistentes su experiencia de trabajos integradores con estudiantes de arquitectura, ingenier\u00eda y otras disciplinas mostrando c\u00f3mo cualquier profesi\u00f3n puede convertirse en un servicio que se brinda a la sociedad y accesible a todos. Para ello, centr\u00f3 su presentaci\u00f3n en torno a casos concretos, sobre la importancia de poner la mirada en el otro para entender sus necesidades y generar capacidades de gesti\u00f3n.\u00a0<\/p>\n\n\n\n<p>Alejandro Vallejo destac\u00f3 que los procesos participativos son la clave para entender las necesidades de las comunidades, asimismo valor\u00f3 la importancia del proceso de levantamiento de informaci\u00f3n para entender el problema, lo cual permite a los estudiantes involucrarse con las comunidades, pues les brinda la posibilidad de desarrollar procesos participativos desde la co-creaci\u00f3n. \u201cNo es llegar a la comunidad y hacer un proyecto, se tiene que contemplar dejar capacidades instaladas y asociatividad para que se den aprendizajes mutuos. Esas capacidades deben quedar instaladas en la comunidad para que puedan funcionar de manera aut\u00f3noma sin que tengan que llamar a un ingeniero o arquitecto todo el d\u00eda frente a un problema\u201d, se\u00f1al\u00f3.\u00a0<\/p>\n\n\n\n<p>Los procesos de implementaci\u00f3n de soluciones co-construidas con la comunidad permiten generar identidad al cambiar la realidad de un sector. \u201cEsto es posible gracias la implementaci\u00f3n de estrategias reales de participaci\u00f3n con el trabajo junto a ni\u00f1os, jefas de hogar, para comenzar a entender cu\u00e1les son sus necesidades y as\u00ed poder dise\u00f1ar en conjunto una soluci\u00f3n\u201d, destac\u00f3. <\/p>\n\n\n\n<p>Agreg\u00f3 que es fundamental dise\u00f1ar con la comunidad, pues de parte de ella existe claridad respecto a c\u00f3mo quieren que funcione cada proyecto. \u201cNosotros desde lo acad\u00e9mico somos la herramienta para que funcione desde lo t\u00e9cnico, sin embargo, no puedo dise\u00f1ar desde mi perspectiva porque estoy dise\u00f1ando para otras personas. Debemos entender que todos somos parte del proceso. Para ello, debo primero observar, escuchar lo que la comunidad quiere. Una vez traducida esa informaci\u00f3n, la transformamos y despu\u00e9s la validamos\u201d, relat\u00f3.\u00a0<\/p>\n\n\n\n<p>Tambi\u00e9n explic\u00f3 que desde el kit de herramientas basado en el \u201cdise\u00f1o centrado en las personas\u201d, los tres momentos clave son escuchar, crear y entregar (prototipos e implementaci\u00f3n). Desde las lecciones aprendidas, agreg\u00f3 que \u201ces clave trabajar con una comunidad organizada (organismos p\u00fablicos, ongs, fundaciones) para no hacer el trabajo doble\u201d.<\/p>\n\n\n\n<p>La grabaci\u00f3n completa del webinar est\u00e1 disponible en el sitio web <a href=\"https:\/\/uddtv.udd.cl\/streaming\/charla-herramientas-ciudadanas-e-ingenierias-comunitarias-experiencias-del-arquitecto-y-profesor-alejandro-vallejo-de-costa-rica\/\">https:\/\/uddtv.udd.cl\/streaming\/charla-herramientas-ciudadanas-e-ingenierias-comunitarias-experiencias-del-arquitecto-y-profesor-alejandro-vallejo-de-costa-rica\/<\/a><br><\/p>\n\n\n\n<p><strong>Experiencia de Alejandro Vallejo<\/strong><br>Alejandro es arquitecto de profesi\u00f3n de la Universidad Veritas. Actualmente es profesor del Curso interdisciplinario de la UDD \u201cInteligencias Ciudadanas\u201d y docente colaborador en talleres junto a la facultad de Arquitectura.\u00a0<br>Ganador de m\u00faltiples premios y reconocimientos a nivel internacional: Premio Young Architects Latin America, Bienal de Venecia 2018, Premio CICA a j\u00f3venes arquitectos en la Bienal Internacional de Buenos Aires 2017, Premio Bienal Internacional de Buenos Aires 2015, Gran Premio Bienal de Arquitectura\u00a0 y Premio Bienal Nacional en 2016 del CACR, y premio ICOMADERA del Instituto Costarricense de la Madera en 2016 y 2014, Premio en la Bienal Iberoamericana de Arquitectura y Urbanismo 2010, jurado, conferencista y profesor nacional e internacional en bienales, congresos y universidades de todo el mundo.<br><\/p>\n\n\n\n<figure class=\"wp-block-gallery columns-3 is-cropped wp-block-gallery-1 is-layout-flex wp-block-gallery-is-layout-flex\"><ul class=\"blocks-gallery-grid\"><li class=\"blocks-gallery-item\"><figure><img loading=\"lazy\" decoding=\"async\" width=\"960\" height=\"720\" src=\"https:\/\/ingenieria.udd.cl\/impactoudd\/files\/2021\/08\/WhatsApp-Image-2021-07-26-at-2.08.23-PM.jpeg\" alt=\"\" data-id=\"1492\" data-full-url=\"https:\/\/ingenieria.udd.cl\/impactoudd\/files\/2021\/08\/WhatsApp-Image-2021-07-26-at-2.08.23-PM.jpeg\" data-link=\"https:\/\/ingenieria.udd.cl\/impactoudd\/?attachment_id=1492\" class=\"wp-image-1492\" srcset=\"https:\/\/ingenieria.udd.cl\/impactoudd\/files\/2021\/08\/WhatsApp-Image-2021-07-26-at-2.08.23-PM.jpeg 960w, https:\/\/ingenieria.udd.cl\/impactoudd\/files\/2021\/08\/WhatsApp-Image-2021-07-26-at-2.08.23-PM-300x225.jpeg 300w, https:\/\/ingenieria.udd.cl\/impactoudd\/files\/2021\/08\/WhatsApp-Image-2021-07-26-at-2.08.23-PM-768x576.jpeg 768w\" sizes=\"auto, (max-width: 960px) 100vw, 960px\" \/><\/figure><\/li><li class=\"blocks-gallery-item\"><figure><img loading=\"lazy\" decoding=\"async\" width=\"1024\" height=\"768\" src=\"https:\/\/ingenieria.udd.cl\/impactoudd\/files\/2021\/08\/WhatsApp-Image-2021-07-26-at-2.08.24-PM-1024x768.jpeg\" alt=\"\" data-id=\"1493\" data-full-url=\"https:\/\/ingenieria.udd.cl\/impactoudd\/files\/2021\/08\/WhatsApp-Image-2021-07-26-at-2.08.24-PM.jpeg\" data-link=\"https:\/\/ingenieria.udd.cl\/impactoudd\/?attachment_id=1493\" class=\"wp-image-1493\" srcset=\"https:\/\/ingenieria.udd.cl\/impactoudd\/files\/2021\/08\/WhatsApp-Image-2021-07-26-at-2.08.24-PM-1024x768.jpeg 1024w, https:\/\/ingenieria.udd.cl\/impactoudd\/files\/2021\/08\/WhatsApp-Image-2021-07-26-at-2.08.24-PM-300x225.jpeg 300w, https:\/\/ingenieria.udd.cl\/impactoudd\/files\/2021\/08\/WhatsApp-Image-2021-07-26-at-2.08.24-PM-768x576.jpeg 768w, https:\/\/ingenieria.udd.cl\/impactoudd\/files\/2021\/08\/WhatsApp-Image-2021-07-26-at-2.08.24-PM.jpeg 1280w\" sizes=\"auto, (max-width: 1024px) 100vw, 1024px\" \/><\/figure><\/li><li class=\"blocks-gallery-item\"><figure><img loading=\"lazy\" decoding=\"async\" width=\"960\" height=\"718\" src=\"https:\/\/ingenieria.udd.cl\/impactoudd\/files\/2021\/08\/WhatsApp-Image-2021-07-26-at-2.08.25-PM.jpeg\" alt=\"\" data-id=\"1494\" data-full-url=\"https:\/\/ingenieria.udd.cl\/impactoudd\/files\/2021\/08\/WhatsApp-Image-2021-07-26-at-2.08.25-PM.jpeg\" data-link=\"https:\/\/ingenieria.udd.cl\/impactoudd\/?attachment_id=1494\" class=\"wp-image-1494\" srcset=\"https:\/\/ingenieria.udd.cl\/impactoudd\/files\/2021\/08\/WhatsApp-Image-2021-07-26-at-2.08.25-PM.jpeg 960w, https:\/\/ingenieria.udd.cl\/impactoudd\/files\/2021\/08\/WhatsApp-Image-2021-07-26-at-2.08.25-PM-300x224.jpeg 300w, https:\/\/ingenieria.udd.cl\/impactoudd\/files\/2021\/08\/WhatsApp-Image-2021-07-26-at-2.08.25-PM-768x574.jpeg 768w\" sizes=\"auto, (max-width: 960px) 100vw, 960px\" \/><\/figure><\/li><li class=\"blocks-gallery-item\"><figure><img loading=\"lazy\" decoding=\"async\" width=\"720\" height=\"447\" src=\"https:\/\/ingenieria.udd.cl\/impactoudd\/files\/2021\/08\/WhatsApp-Image-2021-07-26-at-2.08.23-PM-1.jpeg\" alt=\"\" data-id=\"1495\" data-full-url=\"https:\/\/ingenieria.udd.cl\/impactoudd\/files\/2021\/08\/WhatsApp-Image-2021-07-26-at-2.08.23-PM-1.jpeg\" data-link=\"https:\/\/ingenieria.udd.cl\/impactoudd\/?attachment_id=1495\" class=\"wp-image-1495\" srcset=\"https:\/\/ingenieria.udd.cl\/impactoudd\/files\/2021\/08\/WhatsApp-Image-2021-07-26-at-2.08.23-PM-1.jpeg 720w, https:\/\/ingenieria.udd.cl\/impactoudd\/files\/2021\/08\/WhatsApp-Image-2021-07-26-at-2.08.23-PM-1-300x186.jpeg 300w\" sizes=\"auto, (max-width: 720px) 100vw, 720px\" \/><\/figure><\/li><li class=\"blocks-gallery-item\"><figure><img loading=\"lazy\" decoding=\"async\" width=\"1024\" height=\"627\" src=\"https:\/\/ingenieria.udd.cl\/impactoudd\/files\/2021\/08\/Screen-Shot-2021-08-16-at-12.45.32-1024x627.png\" alt=\"\" data-id=\"1496\" data-full-url=\"https:\/\/ingenieria.udd.cl\/impactoudd\/files\/2021\/08\/Screen-Shot-2021-08-16-at-12.45.32.png\" data-link=\"https:\/\/ingenieria.udd.cl\/impactoudd\/?attachment_id=1496\" class=\"wp-image-1496\" srcset=\"https:\/\/ingenieria.udd.cl\/impactoudd\/files\/2021\/08\/Screen-Shot-2021-08-16-at-12.45.32-1024x627.png 1024w, https:\/\/ingenieria.udd.cl\/impactoudd\/files\/2021\/08\/Screen-Shot-2021-08-16-at-12.45.32-300x184.png 300w, https:\/\/ingenieria.udd.cl\/impactoudd\/files\/2021\/08\/Screen-Shot-2021-08-16-at-12.45.32-768x471.png 768w, https:\/\/ingenieria.udd.cl\/impactoudd\/files\/2021\/08\/Screen-Shot-2021-08-16-at-12.45.32-1536x941.png 1536w, https:\/\/ingenieria.udd.cl\/impactoudd\/files\/2021\/08\/Screen-Shot-2021-08-16-at-12.45.32-2048x1255.png 2048w\" sizes=\"auto, (max-width: 1024px) 100vw, 1024px\" \/><\/figure><\/li><li class=\"blocks-gallery-item\"><figure><img loading=\"lazy\" decoding=\"async\" width=\"1024\" height=\"779\" src=\"https:\/\/ingenieria.udd.cl\/impactoudd\/files\/2021\/08\/Screen-Shot-2021-08-16-at-12.02.57-1024x779.png\" alt=\"\" data-id=\"1497\" data-full-url=\"https:\/\/ingenieria.udd.cl\/impactoudd\/files\/2021\/08\/Screen-Shot-2021-08-16-at-12.02.57.png\" data-link=\"https:\/\/ingenieria.udd.cl\/impactoudd\/?attachment_id=1497\" class=\"wp-image-1497\" srcset=\"https:\/\/ingenieria.udd.cl\/impactoudd\/files\/2021\/08\/Screen-Shot-2021-08-16-at-12.02.57-1024x779.png 1024w, https:\/\/ingenieria.udd.cl\/impactoudd\/files\/2021\/08\/Screen-Shot-2021-08-16-at-12.02.57-300x228.png 300w, https:\/\/ingenieria.udd.cl\/impactoudd\/files\/2021\/08\/Screen-Shot-2021-08-16-at-12.02.57-768x584.png 768w, https:\/\/ingenieria.udd.cl\/impactoudd\/files\/2021\/08\/Screen-Shot-2021-08-16-at-12.02.57-1536x1168.png 1536w, https:\/\/ingenieria.udd.cl\/impactoudd\/files\/2021\/08\/Screen-Shot-2021-08-16-at-12.02.57.png 1594w\" sizes=\"auto, (max-width: 1024px) 100vw, 1024px\" \/><\/figure><\/li><\/ul><\/figure>\n","protected":false},"excerpt":{"rendered":"<p>ImpactoUDD de la Facultad de Ingenier\u00eda, junto a la Facultad de Arquitectura Sur Sur de la UDD y la Direcci\u00f3n de Direcci\u00f3n de Formaci\u00f3n Extradisciplinar de la UDD realizaron la charla \u201cHerramientas ciudadanas e ingenier\u00edas comunitarias: Experiencias del Arquitecto y profesor Alejandro Vallejo de Costa Rica\u201d oportunidad en la cual se dieron a conocer experiencias [&hellip;]<\/p>\n","protected":false},"author":9192223,"featured_media":1498,"comment_status":"open","ping_status":"open","sticky":false,"template":"","format":"standard","meta":{"footnotes":""},"categories":[7,6],"tags":[],"class_list":["post-1491","post","type-post","status-publish","format-standard","has-post-thumbnail","hentry","category-iinoticias","category-noticias-impacto"],"yoast_head":"<!-- This site is optimized with the Yoast SEO plugin v26.9 - https:\/\/yoast.com\/product\/yoast-seo-wordpress\/ -->\n<title>Webinar ImpactoUDD: arquitecto y profesor Alejandro Vallejo de Costa Rica dio conocer su experiencia de trabajo con comunidades \ufeff - Impacto UDD<\/title>\n<meta name=\"robots\" content=\"index, follow, max-snippet:-1, max-image-preview:large, max-video-preview:-1\" \/>\n<link rel=\"canonical\" href=\"https:\/\/ingenieria.udd.cl\/impactoudd\/2021\/08\/20\/webinar-impactoudd-charla-alejandro-vallejo\/\" \/>\n<meta property=\"og:locale\" content=\"es_ES\" \/>\n<meta property=\"og:type\" content=\"article\" \/>\n<meta property=\"og:title\" content=\"Webinar ImpactoUDD: arquitecto y profesor Alejandro Vallejo de Costa Rica dio conocer su experiencia de trabajo con comunidades \ufeff - Impacto UDD\" \/>\n<meta property=\"og:description\" content=\"ImpactoUDD de la Facultad de Ingenier\u00eda, junto a la Facultad de Arquitectura Sur Sur de la UDD y la Direcci\u00f3n de Direcci\u00f3n de Formaci\u00f3n Extradisciplinar de la UDD realizaron la charla \u201cHerramientas ciudadanas e ingenier\u00edas comunitarias: Experiencias del Arquitecto y profesor Alejandro Vallejo de Costa Rica\u201d oportunidad en la cual se dieron a conocer experiencias [&hellip;]\" \/>\n<meta property=\"og:url\" content=\"https:\/\/ingenieria.udd.cl\/impactoudd\/2021\/08\/20\/webinar-impactoudd-charla-alejandro-vallejo\/\" \/>\n<meta property=\"og:site_name\" content=\"Impacto UDD\" \/>\n<meta property=\"article:published_time\" content=\"2021-08-20T12:11:13+00:00\" \/>\n<meta property=\"article:modified_time\" content=\"2021-08-20T12:12:20+00:00\" \/>\n<meta property=\"og:image\" content=\"https:\/\/ingenieria.udd.cl\/impactoudd\/files\/2021\/08\/flyer-square-1.jpeg\" \/>\n\t<meta property=\"og:image:width\" content=\"1080\" \/>\n\t<meta property=\"og:image:height\" content=\"1080\" \/>\n\t<meta property=\"og:image:type\" content=\"image\/jpeg\" \/>\n<meta name=\"author\" content=\"pbreuer\" \/>\n<meta name=\"twitter:card\" content=\"summary_large_image\" \/>\n<meta name=\"twitter:label1\" content=\"Escrito por\" \/>\n\t<meta name=\"twitter:data1\" content=\"pbreuer\" \/>\n\t<meta name=\"twitter:label2\" content=\"Tiempo de lectura\" \/>\n\t<meta name=\"twitter:data2\" content=\"3 minutos\" \/>\n<script type=\"application\/ld+json\" class=\"yoast-schema-graph\">{\"@context\":\"https:\/\/schema.org\",\"@graph\":[{\"@type\":\"Article\",\"@id\":\"https:\/\/ingenieria.udd.cl\/impactoudd\/2021\/08\/20\/webinar-impactoudd-charla-alejandro-vallejo\/#article\",\"isPartOf\":{\"@id\":\"https:\/\/ingenieria.udd.cl\/impactoudd\/2021\/08\/20\/webinar-impactoudd-charla-alejandro-vallejo\/\"},\"author\":{\"name\":\"pbreuer\",\"@id\":\"https:\/\/ingenieria.udd.cl\/impactoudd\/#\/schema\/person\/1eef18c196c1c81df7fb8ff434641089\"},\"headline\":\"Webinar ImpactoUDD: arquitecto y profesor Alejandro Vallejo de Costa Rica dio conocer su experiencia de trabajo con comunidades \ufeff\",\"datePublished\":\"2021-08-20T12:11:13+00:00\",\"dateModified\":\"2021-08-20T12:12:20+00:00\",\"mainEntityOfPage\":{\"@id\":\"https:\/\/ingenieria.udd.cl\/impactoudd\/2021\/08\/20\/webinar-impactoudd-charla-alejandro-vallejo\/\"},\"wordCount\":667,\"commentCount\":0,\"image\":{\"@id\":\"https:\/\/ingenieria.udd.cl\/impactoudd\/2021\/08\/20\/webinar-impactoudd-charla-alejandro-vallejo\/#primaryimage\"},\"thumbnailUrl\":\"https:\/\/ingenieria.udd.cl\/impactoudd\/files\/2021\/08\/flyer-square-1.jpeg\",\"articleSection\":[\"iinoticias\",\"Noticias Impacto\"],\"inLanguage\":\"es\",\"potentialAction\":[{\"@type\":\"CommentAction\",\"name\":\"Comment\",\"target\":[\"https:\/\/ingenieria.udd.cl\/impactoudd\/2021\/08\/20\/webinar-impactoudd-charla-alejandro-vallejo\/#respond\"]}]},{\"@type\":\"WebPage\",\"@id\":\"https:\/\/ingenieria.udd.cl\/impactoudd\/2021\/08\/20\/webinar-impactoudd-charla-alejandro-vallejo\/\",\"url\":\"https:\/\/ingenieria.udd.cl\/impactoudd\/2021\/08\/20\/webinar-impactoudd-charla-alejandro-vallejo\/\",\"name\":\"Webinar ImpactoUDD: arquitecto y profesor Alejandro Vallejo de Costa Rica dio conocer su experiencia de trabajo con comunidades \ufeff - Impacto UDD\",\"isPartOf\":{\"@id\":\"https:\/\/ingenieria.udd.cl\/impactoudd\/#website\"},\"primaryImageOfPage\":{\"@id\":\"https:\/\/ingenieria.udd.cl\/impactoudd\/2021\/08\/20\/webinar-impactoudd-charla-alejandro-vallejo\/#primaryimage\"},\"image\":{\"@id\":\"https:\/\/ingenieria.udd.cl\/impactoudd\/2021\/08\/20\/webinar-impactoudd-charla-alejandro-vallejo\/#primaryimage\"},\"thumbnailUrl\":\"https:\/\/ingenieria.udd.cl\/impactoudd\/files\/2021\/08\/flyer-square-1.jpeg\",\"datePublished\":\"2021-08-20T12:11:13+00:00\",\"dateModified\":\"2021-08-20T12:12:20+00:00\",\"author\":{\"@id\":\"https:\/\/ingenieria.udd.cl\/impactoudd\/#\/schema\/person\/1eef18c196c1c81df7fb8ff434641089\"},\"breadcrumb\":{\"@id\":\"https:\/\/ingenieria.udd.cl\/impactoudd\/2021\/08\/20\/webinar-impactoudd-charla-alejandro-vallejo\/#breadcrumb\"},\"inLanguage\":\"es\",\"potentialAction\":[{\"@type\":\"ReadAction\",\"target\":[\"https:\/\/ingenieria.udd.cl\/impactoudd\/2021\/08\/20\/webinar-impactoudd-charla-alejandro-vallejo\/\"]}]},{\"@type\":\"ImageObject\",\"inLanguage\":\"es\",\"@id\":\"https:\/\/ingenieria.udd.cl\/impactoudd\/2021\/08\/20\/webinar-impactoudd-charla-alejandro-vallejo\/#primaryimage\",\"url\":\"https:\/\/ingenieria.udd.cl\/impactoudd\/files\/2021\/08\/flyer-square-1.jpeg\",\"contentUrl\":\"https:\/\/ingenieria.udd.cl\/impactoudd\/files\/2021\/08\/flyer-square-1.jpeg\",\"width\":1080,\"height\":1080},{\"@type\":\"BreadcrumbList\",\"@id\":\"https:\/\/ingenieria.udd.cl\/impactoudd\/2021\/08\/20\/webinar-impactoudd-charla-alejandro-vallejo\/#breadcrumb\",\"itemListElement\":[{\"@type\":\"ListItem\",\"position\":1,\"name\":\"Portada\",\"item\":\"https:\/\/ingenieria.udd.cl\/impactoudd\/\"},{\"@type\":\"ListItem\",\"position\":2,\"name\":\"Webinar ImpactoUDD: arquitecto y profesor Alejandro Vallejo de Costa Rica dio conocer su experiencia de trabajo con comunidades \ufeff\"}]},{\"@type\":\"WebSite\",\"@id\":\"https:\/\/ingenieria.udd.cl\/impactoudd\/#website\",\"url\":\"https:\/\/ingenieria.udd.cl\/impactoudd\/\",\"name\":\"Impacto UDD\",\"description\":\"Otro sitio m\u00e1s de Ingenieria\",\"inLanguage\":\"es\"},{\"@type\":\"Person\",\"@id\":\"https:\/\/ingenieria.udd.cl\/impactoudd\/#\/schema\/person\/1eef18c196c1c81df7fb8ff434641089\",\"name\":\"pbreuer\",\"image\":{\"@type\":\"ImageObject\",\"inLanguage\":\"es\",\"@id\":\"https:\/\/ingenieria.udd.cl\/impactoudd\/#\/schema\/person\/image\/\",\"url\":\"https:\/\/secure.gravatar.com\/avatar\/d57a8f0ed792691ec021fbbf675332d199c4490763ac14800f6fc2463339626d?s=96&d=mm&r=g\",\"contentUrl\":\"https:\/\/secure.gravatar.com\/avatar\/d57a8f0ed792691ec021fbbf675332d199c4490763ac14800f6fc2463339626d?s=96&d=mm&r=g\",\"caption\":\"pbreuer\"},\"url\":\"https:\/\/ingenieria.udd.cl\/impactoudd\/author\/pbreuer\/\"}]}<\/script>\n<!-- \/ Yoast SEO plugin. -->","yoast_head_json":{"title":"Webinar ImpactoUDD: arquitecto y profesor Alejandro Vallejo de Costa Rica dio conocer su experiencia de trabajo con comunidades \ufeff - Impacto UDD","robots":{"index":"index","follow":"follow","max-snippet":"max-snippet:-1","max-image-preview":"max-image-preview:large","max-video-preview":"max-video-preview:-1"},"canonical":"https:\/\/ingenieria.udd.cl\/impactoudd\/2021\/08\/20\/webinar-impactoudd-charla-alejandro-vallejo\/","og_locale":"es_ES","og_type":"article","og_title":"Webinar ImpactoUDD: arquitecto y profesor Alejandro Vallejo de Costa Rica dio conocer su experiencia de trabajo con comunidades \ufeff - Impacto UDD","og_description":"ImpactoUDD de la Facultad de Ingenier\u00eda, junto a la Facultad de Arquitectura Sur Sur de la UDD y la Direcci\u00f3n de Direcci\u00f3n de Formaci\u00f3n Extradisciplinar de la UDD realizaron la charla \u201cHerramientas ciudadanas e ingenier\u00edas comunitarias: Experiencias del Arquitecto y profesor Alejandro Vallejo de Costa Rica\u201d oportunidad en la cual se dieron a conocer experiencias [&hellip;]","og_url":"https:\/\/ingenieria.udd.cl\/impactoudd\/2021\/08\/20\/webinar-impactoudd-charla-alejandro-vallejo\/","og_site_name":"Impacto UDD","article_published_time":"2021-08-20T12:11:13+00:00","article_modified_time":"2021-08-20T12:12:20+00:00","og_image":[{"width":1080,"height":1080,"url":"https:\/\/ingenieria.udd.cl\/impactoudd\/files\/2021\/08\/flyer-square-1.jpeg","type":"image\/jpeg"}],"author":"pbreuer","twitter_card":"summary_large_image","twitter_misc":{"Escrito por":"pbreuer","Tiempo de lectura":"3 minutos"},"schema":{"@context":"https:\/\/schema.org","@graph":[{"@type":"Article","@id":"https:\/\/ingenieria.udd.cl\/impactoudd\/2021\/08\/20\/webinar-impactoudd-charla-alejandro-vallejo\/#article","isPartOf":{"@id":"https:\/\/ingenieria.udd.cl\/impactoudd\/2021\/08\/20\/webinar-impactoudd-charla-alejandro-vallejo\/"},"author":{"name":"pbreuer","@id":"https:\/\/ingenieria.udd.cl\/impactoudd\/#\/schema\/person\/1eef18c196c1c81df7fb8ff434641089"},"headline":"Webinar ImpactoUDD: arquitecto y profesor Alejandro Vallejo de Costa Rica dio conocer su experiencia de trabajo con comunidades \ufeff","datePublished":"2021-08-20T12:11:13+00:00","dateModified":"2021-08-20T12:12:20+00:00","mainEntityOfPage":{"@id":"https:\/\/ingenieria.udd.cl\/impactoudd\/2021\/08\/20\/webinar-impactoudd-charla-alejandro-vallejo\/"},"wordCount":667,"commentCount":0,"image":{"@id":"https:\/\/ingenieria.udd.cl\/impactoudd\/2021\/08\/20\/webinar-impactoudd-charla-alejandro-vallejo\/#primaryimage"},"thumbnailUrl":"https:\/\/ingenieria.udd.cl\/impactoudd\/files\/2021\/08\/flyer-square-1.jpeg","articleSection":["iinoticias","Noticias Impacto"],"inLanguage":"es","potentialAction":[{"@type":"CommentAction","name":"Comment","target":["https:\/\/ingenieria.udd.cl\/impactoudd\/2021\/08\/20\/webinar-impactoudd-charla-alejandro-vallejo\/#respond"]}]},{"@type":"WebPage","@id":"https:\/\/ingenieria.udd.cl\/impactoudd\/2021\/08\/20\/webinar-impactoudd-charla-alejandro-vallejo\/","url":"https:\/\/ingenieria.udd.cl\/impactoudd\/2021\/08\/20\/webinar-impactoudd-charla-alejandro-vallejo\/","name":"Webinar ImpactoUDD: arquitecto y profesor Alejandro Vallejo de Costa Rica dio conocer su experiencia de trabajo con comunidades \ufeff - Impacto UDD","isPartOf":{"@id":"https:\/\/ingenieria.udd.cl\/impactoudd\/#website"},"primaryImageOfPage":{"@id":"https:\/\/ingenieria.udd.cl\/impactoudd\/2021\/08\/20\/webinar-impactoudd-charla-alejandro-vallejo\/#primaryimage"},"image":{"@id":"https:\/\/ingenieria.udd.cl\/impactoudd\/2021\/08\/20\/webinar-impactoudd-charla-alejandro-vallejo\/#primaryimage"},"thumbnailUrl":"https:\/\/ingenieria.udd.cl\/impactoudd\/files\/2021\/08\/flyer-square-1.jpeg","datePublished":"2021-08-20T12:11:13+00:00","dateModified":"2021-08-20T12:12:20+00:00","author":{"@id":"https:\/\/ingenieria.udd.cl\/impactoudd\/#\/schema\/person\/1eef18c196c1c81df7fb8ff434641089"},"breadcrumb":{"@id":"https:\/\/ingenieria.udd.cl\/impactoudd\/2021\/08\/20\/webinar-impactoudd-charla-alejandro-vallejo\/#breadcrumb"},"inLanguage":"es","potentialAction":[{"@type":"ReadAction","target":["https:\/\/ingenieria.udd.cl\/impactoudd\/2021\/08\/20\/webinar-impactoudd-charla-alejandro-vallejo\/"]}]},{"@type":"ImageObject","inLanguage":"es","@id":"https:\/\/ingenieria.udd.cl\/impactoudd\/2021\/08\/20\/webinar-impactoudd-charla-alejandro-vallejo\/#primaryimage","url":"https:\/\/ingenieria.udd.cl\/impactoudd\/files\/2021\/08\/flyer-square-1.jpeg","contentUrl":"https:\/\/ingenieria.udd.cl\/impactoudd\/files\/2021\/08\/flyer-square-1.jpeg","width":1080,"height":1080},{"@type":"BreadcrumbList","@id":"https:\/\/ingenieria.udd.cl\/impactoudd\/2021\/08\/20\/webinar-impactoudd-charla-alejandro-vallejo\/#breadcrumb","itemListElement":[{"@type":"ListItem","position":1,"name":"Portada","item":"https:\/\/ingenieria.udd.cl\/impactoudd\/"},{"@type":"ListItem","position":2,"name":"Webinar ImpactoUDD: arquitecto y profesor Alejandro Vallejo de Costa Rica dio conocer su experiencia de trabajo con comunidades \ufeff"}]},{"@type":"WebSite","@id":"https:\/\/ingenieria.udd.cl\/impactoudd\/#website","url":"https:\/\/ingenieria.udd.cl\/impactoudd\/","name":"Impacto UDD","description":"Otro sitio m\u00e1s de Ingenieria","inLanguage":"es"},{"@type":"Person","@id":"https:\/\/ingenieria.udd.cl\/impactoudd\/#\/schema\/person\/1eef18c196c1c81df7fb8ff434641089","name":"pbreuer","image":{"@type":"ImageObject","inLanguage":"es","@id":"https:\/\/ingenieria.udd.cl\/impactoudd\/#\/schema\/person\/image\/","url":"https:\/\/secure.gravatar.com\/avatar\/d57a8f0ed792691ec021fbbf675332d199c4490763ac14800f6fc2463339626d?s=96&d=mm&r=g","contentUrl":"https:\/\/secure.gravatar.com\/avatar\/d57a8f0ed792691ec021fbbf675332d199c4490763ac14800f6fc2463339626d?s=96&d=mm&r=g","caption":"pbreuer"},"url":"https:\/\/ingenieria.udd.cl\/impactoudd\/author\/pbreuer\/"}]}},"featured_image_url":"https:\/\/ingenieria.udd.cl\/impactoudd\/files\/2021\/08\/flyer-square-1.jpeg","_links":{"self":[{"href":"https:\/\/ingenieria.udd.cl\/impactoudd\/wp-json\/wp\/v2\/posts\/1491","targetHints":{"allow":["GET"]}}],"collection":[{"href":"https:\/\/ingenieria.udd.cl\/impactoudd\/wp-json\/wp\/v2\/posts"}],"about":[{"href":"https:\/\/ingenieria.udd.cl\/impactoudd\/wp-json\/wp\/v2\/types\/post"}],"author":[{"embeddable":true,"href":"https:\/\/ingenieria.udd.cl\/impactoudd\/wp-json\/wp\/v2\/users\/9192223"}],"replies":[{"embeddable":true,"href":"https:\/\/ingenieria.udd.cl\/impactoudd\/wp-json\/wp\/v2\/comments?post=1491"}],"version-history":[{"count":1,"href":"https:\/\/ingenieria.udd.cl\/impactoudd\/wp-json\/wp\/v2\/posts\/1491\/revisions"}],"predecessor-version":[{"id":1499,"href":"https:\/\/ingenieria.udd.cl\/impactoudd\/wp-json\/wp\/v2\/posts\/1491\/revisions\/1499"}],"wp:featuredmedia":[{"embeddable":true,"href":"https:\/\/ingenieria.udd.cl\/impactoudd\/wp-json\/wp\/v2\/media\/1498"}],"wp:attachment":[{"href":"https:\/\/ingenieria.udd.cl\/impactoudd\/wp-json\/wp\/v2\/media?parent=1491"}],"wp:term":[{"taxonomy":"category","embeddable":true,"href":"https:\/\/ingenieria.udd.cl\/impactoudd\/wp-json\/wp\/v2\/categories?post=1491"},{"taxonomy":"post_tag","embeddable":true,"href":"https:\/\/ingenieria.udd.cl\/impactoudd\/wp-json\/wp\/v2\/tags?post=1491"}],"curies":[{"name":"wp","href":"https:\/\/api.w.org\/{rel}","templated":true}]}}