{"id":1514,"date":"2021-09-13T20:00:30","date_gmt":"2021-09-13T18:00:30","guid":{"rendered":"https:\/\/ingenieria.udd.cl\/impactoudd\/?p=1514"},"modified":"2021-09-21T15:45:00","modified_gmt":"2021-09-21T13:45:00","slug":"impactoudd-proyecto-protectora-de-la-infancia-sustenta-la-infancia","status":"publish","type":"post","link":"https:\/\/ingenieria.udd.cl\/impactoudd\/2021\/09\/13\/impactoudd-proyecto-protectora-de-la-infancia-sustenta-la-infancia\/","title":{"rendered":"ImpactoUDD lanz\u00f3 construcci\u00f3n de Centro de Acopio en la Protectora de la Infancia en Puente Alto \ufeff"},"content":{"rendered":"\n<p><em>Estudiantes de ImpactoUDD est\u00e1n dise\u00f1ando e implementando un espacio de gesti\u00f3n de residuos,constituido principalmente por latas, papeles, Pet1 y tetrapack.&nbsp;<\/em><\/p>\n\n\n\n<p>El proyecto de ImpactoUDD, Sustenta la Infancia que se desarrolla junto a Fundaci\u00f3n Protectora de la Infancia, se realiza desde el a\u00f1o 2020, a trav\u00e9s de su programa social de Puente Alto. La iniciativa consiste en desarrollar una soluci\u00f3n sustentable a sus procesos de gesti\u00f3n de los residuos, para ello se propuso desde los estudiantes crear una isla de reciclaje, que posee tres contenedores y un punto de acopio, donde se almacenan los materiales que se reciclar\u00e1n.<\/p>\n\n\n\n<p>Domingo Err\u00e1zuriz, gerente de comunicaciones de la Protectora de Infancia, destac\u00f3 que el proyecto Sustenta la Infancia es muy importante porque genera valor para la comunidad. \u201cEstamos impulsando, desde la interdisciplina, proyectos de medio ambiente que han sido de mucho valor, logrando una estrategia de log\u00edstica, sistemas de reciclaje y las campa\u00f1as educacionales. De alguna manera estamos logrando cambiar la cultura\u201d. Agreg\u00f3 que \u201cpara nosotros es clave trabajar teniendo como base esta alianza entre la Protectora de la infancia e ImpactoUDD de la Facultad de Ingenier\u00eda, porque se logra desarrollar iniciativas de largo plazo con programas que benefician a distintas comunas del pa\u00eds.<\/p>\n\n\n\n<figure class=\"wp-block-embed-youtube wp-block-embed is-type-video is-provider-youtube wp-embed-aspect-16-9 wp-has-aspect-ratio\"><div class=\"wp-block-embed__wrapper\">\n<iframe loading=\"lazy\" title=\"Proyecto ImpactoUDD &quot;Sustenta la Infancia&quot;, Entrevista a Domingo Err\u00e1zuriz\" width=\"500\" height=\"281\" src=\"https:\/\/www.youtube.com\/embed\/VSCDuaKC56A?feature=oembed\" frameborder=\"0\" allow=\"accelerometer; autoplay; clipboard-write; encrypted-media; gyroscope; picture-in-picture; web-share\" referrerpolicy=\"strict-origin-when-cross-origin\" allowfullscreen><\/iframe>\n<\/div><\/figure>\n\n\n\n<p>Valentina Andrade, una de las coordinadoras estudiantiles de ImpactoUDD y l\u00edder del proyecto Sustenta la Infancia, se\u00f1al\u00f3 que la iniciativa se encuentra en la fase de pilotaje, destacando el hecho de crear una soluci\u00f3n de impacto desde cero entre estudiantes que no se conocieron presencialmente el a\u00f1o pasado. \u201cPartimos en pandemia, por lo cual el equipo se form\u00f3 sin conocernos. De alguna manera \u00e9ramos todas las personas nuevas de la facultad\u201d. Agreg\u00f3 que el proceso se desarroll\u00f3 de manera integrada con el equipo de profesionales de la Protectora de la infancia y a partir de las necesidades planteadas. \u201cTras conocer a la comunidad, logramos desarrollar una soluci\u00f3n que se adapta a su necesidad y que logra generar un impacto tanto en sus procesos como en la educaci\u00f3n ambiental\u201d, se\u00f1al\u00f3. \u201cPara nosotros ha sido importante este proyecto porque estamos enfocados en crear una propuesta que cuide el medio ambiente, permitiendo generar ambientes m\u00e1s verdes y sustentables&#8230;Es importante esta iniciativa porque estamos inculcando h\u00e1bitos desde el n\u00facleo familiar y as\u00ed se da a conocer el ciclo del proceso de reciclaje\u201d, indic\u00f3.<\/p>\n\n\n\n<figure class=\"wp-block-embed-youtube wp-block-embed is-type-video is-provider-youtube wp-embed-aspect-16-9 wp-has-aspect-ratio\"><div class=\"wp-block-embed__wrapper\">\n<iframe loading=\"lazy\" title=\"Proyecto de ImpactoUDD &quot;Sustenta la Infancia&quot; junto a la Fundaci\u00f3n Protectora de la Infancia\" width=\"500\" height=\"281\" src=\"https:\/\/www.youtube.com\/embed\/JMy1ysU0__w?feature=oembed\" frameborder=\"0\" allow=\"accelerometer; autoplay; clipboard-write; encrypted-media; gyroscope; picture-in-picture; web-share\" referrerpolicy=\"strict-origin-when-cross-origin\" allowfullscreen><\/iframe>\n<\/div><\/figure>\n\n\n\n<p>Valentina Flores, mentora de ImpactoUDD, destac\u00f3 que se logr\u00f3 concretar el proyecto considerando el contexto de pandemia en el cual nos encontramos. \u201cLa idea de este sistema de reciclaje es que podamos llegar a ni\u00f1as y ni\u00f1os que son parte del programa con un proceso educativo que les permita comprender la importancia de cuidar el medio ambiente a partir de la gesti\u00f3n de estos residuos que ya no terminar\u00e1n en basurales. Valor\u00f3 adem\u00e1s que la metodolog\u00eda utilizada en ImpactoUDD logr\u00f3 cohesionar el equipo y lo cual se traduce en obtener muy buenos resultados\u201d.&nbsp;<br><\/p>\n\n\n\n<p>Finalmente, el estudiante de ImpactoUDD Benjam\u00edn Melo, invit\u00f3 a toda la comunidad de estudiantes de la Universidad del Desarrollo para sumarse a los proyectos de ImpactoUDD y as\u00ed generar contribuir a una sociedad mucho m\u00e1s sustentable y sostenible.<\/p>\n\n\n\n<figure class=\"wp-block-embed-youtube wp-block-embed is-type-video is-provider-youtube wp-embed-aspect-16-9 wp-has-aspect-ratio\"><div class=\"wp-block-embed__wrapper\">\n<iframe loading=\"lazy\" title=\"Proyecto ImpactoUDDD &quot;Sustenta la Infancia&quot;  - Testimonio de estudiante Benjami\u0301n Melo\" width=\"500\" height=\"281\" src=\"https:\/\/www.youtube.com\/embed\/AhKu4e0QUPA?feature=oembed\" frameborder=\"0\" allow=\"accelerometer; autoplay; clipboard-write; encrypted-media; gyroscope; picture-in-picture; web-share\" referrerpolicy=\"strict-origin-when-cross-origin\" allowfullscreen><\/iframe>\n<\/div><\/figure>\n\n\n\n<figure class=\"wp-block-gallery columns-4 is-cropped wp-block-gallery-1 is-layout-flex wp-block-gallery-is-layout-flex\"><ul class=\"blocks-gallery-grid\"><li class=\"blocks-gallery-item\"><figure><img loading=\"lazy\" decoding=\"async\" width=\"1024\" height=\"683\" src=\"https:\/\/ingenieria.udd.cl\/impactoudd\/files\/2021\/09\/IMG_5639-1024x683.jpg\" alt=\"\" data-id=\"1521\" data-full-url=\"https:\/\/ingenieria.udd.cl\/impactoudd\/files\/2021\/09\/IMG_5639-scaled.jpg\" data-link=\"https:\/\/ingenieria.udd.cl\/impactoudd\/2021\/09\/13\/impactoudd-lanzo-construccion-de-centro-de-acopio-en-la-protectora-de-la-infancia-en-puente-alto-%ef%bb%bf\/img_5639\/\" class=\"wp-image-1521\" srcset=\"https:\/\/ingenieria.udd.cl\/impactoudd\/files\/2021\/09\/IMG_5639-1024x683.jpg 1024w, https:\/\/ingenieria.udd.cl\/impactoudd\/files\/2021\/09\/IMG_5639-300x200.jpg 300w, https:\/\/ingenieria.udd.cl\/impactoudd\/files\/2021\/09\/IMG_5639-768x512.jpg 768w, https:\/\/ingenieria.udd.cl\/impactoudd\/files\/2021\/09\/IMG_5639-1536x1024.jpg 1536w, https:\/\/ingenieria.udd.cl\/impactoudd\/files\/2021\/09\/IMG_5639-2048x1365.jpg 2048w\" sizes=\"auto, (max-width: 1024px) 100vw, 1024px\" \/><\/figure><\/li><li class=\"blocks-gallery-item\"><figure><img loading=\"lazy\" decoding=\"async\" width=\"1024\" height=\"683\" src=\"https:\/\/ingenieria.udd.cl\/impactoudd\/files\/2021\/09\/IMG_5569-1024x683.jpg\" alt=\"\" data-id=\"1520\" data-full-url=\"https:\/\/ingenieria.udd.cl\/impactoudd\/files\/2021\/09\/IMG_5569-scaled.jpg\" data-link=\"https:\/\/ingenieria.udd.cl\/impactoudd\/2021\/09\/13\/impactoudd-lanzo-construccion-de-centro-de-acopio-en-la-protectora-de-la-infancia-en-puente-alto-%ef%bb%bf\/img_5569\/\" class=\"wp-image-1520\" srcset=\"https:\/\/ingenieria.udd.cl\/impactoudd\/files\/2021\/09\/IMG_5569-1024x683.jpg 1024w, https:\/\/ingenieria.udd.cl\/impactoudd\/files\/2021\/09\/IMG_5569-300x200.jpg 300w, https:\/\/ingenieria.udd.cl\/impactoudd\/files\/2021\/09\/IMG_5569-768x512.jpg 768w, https:\/\/ingenieria.udd.cl\/impactoudd\/files\/2021\/09\/IMG_5569-1536x1024.jpg 1536w, https:\/\/ingenieria.udd.cl\/impactoudd\/files\/2021\/09\/IMG_5569-2048x1365.jpg 2048w\" sizes=\"auto, (max-width: 1024px) 100vw, 1024px\" \/><\/figure><\/li><li class=\"blocks-gallery-item\"><figure><img loading=\"lazy\" decoding=\"async\" width=\"1024\" height=\"683\" src=\"https:\/\/ingenieria.udd.cl\/impactoudd\/files\/2021\/09\/IMG_5575-1024x683.jpg\" alt=\"\" data-id=\"1519\" data-full-url=\"https:\/\/ingenieria.udd.cl\/impactoudd\/files\/2021\/09\/IMG_5575-scaled.jpg\" data-link=\"https:\/\/ingenieria.udd.cl\/impactoudd\/2021\/09\/13\/impactoudd-lanzo-construccion-de-centro-de-acopio-en-la-protectora-de-la-infancia-en-puente-alto-%ef%bb%bf\/img_5575\/\" class=\"wp-image-1519\" srcset=\"https:\/\/ingenieria.udd.cl\/impactoudd\/files\/2021\/09\/IMG_5575-1024x683.jpg 1024w, https:\/\/ingenieria.udd.cl\/impactoudd\/files\/2021\/09\/IMG_5575-300x200.jpg 300w, https:\/\/ingenieria.udd.cl\/impactoudd\/files\/2021\/09\/IMG_5575-768x512.jpg 768w, https:\/\/ingenieria.udd.cl\/impactoudd\/files\/2021\/09\/IMG_5575-1536x1024.jpg 1536w, https:\/\/ingenieria.udd.cl\/impactoudd\/files\/2021\/09\/IMG_5575-2048x1365.jpg 2048w\" sizes=\"auto, (max-width: 1024px) 100vw, 1024px\" \/><\/figure><\/li><li class=\"blocks-gallery-item\"><figure><img loading=\"lazy\" decoding=\"async\" width=\"1024\" height=\"683\" src=\"https:\/\/ingenieria.udd.cl\/impactoudd\/files\/2021\/09\/IMG_5597-1024x683.jpg\" alt=\"\" data-id=\"1524\" data-full-url=\"https:\/\/ingenieria.udd.cl\/impactoudd\/files\/2021\/09\/IMG_5597-scaled.jpg\" data-link=\"https:\/\/ingenieria.udd.cl\/impactoudd\/2021\/09\/13\/impactoudd-lanzo-construccion-de-centro-de-acopio-en-la-protectora-de-la-infancia-en-puente-alto-%ef%bb%bf\/img_5597\/\" class=\"wp-image-1524\" srcset=\"https:\/\/ingenieria.udd.cl\/impactoudd\/files\/2021\/09\/IMG_5597-1024x683.jpg 1024w, https:\/\/ingenieria.udd.cl\/impactoudd\/files\/2021\/09\/IMG_5597-300x200.jpg 300w, https:\/\/ingenieria.udd.cl\/impactoudd\/files\/2021\/09\/IMG_5597-768x512.jpg 768w, https:\/\/ingenieria.udd.cl\/impactoudd\/files\/2021\/09\/IMG_5597-1536x1024.jpg 1536w, https:\/\/ingenieria.udd.cl\/impactoudd\/files\/2021\/09\/IMG_5597-2048x1365.jpg 2048w\" sizes=\"auto, (max-width: 1024px) 100vw, 1024px\" \/><\/figure><\/li><li class=\"blocks-gallery-item\"><figure><img loading=\"lazy\" decoding=\"async\" width=\"683\" height=\"1024\" src=\"https:\/\/ingenieria.udd.cl\/impactoudd\/files\/2021\/09\/IMG_5513-1-683x1024.jpg\" alt=\"\" data-id=\"1531\" data-full-url=\"https:\/\/ingenieria.udd.cl\/impactoudd\/files\/2021\/09\/IMG_5513-1-scaled.jpg\" data-link=\"https:\/\/ingenieria.udd.cl\/impactoudd\/2021\/09\/13\/impactoudd-lanzo-construccion-de-centro-de-acopio-en-la-protectora-de-la-infancia-en-puente-alto-%ef%bb%bf\/img_5513-2\/\" class=\"wp-image-1531\" srcset=\"https:\/\/ingenieria.udd.cl\/impactoudd\/files\/2021\/09\/IMG_5513-1-683x1024.jpg 683w, https:\/\/ingenieria.udd.cl\/impactoudd\/files\/2021\/09\/IMG_5513-1-200x300.jpg 200w, https:\/\/ingenieria.udd.cl\/impactoudd\/files\/2021\/09\/IMG_5513-1-768x1152.jpg 768w, https:\/\/ingenieria.udd.cl\/impactoudd\/files\/2021\/09\/IMG_5513-1-1024x1536.jpg 1024w, https:\/\/ingenieria.udd.cl\/impactoudd\/files\/2021\/09\/IMG_5513-1-1365x2048.jpg 1365w, https:\/\/ingenieria.udd.cl\/impactoudd\/files\/2021\/09\/IMG_5513-1-scaled.jpg 1707w\" sizes=\"auto, (max-width: 683px) 100vw, 683px\" \/><\/figure><\/li><li class=\"blocks-gallery-item\"><figure><img loading=\"lazy\" decoding=\"async\" width=\"1024\" height=\"683\" src=\"https:\/\/ingenieria.udd.cl\/impactoudd\/files\/2021\/09\/IMG_5597-1-1024x683.jpg\" alt=\"\" data-id=\"1537\" data-full-url=\"https:\/\/ingenieria.udd.cl\/impactoudd\/files\/2021\/09\/IMG_5597-1-scaled.jpg\" data-link=\"https:\/\/ingenieria.udd.cl\/impactoudd\/2021\/09\/13\/impactoudd-lanzo-construccion-de-centro-de-acopio-en-la-protectora-de-la-infancia-en-puente-alto-%ef%bb%bf\/img_5597-2\/\" class=\"wp-image-1537\" srcset=\"https:\/\/ingenieria.udd.cl\/impactoudd\/files\/2021\/09\/IMG_5597-1-1024x683.jpg 1024w, https:\/\/ingenieria.udd.cl\/impactoudd\/files\/2021\/09\/IMG_5597-1-300x200.jpg 300w, https:\/\/ingenieria.udd.cl\/impactoudd\/files\/2021\/09\/IMG_5597-1-768x512.jpg 768w, https:\/\/ingenieria.udd.cl\/impactoudd\/files\/2021\/09\/IMG_5597-1-1536x1024.jpg 1536w, https:\/\/ingenieria.udd.cl\/impactoudd\/files\/2021\/09\/IMG_5597-1-2048x1365.jpg 2048w\" sizes=\"auto, (max-width: 1024px) 100vw, 1024px\" \/><\/figure><\/li><li class=\"blocks-gallery-item\"><figure><img loading=\"lazy\" decoding=\"async\" width=\"683\" height=\"1024\" src=\"https:\/\/ingenieria.udd.cl\/impactoudd\/files\/2021\/09\/IMG_5535-1-683x1024.jpg\" alt=\"\" data-id=\"1533\" data-full-url=\"https:\/\/ingenieria.udd.cl\/impactoudd\/files\/2021\/09\/IMG_5535-1-scaled.jpg\" data-link=\"https:\/\/ingenieria.udd.cl\/impactoudd\/2021\/09\/13\/impactoudd-lanzo-construccion-de-centro-de-acopio-en-la-protectora-de-la-infancia-en-puente-alto-%ef%bb%bf\/img_5535-2\/\" class=\"wp-image-1533\" srcset=\"https:\/\/ingenieria.udd.cl\/impactoudd\/files\/2021\/09\/IMG_5535-1-683x1024.jpg 683w, https:\/\/ingenieria.udd.cl\/impactoudd\/files\/2021\/09\/IMG_5535-1-200x300.jpg 200w, https:\/\/ingenieria.udd.cl\/impactoudd\/files\/2021\/09\/IMG_5535-1-768x1152.jpg 768w, https:\/\/ingenieria.udd.cl\/impactoudd\/files\/2021\/09\/IMG_5535-1-1024x1536.jpg 1024w, https:\/\/ingenieria.udd.cl\/impactoudd\/files\/2021\/09\/IMG_5535-1-1365x2048.jpg 1365w, https:\/\/ingenieria.udd.cl\/impactoudd\/files\/2021\/09\/IMG_5535-1-scaled.jpg 1707w\" sizes=\"auto, (max-width: 683px) 100vw, 683px\" \/><\/figure><\/li><li class=\"blocks-gallery-item\"><figure><img loading=\"lazy\" decoding=\"async\" width=\"683\" height=\"1024\" src=\"https:\/\/ingenieria.udd.cl\/impactoudd\/files\/2021\/09\/IMG_5593-683x1024.jpg\" alt=\"\" data-id=\"1529\" data-full-url=\"https:\/\/ingenieria.udd.cl\/impactoudd\/files\/2021\/09\/IMG_5593-scaled.jpg\" data-link=\"https:\/\/ingenieria.udd.cl\/impactoudd\/2021\/09\/13\/impactoudd-lanzo-construccion-de-centro-de-acopio-en-la-protectora-de-la-infancia-en-puente-alto-%ef%bb%bf\/img_5593\/\" class=\"wp-image-1529\" srcset=\"https:\/\/ingenieria.udd.cl\/impactoudd\/files\/2021\/09\/IMG_5593-683x1024.jpg 683w, https:\/\/ingenieria.udd.cl\/impactoudd\/files\/2021\/09\/IMG_5593-200x300.jpg 200w, https:\/\/ingenieria.udd.cl\/impactoudd\/files\/2021\/09\/IMG_5593-768x1152.jpg 768w, https:\/\/ingenieria.udd.cl\/impactoudd\/files\/2021\/09\/IMG_5593-1024x1536.jpg 1024w, https:\/\/ingenieria.udd.cl\/impactoudd\/files\/2021\/09\/IMG_5593-1365x2048.jpg 1365w, https:\/\/ingenieria.udd.cl\/impactoudd\/files\/2021\/09\/IMG_5593-scaled.jpg 1707w\" sizes=\"auto, (max-width: 683px) 100vw, 683px\" \/><\/figure><\/li><li class=\"blocks-gallery-item\"><figure><img loading=\"lazy\" decoding=\"async\" width=\"1024\" height=\"683\" src=\"https:\/\/ingenieria.udd.cl\/impactoudd\/files\/2021\/09\/IMG_5538-1024x683.jpg\" alt=\"\" data-id=\"1527\" data-full-url=\"https:\/\/ingenieria.udd.cl\/impactoudd\/files\/2021\/09\/IMG_5538-scaled.jpg\" data-link=\"https:\/\/ingenieria.udd.cl\/impactoudd\/2021\/09\/13\/impactoudd-lanzo-construccion-de-centro-de-acopio-en-la-protectora-de-la-infancia-en-puente-alto-%ef%bb%bf\/img_5538\/\" class=\"wp-image-1527\" srcset=\"https:\/\/ingenieria.udd.cl\/impactoudd\/files\/2021\/09\/IMG_5538-1024x683.jpg 1024w, https:\/\/ingenieria.udd.cl\/impactoudd\/files\/2021\/09\/IMG_5538-300x200.jpg 300w, https:\/\/ingenieria.udd.cl\/impactoudd\/files\/2021\/09\/IMG_5538-768x512.jpg 768w, https:\/\/ingenieria.udd.cl\/impactoudd\/files\/2021\/09\/IMG_5538-1536x1024.jpg 1536w, https:\/\/ingenieria.udd.cl\/impactoudd\/files\/2021\/09\/IMG_5538-2048x1365.jpg 2048w\" sizes=\"auto, (max-width: 1024px) 100vw, 1024px\" \/><\/figure><\/li><\/ul><\/figure>\n","protected":false},"excerpt":{"rendered":"<p>Estudiantes de ImpactoUDD est\u00e1n dise\u00f1ando e implementando un espacio de gesti\u00f3n de residuos,constituido principalmente por latas, papeles, Pet1 y tetrapack.&nbsp; El proyecto de ImpactoUDD, Sustenta la Infancia que se desarrolla junto a Fundaci\u00f3n Protectora de la Infancia, se realiza desde el a\u00f1o 2020, a trav\u00e9s de su programa social de Puente Alto. La iniciativa consiste [&hellip;]<\/p>\n","protected":false},"author":9192223,"featured_media":1521,"comment_status":"open","ping_status":"open","sticky":false,"template":"","format":"standard","meta":{"footnotes":""},"categories":[9,7,8],"tags":[],"class_list":["post-1514","post","type-post","status-publish","format-standard","has-post-thumbnail","hentry","category-c","category-iinoticias","category-impactouddglobal"],"yoast_head":"<!-- This site is optimized with the Yoast SEO plugin v26.9 - https:\/\/yoast.com\/product\/yoast-seo-wordpress\/ -->\n<title>ImpactoUDD lanz\u00f3 construcci\u00f3n de Centro de Acopio en la Protectora de la Infancia en Puente Alto \ufeff - Impacto UDD<\/title>\n<meta name=\"robots\" content=\"index, follow, max-snippet:-1, max-image-preview:large, max-video-preview:-1\" \/>\n<link rel=\"canonical\" href=\"https:\/\/ingenieria.udd.cl\/impactoudd\/2021\/09\/13\/impactoudd-proyecto-protectora-de-la-infancia-sustenta-la-infancia\/\" \/>\n<meta property=\"og:locale\" content=\"es_ES\" \/>\n<meta property=\"og:type\" content=\"article\" \/>\n<meta property=\"og:title\" content=\"ImpactoUDD lanz\u00f3 construcci\u00f3n de Centro de Acopio en la Protectora de la Infancia en Puente Alto \ufeff - Impacto UDD\" \/>\n<meta property=\"og:description\" content=\"Estudiantes de ImpactoUDD est\u00e1n dise\u00f1ando e implementando un espacio de gesti\u00f3n de residuos,constituido principalmente por latas, papeles, Pet1 y tetrapack.&nbsp; El proyecto de ImpactoUDD, Sustenta la Infancia que se desarrolla junto a Fundaci\u00f3n Protectora de la Infancia, se realiza desde el a\u00f1o 2020, a trav\u00e9s de su programa social de Puente Alto. La iniciativa consiste [&hellip;]\" \/>\n<meta property=\"og:url\" content=\"https:\/\/ingenieria.udd.cl\/impactoudd\/2021\/09\/13\/impactoudd-proyecto-protectora-de-la-infancia-sustenta-la-infancia\/\" \/>\n<meta property=\"og:site_name\" content=\"Impacto UDD\" \/>\n<meta property=\"article:published_time\" content=\"2021-09-13T18:00:30+00:00\" \/>\n<meta property=\"article:modified_time\" content=\"2021-09-21T13:45:00+00:00\" \/>\n<meta property=\"og:image\" content=\"https:\/\/ingenieria.udd.cl\/impactoudd\/files\/2021\/09\/IMG_5639-scaled.jpg\" \/>\n\t<meta property=\"og:image:width\" content=\"2560\" \/>\n\t<meta property=\"og:image:height\" content=\"1707\" \/>\n\t<meta property=\"og:image:type\" content=\"image\/jpeg\" \/>\n<meta name=\"author\" content=\"pbreuer\" \/>\n<meta name=\"twitter:card\" content=\"summary_large_image\" \/>\n<meta name=\"twitter:label1\" content=\"Escrito por\" \/>\n\t<meta name=\"twitter:data1\" content=\"pbreuer\" \/>\n\t<meta name=\"twitter:label2\" content=\"Tiempo de lectura\" \/>\n\t<meta name=\"twitter:data2\" content=\"3 minutos\" \/>\n<script type=\"application\/ld+json\" class=\"yoast-schema-graph\">{\"@context\":\"https:\/\/schema.org\",\"@graph\":[{\"@type\":\"Article\",\"@id\":\"https:\/\/ingenieria.udd.cl\/impactoudd\/2021\/09\/13\/impactoudd-proyecto-protectora-de-la-infancia-sustenta-la-infancia\/#article\",\"isPartOf\":{\"@id\":\"https:\/\/ingenieria.udd.cl\/impactoudd\/2021\/09\/13\/impactoudd-proyecto-protectora-de-la-infancia-sustenta-la-infancia\/\"},\"author\":{\"name\":\"pbreuer\",\"@id\":\"https:\/\/ingenieria.udd.cl\/impactoudd\/#\/schema\/person\/1eef18c196c1c81df7fb8ff434641089\"},\"headline\":\"ImpactoUDD lanz\u00f3 construcci\u00f3n de Centro de Acopio en la Protectora de la Infancia en Puente Alto \ufeff\",\"datePublished\":\"2021-09-13T18:00:30+00:00\",\"dateModified\":\"2021-09-21T13:45:00+00:00\",\"mainEntityOfPage\":{\"@id\":\"https:\/\/ingenieria.udd.cl\/impactoudd\/2021\/09\/13\/impactoudd-proyecto-protectora-de-la-infancia-sustenta-la-infancia\/\"},\"wordCount\":579,\"commentCount\":0,\"image\":{\"@id\":\"https:\/\/ingenieria.udd.cl\/impactoudd\/2021\/09\/13\/impactoudd-proyecto-protectora-de-la-infancia-sustenta-la-infancia\/#primaryimage\"},\"thumbnailUrl\":\"https:\/\/ingenieria.udd.cl\/impactoudd\/files\/2021\/09\/IMG_5639-scaled.jpg\",\"articleSection\":[\"C+\",\"iinoticias\",\"ImpactoUDDGlobal\"],\"inLanguage\":\"es\",\"potentialAction\":[{\"@type\":\"CommentAction\",\"name\":\"Comment\",\"target\":[\"https:\/\/ingenieria.udd.cl\/impactoudd\/2021\/09\/13\/impactoudd-proyecto-protectora-de-la-infancia-sustenta-la-infancia\/#respond\"]}]},{\"@type\":\"WebPage\",\"@id\":\"https:\/\/ingenieria.udd.cl\/impactoudd\/2021\/09\/13\/impactoudd-proyecto-protectora-de-la-infancia-sustenta-la-infancia\/\",\"url\":\"https:\/\/ingenieria.udd.cl\/impactoudd\/2021\/09\/13\/impactoudd-proyecto-protectora-de-la-infancia-sustenta-la-infancia\/\",\"name\":\"ImpactoUDD lanz\u00f3 construcci\u00f3n de Centro de Acopio en la Protectora de la Infancia en Puente Alto \ufeff - Impacto UDD\",\"isPartOf\":{\"@id\":\"https:\/\/ingenieria.udd.cl\/impactoudd\/#website\"},\"primaryImageOfPage\":{\"@id\":\"https:\/\/ingenieria.udd.cl\/impactoudd\/2021\/09\/13\/impactoudd-proyecto-protectora-de-la-infancia-sustenta-la-infancia\/#primaryimage\"},\"image\":{\"@id\":\"https:\/\/ingenieria.udd.cl\/impactoudd\/2021\/09\/13\/impactoudd-proyecto-protectora-de-la-infancia-sustenta-la-infancia\/#primaryimage\"},\"thumbnailUrl\":\"https:\/\/ingenieria.udd.cl\/impactoudd\/files\/2021\/09\/IMG_5639-scaled.jpg\",\"datePublished\":\"2021-09-13T18:00:30+00:00\",\"dateModified\":\"2021-09-21T13:45:00+00:00\",\"author\":{\"@id\":\"https:\/\/ingenieria.udd.cl\/impactoudd\/#\/schema\/person\/1eef18c196c1c81df7fb8ff434641089\"},\"breadcrumb\":{\"@id\":\"https:\/\/ingenieria.udd.cl\/impactoudd\/2021\/09\/13\/impactoudd-proyecto-protectora-de-la-infancia-sustenta-la-infancia\/#breadcrumb\"},\"inLanguage\":\"es\",\"potentialAction\":[{\"@type\":\"ReadAction\",\"target\":[\"https:\/\/ingenieria.udd.cl\/impactoudd\/2021\/09\/13\/impactoudd-proyecto-protectora-de-la-infancia-sustenta-la-infancia\/\"]}]},{\"@type\":\"ImageObject\",\"inLanguage\":\"es\",\"@id\":\"https:\/\/ingenieria.udd.cl\/impactoudd\/2021\/09\/13\/impactoudd-proyecto-protectora-de-la-infancia-sustenta-la-infancia\/#primaryimage\",\"url\":\"https:\/\/ingenieria.udd.cl\/impactoudd\/files\/2021\/09\/IMG_5639-scaled.jpg\",\"contentUrl\":\"https:\/\/ingenieria.udd.cl\/impactoudd\/files\/2021\/09\/IMG_5639-scaled.jpg\",\"width\":2560,\"height\":1707},{\"@type\":\"BreadcrumbList\",\"@id\":\"https:\/\/ingenieria.udd.cl\/impactoudd\/2021\/09\/13\/impactoudd-proyecto-protectora-de-la-infancia-sustenta-la-infancia\/#breadcrumb\",\"itemListElement\":[{\"@type\":\"ListItem\",\"position\":1,\"name\":\"Portada\",\"item\":\"https:\/\/ingenieria.udd.cl\/impactoudd\/\"},{\"@type\":\"ListItem\",\"position\":2,\"name\":\"ImpactoUDD lanz\u00f3 construcci\u00f3n de Centro de Acopio en la Protectora de la Infancia en Puente Alto \ufeff\"}]},{\"@type\":\"WebSite\",\"@id\":\"https:\/\/ingenieria.udd.cl\/impactoudd\/#website\",\"url\":\"https:\/\/ingenieria.udd.cl\/impactoudd\/\",\"name\":\"Impacto UDD\",\"description\":\"Otro sitio m\u00e1s de Ingenieria\",\"inLanguage\":\"es\"},{\"@type\":\"Person\",\"@id\":\"https:\/\/ingenieria.udd.cl\/impactoudd\/#\/schema\/person\/1eef18c196c1c81df7fb8ff434641089\",\"name\":\"pbreuer\",\"image\":{\"@type\":\"ImageObject\",\"inLanguage\":\"es\",\"@id\":\"https:\/\/ingenieria.udd.cl\/impactoudd\/#\/schema\/person\/image\/\",\"url\":\"https:\/\/secure.gravatar.com\/avatar\/d57a8f0ed792691ec021fbbf675332d199c4490763ac14800f6fc2463339626d?s=96&d=mm&r=g\",\"contentUrl\":\"https:\/\/secure.gravatar.com\/avatar\/d57a8f0ed792691ec021fbbf675332d199c4490763ac14800f6fc2463339626d?s=96&d=mm&r=g\",\"caption\":\"pbreuer\"},\"url\":\"https:\/\/ingenieria.udd.cl\/impactoudd\/author\/pbreuer\/\"}]}<\/script>\n<!-- \/ Yoast SEO plugin. -->","yoast_head_json":{"title":"ImpactoUDD lanz\u00f3 construcci\u00f3n de Centro de Acopio en la Protectora de la Infancia en Puente Alto \ufeff - Impacto UDD","robots":{"index":"index","follow":"follow","max-snippet":"max-snippet:-1","max-image-preview":"max-image-preview:large","max-video-preview":"max-video-preview:-1"},"canonical":"https:\/\/ingenieria.udd.cl\/impactoudd\/2021\/09\/13\/impactoudd-proyecto-protectora-de-la-infancia-sustenta-la-infancia\/","og_locale":"es_ES","og_type":"article","og_title":"ImpactoUDD lanz\u00f3 construcci\u00f3n de Centro de Acopio en la Protectora de la Infancia en Puente Alto \ufeff - Impacto UDD","og_description":"Estudiantes de ImpactoUDD est\u00e1n dise\u00f1ando e implementando un espacio de gesti\u00f3n de residuos,constituido principalmente por latas, papeles, Pet1 y tetrapack.&nbsp; El proyecto de ImpactoUDD, Sustenta la Infancia que se desarrolla junto a Fundaci\u00f3n Protectora de la Infancia, se realiza desde el a\u00f1o 2020, a trav\u00e9s de su programa social de Puente Alto. La iniciativa consiste [&hellip;]","og_url":"https:\/\/ingenieria.udd.cl\/impactoudd\/2021\/09\/13\/impactoudd-proyecto-protectora-de-la-infancia-sustenta-la-infancia\/","og_site_name":"Impacto UDD","article_published_time":"2021-09-13T18:00:30+00:00","article_modified_time":"2021-09-21T13:45:00+00:00","og_image":[{"width":2560,"height":1707,"url":"https:\/\/ingenieria.udd.cl\/impactoudd\/files\/2021\/09\/IMG_5639-scaled.jpg","type":"image\/jpeg"}],"author":"pbreuer","twitter_card":"summary_large_image","twitter_misc":{"Escrito por":"pbreuer","Tiempo de lectura":"3 minutos"},"schema":{"@context":"https:\/\/schema.org","@graph":[{"@type":"Article","@id":"https:\/\/ingenieria.udd.cl\/impactoudd\/2021\/09\/13\/impactoudd-proyecto-protectora-de-la-infancia-sustenta-la-infancia\/#article","isPartOf":{"@id":"https:\/\/ingenieria.udd.cl\/impactoudd\/2021\/09\/13\/impactoudd-proyecto-protectora-de-la-infancia-sustenta-la-infancia\/"},"author":{"name":"pbreuer","@id":"https:\/\/ingenieria.udd.cl\/impactoudd\/#\/schema\/person\/1eef18c196c1c81df7fb8ff434641089"},"headline":"ImpactoUDD lanz\u00f3 construcci\u00f3n de Centro de Acopio en la Protectora de la Infancia en Puente Alto \ufeff","datePublished":"2021-09-13T18:00:30+00:00","dateModified":"2021-09-21T13:45:00+00:00","mainEntityOfPage":{"@id":"https:\/\/ingenieria.udd.cl\/impactoudd\/2021\/09\/13\/impactoudd-proyecto-protectora-de-la-infancia-sustenta-la-infancia\/"},"wordCount":579,"commentCount":0,"image":{"@id":"https:\/\/ingenieria.udd.cl\/impactoudd\/2021\/09\/13\/impactoudd-proyecto-protectora-de-la-infancia-sustenta-la-infancia\/#primaryimage"},"thumbnailUrl":"https:\/\/ingenieria.udd.cl\/impactoudd\/files\/2021\/09\/IMG_5639-scaled.jpg","articleSection":["C+","iinoticias","ImpactoUDDGlobal"],"inLanguage":"es","potentialAction":[{"@type":"CommentAction","name":"Comment","target":["https:\/\/ingenieria.udd.cl\/impactoudd\/2021\/09\/13\/impactoudd-proyecto-protectora-de-la-infancia-sustenta-la-infancia\/#respond"]}]},{"@type":"WebPage","@id":"https:\/\/ingenieria.udd.cl\/impactoudd\/2021\/09\/13\/impactoudd-proyecto-protectora-de-la-infancia-sustenta-la-infancia\/","url":"https:\/\/ingenieria.udd.cl\/impactoudd\/2021\/09\/13\/impactoudd-proyecto-protectora-de-la-infancia-sustenta-la-infancia\/","name":"ImpactoUDD lanz\u00f3 construcci\u00f3n de Centro de Acopio en la Protectora de la Infancia en Puente Alto \ufeff - Impacto UDD","isPartOf":{"@id":"https:\/\/ingenieria.udd.cl\/impactoudd\/#website"},"primaryImageOfPage":{"@id":"https:\/\/ingenieria.udd.cl\/impactoudd\/2021\/09\/13\/impactoudd-proyecto-protectora-de-la-infancia-sustenta-la-infancia\/#primaryimage"},"image":{"@id":"https:\/\/ingenieria.udd.cl\/impactoudd\/2021\/09\/13\/impactoudd-proyecto-protectora-de-la-infancia-sustenta-la-infancia\/#primaryimage"},"thumbnailUrl":"https:\/\/ingenieria.udd.cl\/impactoudd\/files\/2021\/09\/IMG_5639-scaled.jpg","datePublished":"2021-09-13T18:00:30+00:00","dateModified":"2021-09-21T13:45:00+00:00","author":{"@id":"https:\/\/ingenieria.udd.cl\/impactoudd\/#\/schema\/person\/1eef18c196c1c81df7fb8ff434641089"},"breadcrumb":{"@id":"https:\/\/ingenieria.udd.cl\/impactoudd\/2021\/09\/13\/impactoudd-proyecto-protectora-de-la-infancia-sustenta-la-infancia\/#breadcrumb"},"inLanguage":"es","potentialAction":[{"@type":"ReadAction","target":["https:\/\/ingenieria.udd.cl\/impactoudd\/2021\/09\/13\/impactoudd-proyecto-protectora-de-la-infancia-sustenta-la-infancia\/"]}]},{"@type":"ImageObject","inLanguage":"es","@id":"https:\/\/ingenieria.udd.cl\/impactoudd\/2021\/09\/13\/impactoudd-proyecto-protectora-de-la-infancia-sustenta-la-infancia\/#primaryimage","url":"https:\/\/ingenieria.udd.cl\/impactoudd\/files\/2021\/09\/IMG_5639-scaled.jpg","contentUrl":"https:\/\/ingenieria.udd.cl\/impactoudd\/files\/2021\/09\/IMG_5639-scaled.jpg","width":2560,"height":1707},{"@type":"BreadcrumbList","@id":"https:\/\/ingenieria.udd.cl\/impactoudd\/2021\/09\/13\/impactoudd-proyecto-protectora-de-la-infancia-sustenta-la-infancia\/#breadcrumb","itemListElement":[{"@type":"ListItem","position":1,"name":"Portada","item":"https:\/\/ingenieria.udd.cl\/impactoudd\/"},{"@type":"ListItem","position":2,"name":"ImpactoUDD lanz\u00f3 construcci\u00f3n de Centro de Acopio en la Protectora de la Infancia en Puente Alto \ufeff"}]},{"@type":"WebSite","@id":"https:\/\/ingenieria.udd.cl\/impactoudd\/#website","url":"https:\/\/ingenieria.udd.cl\/impactoudd\/","name":"Impacto UDD","description":"Otro sitio m\u00e1s de Ingenieria","inLanguage":"es"},{"@type":"Person","@id":"https:\/\/ingenieria.udd.cl\/impactoudd\/#\/schema\/person\/1eef18c196c1c81df7fb8ff434641089","name":"pbreuer","image":{"@type":"ImageObject","inLanguage":"es","@id":"https:\/\/ingenieria.udd.cl\/impactoudd\/#\/schema\/person\/image\/","url":"https:\/\/secure.gravatar.com\/avatar\/d57a8f0ed792691ec021fbbf675332d199c4490763ac14800f6fc2463339626d?s=96&d=mm&r=g","contentUrl":"https:\/\/secure.gravatar.com\/avatar\/d57a8f0ed792691ec021fbbf675332d199c4490763ac14800f6fc2463339626d?s=96&d=mm&r=g","caption":"pbreuer"},"url":"https:\/\/ingenieria.udd.cl\/impactoudd\/author\/pbreuer\/"}]}},"featured_image_url":"https:\/\/ingenieria.udd.cl\/impactoudd\/files\/2021\/09\/IMG_5639-scaled.jpg","_links":{"self":[{"href":"https:\/\/ingenieria.udd.cl\/impactoudd\/wp-json\/wp\/v2\/posts\/1514","targetHints":{"allow":["GET"]}}],"collection":[{"href":"https:\/\/ingenieria.udd.cl\/impactoudd\/wp-json\/wp\/v2\/posts"}],"about":[{"href":"https:\/\/ingenieria.udd.cl\/impactoudd\/wp-json\/wp\/v2\/types\/post"}],"author":[{"embeddable":true,"href":"https:\/\/ingenieria.udd.cl\/impactoudd\/wp-json\/wp\/v2\/users\/9192223"}],"replies":[{"embeddable":true,"href":"https:\/\/ingenieria.udd.cl\/impactoudd\/wp-json\/wp\/v2\/comments?post=1514"}],"version-history":[{"count":4,"href":"https:\/\/ingenieria.udd.cl\/impactoudd\/wp-json\/wp\/v2\/posts\/1514\/revisions"}],"predecessor-version":[{"id":1538,"href":"https:\/\/ingenieria.udd.cl\/impactoudd\/wp-json\/wp\/v2\/posts\/1514\/revisions\/1538"}],"wp:featuredmedia":[{"embeddable":true,"href":"https:\/\/ingenieria.udd.cl\/impactoudd\/wp-json\/wp\/v2\/media\/1521"}],"wp:attachment":[{"href":"https:\/\/ingenieria.udd.cl\/impactoudd\/wp-json\/wp\/v2\/media?parent=1514"}],"wp:term":[{"taxonomy":"category","embeddable":true,"href":"https:\/\/ingenieria.udd.cl\/impactoudd\/wp-json\/wp\/v2\/categories?post=1514"},{"taxonomy":"post_tag","embeddable":true,"href":"https:\/\/ingenieria.udd.cl\/impactoudd\/wp-json\/wp\/v2\/tags?post=1514"}],"curies":[{"name":"wp","href":"https:\/\/api.w.org\/{rel}","templated":true}]}}