{"id":1816,"date":"2021-10-29T19:56:11","date_gmt":"2021-10-29T17:56:11","guid":{"rendered":"https:\/\/ingenieria.udd.cl\/impactoudd\/?p=1816"},"modified":"2021-11-10T16:05:00","modified_gmt":"2021-11-10T15:05:00","slug":"jornada-medioambiental-protectora-de-la-infancia-concepcion","status":"publish","type":"post","link":"https:\/\/ingenieria.udd.cl\/impactoudd\/2021\/10\/29\/jornada-medioambiental-protectora-de-la-infancia-concepcion\/","title":{"rendered":"Jornada Medioambiental de ImpactoUDD con Protectora de la Infancia en Concepci\u00f3n"},"content":{"rendered":"\n<div class=\"wp-block-image\"><figure class=\"aligncenter size-large\"><a href=\"https:\/\/docs.google.com\/forms\/d\/e\/1FAIpQLSfR9OZ9SfSRnfXQFQ6CBn-gCRvRAdCHajstQHcDmZbf6kpqvg\/viewform\"><img loading=\"lazy\" decoding=\"async\" width=\"724\" height=\"1024\" src=\"https:\/\/ingenieria.udd.cl\/impactoudd\/files\/2021\/10\/flyer-final-724x1024.jpeg\" alt=\"\" class=\"wp-image-1833\" srcset=\"https:\/\/ingenieria.udd.cl\/impactoudd\/files\/2021\/10\/flyer-final-724x1024.jpeg 724w, https:\/\/ingenieria.udd.cl\/impactoudd\/files\/2021\/10\/flyer-final-212x300.jpeg 212w, https:\/\/ingenieria.udd.cl\/impactoudd\/files\/2021\/10\/flyer-final-768x1086.jpeg 768w, https:\/\/ingenieria.udd.cl\/impactoudd\/files\/2021\/10\/flyer-final.jpeg 869w\" sizes=\"auto, (max-width: 724px) 100vw, 724px\" \/><\/a><\/figure><\/div>\n\n\n\n<p>Si eres estudiante de la UDD en Concepci\u00f3n te invitamos a participar como voluntario(a) de esta jornada medioambiental que dise\u00f1amos junto a La Fundaci\u00f3n Protectora de la Infancia con el fin de construir de manera colaborativa, un espacio m\u00e1s sustentable y responsable con el medio ambiente para ni\u00f1os, ni\u00f1as y j\u00f3venes. La Protectora de la infancia es una instituci\u00f3n sin fines de lucro que educa y acoge a ni\u00f1os en el pa\u00eds. En el campus Hualp\u00e9n, ubicado en Concepci\u00f3n, se encuentran 205 ni\u00f1os, ni\u00f1as y j\u00f3venes que necesitan un mejor espacio y \u00e1rea verde para desarrollarse y compartir. <\/p>\n\n\n\n<h2 class=\"has-text-align-center wp-block-heading\">\u00a1<strong>T\u00fa tambi\u00e9n puedes ser parte! <\/strong><\/h2>\n\n\n\n<p><strong>Esta jornada medioambiental tendr\u00e1 lugar los d\u00edas viernes 12, s\u00e1bado 13 y domingo 14 de noviembre en el Campus Hualp\u00e9n de La Protectora de la Infancia en Concepci\u00f3n.<\/strong><\/p>\n\n\n\n<p>Buscamos trabajar juntos para embellecer el lugar. Conseguimos donaciones de mobiliario para tener donde reunirse en el patio, compartir o jugar, como sillones para exterior y jardineras. Construiremos un punto de acopio con elementos reciclables con el fin de apoyar al reciclado de materiales y disminuci\u00f3n de la basura. Y claro! Tendremos actividades y juegos con las familias y ni\u00f1@s para conocernos, divertirnos juntos y tambi\u00e9n generar algunos talleres formativos de reciclaje y forestaci\u00f3n.<\/p>\n\n\n\n<p>Podr\u00e1s adem\u00e1s acceder a cr\u00e9ditos extradisciplinares dentro del formato de intervenci\u00f3n corta de ImpactoUDD y la direcci\u00f3n de formaci\u00f3n extradisciplinar.<\/p>\n\n\n\n<p><strong>Hora y Punto de Encuentro de cada d\u00eda:  9 am en Sabadell 4036, Hualp\u00e9n Concepci\u00f3n<\/strong><\/p>\n\n\n\n<h2 class=\"wp-block-heading\">Puedes descargar la AGENDA completa de estos 3 d\u00edas aqu\u00ed:<\/h2>\n\n\n\n<p><a href=\"https:\/\/ingenieria.udd.cl\/impactoudd\/files\/2021\/10\/plan-de-trabajo_AGENDA.pdf\">https:\/\/ingenieria.udd.cl\/impactoudd\/files\/2021\/10\/plan-de-trabajo_AGENDA.pdf<\/a><\/p>\n\n\n\n<p>Actividades seg\u00fan equipos de trabajo: <a href=\"https:\/\/docs.google.com\/presentation\/d\/1WLv6dC_gwJWlhiZP-geGZQt-0nB9UxGmzQibx6IOEWo\/edit?usp=sharing\">https:\/\/docs.google.com\/presentation\/d\/1WLv6dC_gwJWlhiZP-geGZQt-0nB9UxGmzQibx6IOEWo\/edit?usp=sharing <\/a><\/p>\n\n\n\n<h2 class=\"wp-block-heading\">Inscr\u00edbete en el siguiente formulario:<\/h2>\n\n\n\n<p>(Tienes tiempo hasta el 5 de noviembre!)<\/p>\n\n\n\n<p><a href=\"https:\/\/docs.google.com\/forms\/d\/e\/1FAIpQLSfR9OZ9SfSRnfXQFQ6CBn-gCRvRAdCHajstQHcDmZbf6kpqvg\/viewform\">https:\/\/docs.google.com\/forms\/d\/e\/1FAIpQLSfR9OZ9SfSRnfXQFQ6CBn-gCRvRAdCHajstQHcDmZbf6kpqvg\/viewform<\/a><\/p>\n\n\n\n<p><strong>TALLER PREPARATORIO:<\/strong> El <strong>Lunes 8 de noviembre<\/strong> a las 19hs. tendremos un taller preparatorio con los voluntarios que se hayan sumado para organizarnos internamente.<\/p>\n\n\n\n<h2 class=\"wp-block-heading\">IMPORTANTE: <\/h2>\n\n\n\n<p>Esta actividad de voluntariado est\u00e1 dirigida a estudiantes de todas las carreras de la UDD Sede Concepci\u00f3n. Los participantes podr\u00e1n acceder hasta 2 cr\u00e9ditos extradisciplinares por su participaci\u00f3n. Te contactaremos con todos los detalles para el taller de preparaci\u00f3n y la agenda y log\u00edstica de estos 3 d\u00edas. Muchas gracias!<\/p>\n","protected":false},"excerpt":{"rendered":"<p>Si eres estudiante de la UDD en Concepci\u00f3n te invitamos a participar como voluntario(a) de esta jornada medioambiental que dise\u00f1amos junto a La Fundaci\u00f3n Protectora de la Infancia con el fin de construir de manera colaborativa, un espacio m\u00e1s sustentable y responsable con el medio ambiente para ni\u00f1os, ni\u00f1as y j\u00f3venes. La Protectora de la [&hellip;]<\/p>\n","protected":false},"author":9192223,"featured_media":1833,"comment_status":"open","ping_status":"open","sticky":false,"template":"","format":"standard","meta":{"footnotes":""},"categories":[7,5,6],"tags":[],"class_list":["post-1816","post","type-post","status-publish","format-standard","has-post-thumbnail","hentry","category-iinoticias","category-noticias","category-noticias-impacto"],"yoast_head":"<!-- This site is optimized with the Yoast SEO plugin v26.9 - https:\/\/yoast.com\/product\/yoast-seo-wordpress\/ -->\n<title>Jornada Medioambiental de ImpactoUDD con Protectora de la Infancia en Concepci\u00f3n - Impacto UDD<\/title>\n<meta name=\"robots\" content=\"index, follow, max-snippet:-1, max-image-preview:large, max-video-preview:-1\" \/>\n<link rel=\"canonical\" href=\"https:\/\/ingenieria.udd.cl\/impactoudd\/2021\/10\/29\/jornada-medioambiental-protectora-de-la-infancia-concepcion\/\" \/>\n<meta property=\"og:locale\" content=\"es_ES\" \/>\n<meta property=\"og:type\" content=\"article\" \/>\n<meta property=\"og:title\" content=\"Jornada Medioambiental de ImpactoUDD con Protectora de la Infancia en Concepci\u00f3n - Impacto UDD\" \/>\n<meta property=\"og:description\" content=\"Si eres estudiante de la UDD en Concepci\u00f3n te invitamos a participar como voluntario(a) de esta jornada medioambiental que dise\u00f1amos junto a La Fundaci\u00f3n Protectora de la Infancia con el fin de construir de manera colaborativa, un espacio m\u00e1s sustentable y responsable con el medio ambiente para ni\u00f1os, ni\u00f1as y j\u00f3venes. La Protectora de la [&hellip;]\" \/>\n<meta property=\"og:url\" content=\"https:\/\/ingenieria.udd.cl\/impactoudd\/2021\/10\/29\/jornada-medioambiental-protectora-de-la-infancia-concepcion\/\" \/>\n<meta property=\"og:site_name\" content=\"Impacto UDD\" \/>\n<meta property=\"article:published_time\" content=\"2021-10-29T17:56:11+00:00\" \/>\n<meta property=\"article:modified_time\" content=\"2021-11-10T15:05:00+00:00\" \/>\n<meta property=\"og:image\" content=\"https:\/\/ingenieria.udd.cl\/impactoudd\/files\/2021\/10\/flyer-final.jpeg\" \/>\n\t<meta property=\"og:image:width\" content=\"869\" \/>\n\t<meta property=\"og:image:height\" content=\"1229\" \/>\n\t<meta property=\"og:image:type\" content=\"image\/jpeg\" \/>\n<meta name=\"author\" content=\"pbreuer\" \/>\n<meta name=\"twitter:card\" content=\"summary_large_image\" \/>\n<meta name=\"twitter:label1\" content=\"Escrito por\" \/>\n\t<meta name=\"twitter:data1\" content=\"pbreuer\" \/>\n\t<meta name=\"twitter:label2\" content=\"Tiempo de lectura\" \/>\n\t<meta name=\"twitter:data2\" content=\"2 minutos\" \/>\n<script type=\"application\/ld+json\" class=\"yoast-schema-graph\">{\"@context\":\"https:\/\/schema.org\",\"@graph\":[{\"@type\":\"Article\",\"@id\":\"https:\/\/ingenieria.udd.cl\/impactoudd\/2021\/10\/29\/jornada-medioambiental-protectora-de-la-infancia-concepcion\/#article\",\"isPartOf\":{\"@id\":\"https:\/\/ingenieria.udd.cl\/impactoudd\/2021\/10\/29\/jornada-medioambiental-protectora-de-la-infancia-concepcion\/\"},\"author\":{\"name\":\"pbreuer\",\"@id\":\"https:\/\/ingenieria.udd.cl\/impactoudd\/#\/schema\/person\/1eef18c196c1c81df7fb8ff434641089\"},\"headline\":\"Jornada Medioambiental de ImpactoUDD con Protectora de la Infancia en Concepci\u00f3n\",\"datePublished\":\"2021-10-29T17:56:11+00:00\",\"dateModified\":\"2021-11-10T15:05:00+00:00\",\"mainEntityOfPage\":{\"@id\":\"https:\/\/ingenieria.udd.cl\/impactoudd\/2021\/10\/29\/jornada-medioambiental-protectora-de-la-infancia-concepcion\/\"},\"wordCount\":424,\"commentCount\":0,\"image\":{\"@id\":\"https:\/\/ingenieria.udd.cl\/impactoudd\/2021\/10\/29\/jornada-medioambiental-protectora-de-la-infancia-concepcion\/#primaryimage\"},\"thumbnailUrl\":\"https:\/\/ingenieria.udd.cl\/impactoudd\/files\/2021\/10\/flyer-final.jpeg\",\"articleSection\":[\"iinoticias\",\"Noticias\",\"Noticias Impacto\"],\"inLanguage\":\"es\",\"potentialAction\":[{\"@type\":\"CommentAction\",\"name\":\"Comment\",\"target\":[\"https:\/\/ingenieria.udd.cl\/impactoudd\/2021\/10\/29\/jornada-medioambiental-protectora-de-la-infancia-concepcion\/#respond\"]}]},{\"@type\":\"WebPage\",\"@id\":\"https:\/\/ingenieria.udd.cl\/impactoudd\/2021\/10\/29\/jornada-medioambiental-protectora-de-la-infancia-concepcion\/\",\"url\":\"https:\/\/ingenieria.udd.cl\/impactoudd\/2021\/10\/29\/jornada-medioambiental-protectora-de-la-infancia-concepcion\/\",\"name\":\"Jornada Medioambiental de ImpactoUDD con Protectora de la Infancia en Concepci\u00f3n - Impacto UDD\",\"isPartOf\":{\"@id\":\"https:\/\/ingenieria.udd.cl\/impactoudd\/#website\"},\"primaryImageOfPage\":{\"@id\":\"https:\/\/ingenieria.udd.cl\/impactoudd\/2021\/10\/29\/jornada-medioambiental-protectora-de-la-infancia-concepcion\/#primaryimage\"},\"image\":{\"@id\":\"https:\/\/ingenieria.udd.cl\/impactoudd\/2021\/10\/29\/jornada-medioambiental-protectora-de-la-infancia-concepcion\/#primaryimage\"},\"thumbnailUrl\":\"https:\/\/ingenieria.udd.cl\/impactoudd\/files\/2021\/10\/flyer-final.jpeg\",\"datePublished\":\"2021-10-29T17:56:11+00:00\",\"dateModified\":\"2021-11-10T15:05:00+00:00\",\"author\":{\"@id\":\"https:\/\/ingenieria.udd.cl\/impactoudd\/#\/schema\/person\/1eef18c196c1c81df7fb8ff434641089\"},\"breadcrumb\":{\"@id\":\"https:\/\/ingenieria.udd.cl\/impactoudd\/2021\/10\/29\/jornada-medioambiental-protectora-de-la-infancia-concepcion\/#breadcrumb\"},\"inLanguage\":\"es\",\"potentialAction\":[{\"@type\":\"ReadAction\",\"target\":[\"https:\/\/ingenieria.udd.cl\/impactoudd\/2021\/10\/29\/jornada-medioambiental-protectora-de-la-infancia-concepcion\/\"]}]},{\"@type\":\"ImageObject\",\"inLanguage\":\"es\",\"@id\":\"https:\/\/ingenieria.udd.cl\/impactoudd\/2021\/10\/29\/jornada-medioambiental-protectora-de-la-infancia-concepcion\/#primaryimage\",\"url\":\"https:\/\/ingenieria.udd.cl\/impactoudd\/files\/2021\/10\/flyer-final.jpeg\",\"contentUrl\":\"https:\/\/ingenieria.udd.cl\/impactoudd\/files\/2021\/10\/flyer-final.jpeg\",\"width\":869,\"height\":1229},{\"@type\":\"BreadcrumbList\",\"@id\":\"https:\/\/ingenieria.udd.cl\/impactoudd\/2021\/10\/29\/jornada-medioambiental-protectora-de-la-infancia-concepcion\/#breadcrumb\",\"itemListElement\":[{\"@type\":\"ListItem\",\"position\":1,\"name\":\"Portada\",\"item\":\"https:\/\/ingenieria.udd.cl\/impactoudd\/\"},{\"@type\":\"ListItem\",\"position\":2,\"name\":\"Jornada Medioambiental de ImpactoUDD con Protectora de la Infancia en Concepci\u00f3n\"}]},{\"@type\":\"WebSite\",\"@id\":\"https:\/\/ingenieria.udd.cl\/impactoudd\/#website\",\"url\":\"https:\/\/ingenieria.udd.cl\/impactoudd\/\",\"name\":\"Impacto UDD\",\"description\":\"Otro sitio m\u00e1s de Ingenieria\",\"inLanguage\":\"es\"},{\"@type\":\"Person\",\"@id\":\"https:\/\/ingenieria.udd.cl\/impactoudd\/#\/schema\/person\/1eef18c196c1c81df7fb8ff434641089\",\"name\":\"pbreuer\",\"image\":{\"@type\":\"ImageObject\",\"inLanguage\":\"es\",\"@id\":\"https:\/\/ingenieria.udd.cl\/impactoudd\/#\/schema\/person\/image\/\",\"url\":\"https:\/\/secure.gravatar.com\/avatar\/d57a8f0ed792691ec021fbbf675332d199c4490763ac14800f6fc2463339626d?s=96&d=mm&r=g\",\"contentUrl\":\"https:\/\/secure.gravatar.com\/avatar\/d57a8f0ed792691ec021fbbf675332d199c4490763ac14800f6fc2463339626d?s=96&d=mm&r=g\",\"caption\":\"pbreuer\"},\"url\":\"https:\/\/ingenieria.udd.cl\/impactoudd\/author\/pbreuer\/\"}]}<\/script>\n<!-- \/ Yoast SEO plugin. -->","yoast_head_json":{"title":"Jornada Medioambiental de ImpactoUDD con Protectora de la Infancia en Concepci\u00f3n - Impacto UDD","robots":{"index":"index","follow":"follow","max-snippet":"max-snippet:-1","max-image-preview":"max-image-preview:large","max-video-preview":"max-video-preview:-1"},"canonical":"https:\/\/ingenieria.udd.cl\/impactoudd\/2021\/10\/29\/jornada-medioambiental-protectora-de-la-infancia-concepcion\/","og_locale":"es_ES","og_type":"article","og_title":"Jornada Medioambiental de ImpactoUDD con Protectora de la Infancia en Concepci\u00f3n - Impacto UDD","og_description":"Si eres estudiante de la UDD en Concepci\u00f3n te invitamos a participar como voluntario(a) de esta jornada medioambiental que dise\u00f1amos junto a La Fundaci\u00f3n Protectora de la Infancia con el fin de construir de manera colaborativa, un espacio m\u00e1s sustentable y responsable con el medio ambiente para ni\u00f1os, ni\u00f1as y j\u00f3venes. La Protectora de la [&hellip;]","og_url":"https:\/\/ingenieria.udd.cl\/impactoudd\/2021\/10\/29\/jornada-medioambiental-protectora-de-la-infancia-concepcion\/","og_site_name":"Impacto UDD","article_published_time":"2021-10-29T17:56:11+00:00","article_modified_time":"2021-11-10T15:05:00+00:00","og_image":[{"width":869,"height":1229,"url":"https:\/\/ingenieria.udd.cl\/impactoudd\/files\/2021\/10\/flyer-final.jpeg","type":"image\/jpeg"}],"author":"pbreuer","twitter_card":"summary_large_image","twitter_misc":{"Escrito por":"pbreuer","Tiempo de lectura":"2 minutos"},"schema":{"@context":"https:\/\/schema.org","@graph":[{"@type":"Article","@id":"https:\/\/ingenieria.udd.cl\/impactoudd\/2021\/10\/29\/jornada-medioambiental-protectora-de-la-infancia-concepcion\/#article","isPartOf":{"@id":"https:\/\/ingenieria.udd.cl\/impactoudd\/2021\/10\/29\/jornada-medioambiental-protectora-de-la-infancia-concepcion\/"},"author":{"name":"pbreuer","@id":"https:\/\/ingenieria.udd.cl\/impactoudd\/#\/schema\/person\/1eef18c196c1c81df7fb8ff434641089"},"headline":"Jornada Medioambiental de ImpactoUDD con Protectora de la Infancia en Concepci\u00f3n","datePublished":"2021-10-29T17:56:11+00:00","dateModified":"2021-11-10T15:05:00+00:00","mainEntityOfPage":{"@id":"https:\/\/ingenieria.udd.cl\/impactoudd\/2021\/10\/29\/jornada-medioambiental-protectora-de-la-infancia-concepcion\/"},"wordCount":424,"commentCount":0,"image":{"@id":"https:\/\/ingenieria.udd.cl\/impactoudd\/2021\/10\/29\/jornada-medioambiental-protectora-de-la-infancia-concepcion\/#primaryimage"},"thumbnailUrl":"https:\/\/ingenieria.udd.cl\/impactoudd\/files\/2021\/10\/flyer-final.jpeg","articleSection":["iinoticias","Noticias","Noticias Impacto"],"inLanguage":"es","potentialAction":[{"@type":"CommentAction","name":"Comment","target":["https:\/\/ingenieria.udd.cl\/impactoudd\/2021\/10\/29\/jornada-medioambiental-protectora-de-la-infancia-concepcion\/#respond"]}]},{"@type":"WebPage","@id":"https:\/\/ingenieria.udd.cl\/impactoudd\/2021\/10\/29\/jornada-medioambiental-protectora-de-la-infancia-concepcion\/","url":"https:\/\/ingenieria.udd.cl\/impactoudd\/2021\/10\/29\/jornada-medioambiental-protectora-de-la-infancia-concepcion\/","name":"Jornada Medioambiental de ImpactoUDD con Protectora de la Infancia en Concepci\u00f3n - Impacto UDD","isPartOf":{"@id":"https:\/\/ingenieria.udd.cl\/impactoudd\/#website"},"primaryImageOfPage":{"@id":"https:\/\/ingenieria.udd.cl\/impactoudd\/2021\/10\/29\/jornada-medioambiental-protectora-de-la-infancia-concepcion\/#primaryimage"},"image":{"@id":"https:\/\/ingenieria.udd.cl\/impactoudd\/2021\/10\/29\/jornada-medioambiental-protectora-de-la-infancia-concepcion\/#primaryimage"},"thumbnailUrl":"https:\/\/ingenieria.udd.cl\/impactoudd\/files\/2021\/10\/flyer-final.jpeg","datePublished":"2021-10-29T17:56:11+00:00","dateModified":"2021-11-10T15:05:00+00:00","author":{"@id":"https:\/\/ingenieria.udd.cl\/impactoudd\/#\/schema\/person\/1eef18c196c1c81df7fb8ff434641089"},"breadcrumb":{"@id":"https:\/\/ingenieria.udd.cl\/impactoudd\/2021\/10\/29\/jornada-medioambiental-protectora-de-la-infancia-concepcion\/#breadcrumb"},"inLanguage":"es","potentialAction":[{"@type":"ReadAction","target":["https:\/\/ingenieria.udd.cl\/impactoudd\/2021\/10\/29\/jornada-medioambiental-protectora-de-la-infancia-concepcion\/"]}]},{"@type":"ImageObject","inLanguage":"es","@id":"https:\/\/ingenieria.udd.cl\/impactoudd\/2021\/10\/29\/jornada-medioambiental-protectora-de-la-infancia-concepcion\/#primaryimage","url":"https:\/\/ingenieria.udd.cl\/impactoudd\/files\/2021\/10\/flyer-final.jpeg","contentUrl":"https:\/\/ingenieria.udd.cl\/impactoudd\/files\/2021\/10\/flyer-final.jpeg","width":869,"height":1229},{"@type":"BreadcrumbList","@id":"https:\/\/ingenieria.udd.cl\/impactoudd\/2021\/10\/29\/jornada-medioambiental-protectora-de-la-infancia-concepcion\/#breadcrumb","itemListElement":[{"@type":"ListItem","position":1,"name":"Portada","item":"https:\/\/ingenieria.udd.cl\/impactoudd\/"},{"@type":"ListItem","position":2,"name":"Jornada Medioambiental de ImpactoUDD con Protectora de la Infancia en Concepci\u00f3n"}]},{"@type":"WebSite","@id":"https:\/\/ingenieria.udd.cl\/impactoudd\/#website","url":"https:\/\/ingenieria.udd.cl\/impactoudd\/","name":"Impacto UDD","description":"Otro sitio m\u00e1s de Ingenieria","inLanguage":"es"},{"@type":"Person","@id":"https:\/\/ingenieria.udd.cl\/impactoudd\/#\/schema\/person\/1eef18c196c1c81df7fb8ff434641089","name":"pbreuer","image":{"@type":"ImageObject","inLanguage":"es","@id":"https:\/\/ingenieria.udd.cl\/impactoudd\/#\/schema\/person\/image\/","url":"https:\/\/secure.gravatar.com\/avatar\/d57a8f0ed792691ec021fbbf675332d199c4490763ac14800f6fc2463339626d?s=96&d=mm&r=g","contentUrl":"https:\/\/secure.gravatar.com\/avatar\/d57a8f0ed792691ec021fbbf675332d199c4490763ac14800f6fc2463339626d?s=96&d=mm&r=g","caption":"pbreuer"},"url":"https:\/\/ingenieria.udd.cl\/impactoudd\/author\/pbreuer\/"}]}},"featured_image_url":"https:\/\/ingenieria.udd.cl\/impactoudd\/files\/2021\/10\/flyer-final.jpeg","_links":{"self":[{"href":"https:\/\/ingenieria.udd.cl\/impactoudd\/wp-json\/wp\/v2\/posts\/1816","targetHints":{"allow":["GET"]}}],"collection":[{"href":"https:\/\/ingenieria.udd.cl\/impactoudd\/wp-json\/wp\/v2\/posts"}],"about":[{"href":"https:\/\/ingenieria.udd.cl\/impactoudd\/wp-json\/wp\/v2\/types\/post"}],"author":[{"embeddable":true,"href":"https:\/\/ingenieria.udd.cl\/impactoudd\/wp-json\/wp\/v2\/users\/9192223"}],"replies":[{"embeddable":true,"href":"https:\/\/ingenieria.udd.cl\/impactoudd\/wp-json\/wp\/v2\/comments?post=1816"}],"version-history":[{"count":15,"href":"https:\/\/ingenieria.udd.cl\/impactoudd\/wp-json\/wp\/v2\/posts\/1816\/revisions"}],"predecessor-version":[{"id":1864,"href":"https:\/\/ingenieria.udd.cl\/impactoudd\/wp-json\/wp\/v2\/posts\/1816\/revisions\/1864"}],"wp:featuredmedia":[{"embeddable":true,"href":"https:\/\/ingenieria.udd.cl\/impactoudd\/wp-json\/wp\/v2\/media\/1833"}],"wp:attachment":[{"href":"https:\/\/ingenieria.udd.cl\/impactoudd\/wp-json\/wp\/v2\/media?parent=1816"}],"wp:term":[{"taxonomy":"category","embeddable":true,"href":"https:\/\/ingenieria.udd.cl\/impactoudd\/wp-json\/wp\/v2\/categories?post=1816"},{"taxonomy":"post_tag","embeddable":true,"href":"https:\/\/ingenieria.udd.cl\/impactoudd\/wp-json\/wp\/v2\/tags?post=1816"}],"curies":[{"name":"wp","href":"https:\/\/api.w.org\/{rel}","templated":true}]}}