{"id":1903,"date":"2021-11-30T18:06:07","date_gmt":"2021-11-30T17:06:07","guid":{"rendered":"https:\/\/ingenieria.udd.cl\/impactoudd\/?p=1903"},"modified":"2021-11-30T18:06:08","modified_gmt":"2021-11-30T17:06:08","slug":"impacto-udd-realizo-jornadas-medioambientales-en-la-sede-hualpen-de-la-protectora-de-la-infancia-%ef%bb%bf","status":"publish","type":"post","link":"https:\/\/ingenieria.udd.cl\/impactoudd\/2021\/11\/30\/impacto-udd-realizo-jornadas-medioambientales-en-la-sede-hualpen-de-la-protectora-de-la-infancia-%ef%bb%bf\/","title":{"rendered":"Impacto UDD realiz\u00f3 jornadas medioambientales en la sede Hualp\u00e9n de la Protectora de la Infancia \ufeff"},"content":{"rendered":"\n<p>En la comuna de Hualp\u00e9n en la residencia Tupahue de la Protectora de la Infancia, en la Regi\u00f3n del Biob\u00edo, Estudiantes de todas las carreras de la UDD, ni\u00f1os y ni\u00f1os junto a sus familias participaron en una jornada medioambiental que se realiz\u00f3 del 12 al 14 de noviembre, la cual tuvo por objetivo desarrollar actividades que permitieran embellecer las \u00e1reas verdes de la sede.<\/p>\n\n\n\n<p>Florencia Serrano, coordinadora de Alianza de la Protectora de la Infancia, indic\u00f3 que esta jornada medioambiental beneficia a dos residencias, un jard\u00edn infantil y un programa ambulatorio de la sede Hualp\u00e9n. \u201cLo que buscamos es mejorar los espacios comunes y \u00e1reas verdes para potenciar el trabajo comunitario tanto de los equipos como de los ni\u00f1os\u201d.\u00a0<\/p>\n\n\n\n<p>Domingo Err\u00e1zuriz, Gerente de Comunicaciones y Marketing de la Protectora de la Infancia, se\u00f1al\u00f3 que esta actividad es una gran motivaci\u00f3n para todo el equipo de la Sede Hualp\u00e9n. \u201cPara nosotros es muy importante esta alianza pues permite generar v\u00ednculos y trabajo conjunto en los distintos programas junto a los estudiantes y la UDD\u201d, destac\u00f3.<\/p>\n\n\n\n<p>Mar\u00eda Elisa Lagos, Coordinadora de Gerencia Zona Sur de la Protectora de la Infancia, destac\u00f3 que el principal impacto que se ha logrado gracias a este proyecto es la unidad. \u201cGracias a este proyecto, en la Protectora de la Infancia hemos logrado ir uniendo el deseo de darle continuidad a las iniciativas e instalar un modelo similar en todos los lugares porque vemos que es una gran oportunidad para ir educando en el cuidado del medio ambiente\u201d, se\u00f1al\u00f3.<\/p>\n\n\n\n<p>Por su parte, Macarena Troncoso, mentora de ImpactoUDD a cargo del proyecto, indic\u00f3 que el principal desaf\u00edo del proceso es mantener la motivaci\u00f3n de los estudiantes considerando el actual contexto de pandemia. \u201cEl hecho de reunirnos con la Protectora de la Infancia de manera presencial nos ha permitido conectarnos con su realidad y ejecutar los proyectos.<\/p>\n\n\n\n<p>Patricia Breuer, Responsable de ImpactoUDD, se\u00f1al\u00f3 que con este programa se busca cimentar las bases para que el trabajo contin\u00fae el a\u00f1o 2022 con voluntarios de Concepci\u00f3n de la UDD, colegios de ense\u00f1anza media para seguir desarrollando las oportunidades que actualmente se impulsan en la sede. \u201cLo que buscamos en los estudiantes al involucrarse en este tipo de proyectos es generar en ellos liderazgo, autonom\u00eda, iniciativa, motivaci\u00f3n y lo principal que logren producir cambios en comunidades que puedan perdurar en el tiempo\u201d.\u00a0<\/p>\n\n\n\n<p>El trabajo conjunto entre ImpactoUDD y la Protectora de la Infancia comenz\u00f3 hace poco menos de dos a\u00f1os, proceso en el cual se ha enfocado en resolver problem\u00e1ticas medioambientales en los programas sociales que se ejecutan en la sede Puente Alto dominado \u201cSustenta la Infancia\u201d, con lo cual la instituci\u00f3n busca tener un enfoque m\u00e1s verde y bajo el concepto de Cero Basura, liderado por estudiantes de Ingenier\u00eda Civil sede Santiago.&nbsp;<\/p>\n\n\n\n<figure class=\"wp-block-gallery columns-3 is-cropped wp-block-gallery-1 is-layout-flex wp-block-gallery-is-layout-flex\"><ul class=\"blocks-gallery-grid\"><li class=\"blocks-gallery-item\"><figure><img loading=\"lazy\" decoding=\"async\" width=\"1024\" height=\"768\" src=\"https:\/\/ingenieria.udd.cl\/impactoudd\/files\/2021\/11\/IMG_20211114_121942-1024x768.jpg\" alt=\"\" data-id=\"1904\" data-full-url=\"https:\/\/ingenieria.udd.cl\/impactoudd\/files\/2021\/11\/IMG_20211114_121942-scaled.jpg\" data-link=\"https:\/\/ingenieria.udd.cl\/impactoudd\/?attachment_id=1904\" class=\"wp-image-1904\" srcset=\"https:\/\/ingenieria.udd.cl\/impactoudd\/files\/2021\/11\/IMG_20211114_121942-1024x768.jpg 1024w, https:\/\/ingenieria.udd.cl\/impactoudd\/files\/2021\/11\/IMG_20211114_121942-300x225.jpg 300w, https:\/\/ingenieria.udd.cl\/impactoudd\/files\/2021\/11\/IMG_20211114_121942-768x576.jpg 768w, https:\/\/ingenieria.udd.cl\/impactoudd\/files\/2021\/11\/IMG_20211114_121942-1536x1152.jpg 1536w, https:\/\/ingenieria.udd.cl\/impactoudd\/files\/2021\/11\/IMG_20211114_121942-2048x1536.jpg 2048w\" sizes=\"auto, (max-width: 1024px) 100vw, 1024px\" \/><\/figure><\/li><li class=\"blocks-gallery-item\"><figure><img loading=\"lazy\" decoding=\"async\" width=\"1024\" height=\"768\" src=\"https:\/\/ingenieria.udd.cl\/impactoudd\/files\/2021\/11\/IMG_20211114_122740-1024x768.jpg\" alt=\"\" data-id=\"1905\" data-full-url=\"https:\/\/ingenieria.udd.cl\/impactoudd\/files\/2021\/11\/IMG_20211114_122740-scaled.jpg\" data-link=\"https:\/\/ingenieria.udd.cl\/impactoudd\/?attachment_id=1905\" class=\"wp-image-1905\" srcset=\"https:\/\/ingenieria.udd.cl\/impactoudd\/files\/2021\/11\/IMG_20211114_122740-1024x768.jpg 1024w, https:\/\/ingenieria.udd.cl\/impactoudd\/files\/2021\/11\/IMG_20211114_122740-300x225.jpg 300w, https:\/\/ingenieria.udd.cl\/impactoudd\/files\/2021\/11\/IMG_20211114_122740-768x576.jpg 768w, https:\/\/ingenieria.udd.cl\/impactoudd\/files\/2021\/11\/IMG_20211114_122740-1536x1152.jpg 1536w, https:\/\/ingenieria.udd.cl\/impactoudd\/files\/2021\/11\/IMG_20211114_122740-2048x1536.jpg 2048w\" sizes=\"auto, (max-width: 1024px) 100vw, 1024px\" \/><\/figure><\/li><li class=\"blocks-gallery-item\"><figure><img loading=\"lazy\" decoding=\"async\" width=\"1024\" height=\"768\" src=\"https:\/\/ingenieria.udd.cl\/impactoudd\/files\/2021\/11\/IMG_20211114_121932-1024x768.jpg\" alt=\"\" data-id=\"1906\" data-full-url=\"https:\/\/ingenieria.udd.cl\/impactoudd\/files\/2021\/11\/IMG_20211114_121932-scaled.jpg\" data-link=\"https:\/\/ingenieria.udd.cl\/impactoudd\/?attachment_id=1906\" class=\"wp-image-1906\" srcset=\"https:\/\/ingenieria.udd.cl\/impactoudd\/files\/2021\/11\/IMG_20211114_121932-1024x768.jpg 1024w, https:\/\/ingenieria.udd.cl\/impactoudd\/files\/2021\/11\/IMG_20211114_121932-300x225.jpg 300w, https:\/\/ingenieria.udd.cl\/impactoudd\/files\/2021\/11\/IMG_20211114_121932-768x576.jpg 768w, https:\/\/ingenieria.udd.cl\/impactoudd\/files\/2021\/11\/IMG_20211114_121932-1536x1152.jpg 1536w, https:\/\/ingenieria.udd.cl\/impactoudd\/files\/2021\/11\/IMG_20211114_121932-2048x1536.jpg 2048w\" sizes=\"auto, (max-width: 1024px) 100vw, 1024px\" \/><\/figure><\/li><li class=\"blocks-gallery-item\"><figure><img loading=\"lazy\" decoding=\"async\" width=\"1024\" height=\"768\" src=\"https:\/\/ingenieria.udd.cl\/impactoudd\/files\/2021\/11\/IMG_20211114_121544-1024x768.jpg\" alt=\"\" data-id=\"1907\" data-full-url=\"https:\/\/ingenieria.udd.cl\/impactoudd\/files\/2021\/11\/IMG_20211114_121544-scaled.jpg\" data-link=\"https:\/\/ingenieria.udd.cl\/impactoudd\/?attachment_id=1907\" class=\"wp-image-1907\" srcset=\"https:\/\/ingenieria.udd.cl\/impactoudd\/files\/2021\/11\/IMG_20211114_121544-1024x768.jpg 1024w, https:\/\/ingenieria.udd.cl\/impactoudd\/files\/2021\/11\/IMG_20211114_121544-300x225.jpg 300w, https:\/\/ingenieria.udd.cl\/impactoudd\/files\/2021\/11\/IMG_20211114_121544-768x576.jpg 768w, https:\/\/ingenieria.udd.cl\/impactoudd\/files\/2021\/11\/IMG_20211114_121544-1536x1152.jpg 1536w, https:\/\/ingenieria.udd.cl\/impactoudd\/files\/2021\/11\/IMG_20211114_121544-2048x1536.jpg 2048w\" sizes=\"auto, (max-width: 1024px) 100vw, 1024px\" \/><\/figure><\/li><li class=\"blocks-gallery-item\"><figure><img loading=\"lazy\" decoding=\"async\" width=\"768\" height=\"1024\" src=\"https:\/\/ingenieria.udd.cl\/impactoudd\/files\/2021\/11\/IMG_20211113_135144-768x1024.jpg\" alt=\"\" data-id=\"1908\" data-full-url=\"https:\/\/ingenieria.udd.cl\/impactoudd\/files\/2021\/11\/IMG_20211113_135144-scaled.jpg\" data-link=\"https:\/\/ingenieria.udd.cl\/impactoudd\/?attachment_id=1908\" class=\"wp-image-1908\" srcset=\"https:\/\/ingenieria.udd.cl\/impactoudd\/files\/2021\/11\/IMG_20211113_135144-768x1024.jpg 768w, https:\/\/ingenieria.udd.cl\/impactoudd\/files\/2021\/11\/IMG_20211113_135144-225x300.jpg 225w, https:\/\/ingenieria.udd.cl\/impactoudd\/files\/2021\/11\/IMG_20211113_135144-1152x1536.jpg 1152w, https:\/\/ingenieria.udd.cl\/impactoudd\/files\/2021\/11\/IMG_20211113_135144-1536x2048.jpg 1536w, https:\/\/ingenieria.udd.cl\/impactoudd\/files\/2021\/11\/IMG_20211113_135144-scaled.jpg 1920w\" sizes=\"auto, (max-width: 768px) 100vw, 768px\" \/><\/figure><\/li><li class=\"blocks-gallery-item\"><figure><img loading=\"lazy\" decoding=\"async\" width=\"1024\" height=\"768\" src=\"https:\/\/ingenieria.udd.cl\/impactoudd\/files\/2021\/11\/IMG_20211113_130611-1024x768.jpg\" alt=\"\" data-id=\"1909\" data-full-url=\"https:\/\/ingenieria.udd.cl\/impactoudd\/files\/2021\/11\/IMG_20211113_130611-scaled.jpg\" data-link=\"https:\/\/ingenieria.udd.cl\/impactoudd\/?attachment_id=1909\" class=\"wp-image-1909\" srcset=\"https:\/\/ingenieria.udd.cl\/impactoudd\/files\/2021\/11\/IMG_20211113_130611-1024x768.jpg 1024w, https:\/\/ingenieria.udd.cl\/impactoudd\/files\/2021\/11\/IMG_20211113_130611-300x225.jpg 300w, https:\/\/ingenieria.udd.cl\/impactoudd\/files\/2021\/11\/IMG_20211113_130611-768x576.jpg 768w, https:\/\/ingenieria.udd.cl\/impactoudd\/files\/2021\/11\/IMG_20211113_130611-1536x1152.jpg 1536w, https:\/\/ingenieria.udd.cl\/impactoudd\/files\/2021\/11\/IMG_20211113_130611-2048x1536.jpg 2048w\" sizes=\"auto, (max-width: 1024px) 100vw, 1024px\" \/><\/figure><\/li><li class=\"blocks-gallery-item\"><figure><img loading=\"lazy\" decoding=\"async\" width=\"1024\" height=\"768\" src=\"https:\/\/ingenieria.udd.cl\/impactoudd\/files\/2021\/11\/IMG_20211113_114944-1024x768.jpg\" alt=\"\" data-id=\"1910\" data-full-url=\"https:\/\/ingenieria.udd.cl\/impactoudd\/files\/2021\/11\/IMG_20211113_114944-scaled.jpg\" data-link=\"https:\/\/ingenieria.udd.cl\/impactoudd\/?attachment_id=1910\" class=\"wp-image-1910\" srcset=\"https:\/\/ingenieria.udd.cl\/impactoudd\/files\/2021\/11\/IMG_20211113_114944-1024x768.jpg 1024w, https:\/\/ingenieria.udd.cl\/impactoudd\/files\/2021\/11\/IMG_20211113_114944-300x225.jpg 300w, https:\/\/ingenieria.udd.cl\/impactoudd\/files\/2021\/11\/IMG_20211113_114944-768x576.jpg 768w, https:\/\/ingenieria.udd.cl\/impactoudd\/files\/2021\/11\/IMG_20211113_114944-1536x1152.jpg 1536w, https:\/\/ingenieria.udd.cl\/impactoudd\/files\/2021\/11\/IMG_20211113_114944-2048x1536.jpg 2048w\" sizes=\"auto, (max-width: 1024px) 100vw, 1024px\" \/><\/figure><\/li><li class=\"blocks-gallery-item\"><figure><img loading=\"lazy\" decoding=\"async\" width=\"1024\" height=\"768\" src=\"https:\/\/ingenieria.udd.cl\/impactoudd\/files\/2021\/11\/IMG_20211113_114847-1024x768.jpg\" alt=\"\" data-id=\"1911\" data-full-url=\"https:\/\/ingenieria.udd.cl\/impactoudd\/files\/2021\/11\/IMG_20211113_114847-scaled.jpg\" data-link=\"https:\/\/ingenieria.udd.cl\/impactoudd\/?attachment_id=1911\" class=\"wp-image-1911\" srcset=\"https:\/\/ingenieria.udd.cl\/impactoudd\/files\/2021\/11\/IMG_20211113_114847-1024x768.jpg 1024w, https:\/\/ingenieria.udd.cl\/impactoudd\/files\/2021\/11\/IMG_20211113_114847-300x225.jpg 300w, https:\/\/ingenieria.udd.cl\/impactoudd\/files\/2021\/11\/IMG_20211113_114847-768x576.jpg 768w, https:\/\/ingenieria.udd.cl\/impactoudd\/files\/2021\/11\/IMG_20211113_114847-1536x1152.jpg 1536w, https:\/\/ingenieria.udd.cl\/impactoudd\/files\/2021\/11\/IMG_20211113_114847-2048x1536.jpg 2048w\" sizes=\"auto, (max-width: 1024px) 100vw, 1024px\" \/><\/figure><\/li><li class=\"blocks-gallery-item\"><figure><img loading=\"lazy\" decoding=\"async\" width=\"768\" height=\"1024\" src=\"https:\/\/ingenieria.udd.cl\/impactoudd\/files\/2021\/11\/IMG_20211113_114829-768x1024.jpg\" alt=\"\" data-id=\"1912\" data-full-url=\"https:\/\/ingenieria.udd.cl\/impactoudd\/files\/2021\/11\/IMG_20211113_114829-scaled.jpg\" data-link=\"https:\/\/ingenieria.udd.cl\/impactoudd\/?attachment_id=1912\" class=\"wp-image-1912\" srcset=\"https:\/\/ingenieria.udd.cl\/impactoudd\/files\/2021\/11\/IMG_20211113_114829-768x1024.jpg 768w, https:\/\/ingenieria.udd.cl\/impactoudd\/files\/2021\/11\/IMG_20211113_114829-225x300.jpg 225w, https:\/\/ingenieria.udd.cl\/impactoudd\/files\/2021\/11\/IMG_20211113_114829-1152x1536.jpg 1152w, https:\/\/ingenieria.udd.cl\/impactoudd\/files\/2021\/11\/IMG_20211113_114829-1536x2048.jpg 1536w, https:\/\/ingenieria.udd.cl\/impactoudd\/files\/2021\/11\/IMG_20211113_114829-scaled.jpg 1920w\" sizes=\"auto, (max-width: 768px) 100vw, 768px\" \/><\/figure><\/li><li class=\"blocks-gallery-item\"><figure><img loading=\"lazy\" decoding=\"async\" width=\"1024\" height=\"768\" src=\"https:\/\/ingenieria.udd.cl\/impactoudd\/files\/2021\/11\/IMG_20211113_104704-1024x768.jpg\" alt=\"\" data-id=\"1913\" data-full-url=\"https:\/\/ingenieria.udd.cl\/impactoudd\/files\/2021\/11\/IMG_20211113_104704-scaled.jpg\" data-link=\"https:\/\/ingenieria.udd.cl\/impactoudd\/?attachment_id=1913\" class=\"wp-image-1913\" srcset=\"https:\/\/ingenieria.udd.cl\/impactoudd\/files\/2021\/11\/IMG_20211113_104704-1024x768.jpg 1024w, https:\/\/ingenieria.udd.cl\/impactoudd\/files\/2021\/11\/IMG_20211113_104704-300x225.jpg 300w, https:\/\/ingenieria.udd.cl\/impactoudd\/files\/2021\/11\/IMG_20211113_104704-768x576.jpg 768w, https:\/\/ingenieria.udd.cl\/impactoudd\/files\/2021\/11\/IMG_20211113_104704-1536x1152.jpg 1536w, https:\/\/ingenieria.udd.cl\/impactoudd\/files\/2021\/11\/IMG_20211113_104704-2048x1536.jpg 2048w\" sizes=\"auto, (max-width: 1024px) 100vw, 1024px\" \/><\/figure><\/li><\/ul><\/figure>\n","protected":false},"excerpt":{"rendered":"<p>En la comuna de Hualp\u00e9n en la residencia Tupahue de la Protectora de la Infancia, en la Regi\u00f3n del Biob\u00edo, Estudiantes de todas las carreras de la UDD, ni\u00f1os y ni\u00f1os junto a sus familias participaron en una jornada medioambiental que se realiz\u00f3 del 12 al 14 de noviembre, la cual tuvo por objetivo desarrollar [&hellip;]<\/p>\n","protected":false},"author":9192223,"featured_media":1833,"comment_status":"open","ping_status":"open","sticky":false,"template":"","format":"standard","meta":{"footnotes":""},"categories":[7,5,6],"tags":[],"class_list":["post-1903","post","type-post","status-publish","format-standard","has-post-thumbnail","hentry","category-iinoticias","category-noticias","category-noticias-impacto"],"yoast_head":"<!-- This site is optimized with the Yoast SEO plugin v26.9 - https:\/\/yoast.com\/product\/yoast-seo-wordpress\/ -->\n<title>Impacto UDD realiz\u00f3 jornadas medioambientales en la sede Hualp\u00e9n de la Protectora de la Infancia \ufeff - Impacto UDD<\/title>\n<meta name=\"robots\" content=\"index, follow, max-snippet:-1, max-image-preview:large, max-video-preview:-1\" \/>\n<link rel=\"canonical\" href=\"https:\/\/ingenieria.udd.cl\/impactoudd\/2021\/11\/30\/impacto-udd-realizo-jornadas-medioambientales-en-la-sede-hualpen-de-la-protectora-de-la-infancia-\ufeff\/\" \/>\n<meta property=\"og:locale\" content=\"es_ES\" \/>\n<meta property=\"og:type\" content=\"article\" \/>\n<meta property=\"og:title\" content=\"Impacto UDD realiz\u00f3 jornadas medioambientales en la sede Hualp\u00e9n de la Protectora de la Infancia \ufeff - Impacto UDD\" \/>\n<meta property=\"og:description\" content=\"En la comuna de Hualp\u00e9n en la residencia Tupahue de la Protectora de la Infancia, en la Regi\u00f3n del Biob\u00edo, Estudiantes de todas las carreras de la UDD, ni\u00f1os y ni\u00f1os junto a sus familias participaron en una jornada medioambiental que se realiz\u00f3 del 12 al 14 de noviembre, la cual tuvo por objetivo desarrollar [&hellip;]\" \/>\n<meta property=\"og:url\" content=\"https:\/\/ingenieria.udd.cl\/impactoudd\/2021\/11\/30\/impacto-udd-realizo-jornadas-medioambientales-en-la-sede-hualpen-de-la-protectora-de-la-infancia-\ufeff\/\" \/>\n<meta property=\"og:site_name\" content=\"Impacto UDD\" \/>\n<meta property=\"article:published_time\" content=\"2021-11-30T17:06:07+00:00\" \/>\n<meta property=\"article:modified_time\" content=\"2021-11-30T17:06:08+00:00\" \/>\n<meta property=\"og:image\" content=\"https:\/\/ingenieria.udd.cl\/impactoudd\/files\/2021\/10\/flyer-final.jpeg\" \/>\n\t<meta property=\"og:image:width\" content=\"869\" \/>\n\t<meta property=\"og:image:height\" content=\"1229\" \/>\n\t<meta property=\"og:image:type\" content=\"image\/jpeg\" \/>\n<meta name=\"author\" content=\"pbreuer\" \/>\n<meta name=\"twitter:card\" content=\"summary_large_image\" \/>\n<meta name=\"twitter:label1\" content=\"Escrito por\" \/>\n\t<meta name=\"twitter:data1\" content=\"pbreuer\" \/>\n\t<meta name=\"twitter:label2\" content=\"Tiempo de lectura\" \/>\n\t<meta name=\"twitter:data2\" content=\"2 minutos\" \/>\n<script type=\"application\/ld+json\" class=\"yoast-schema-graph\">{\"@context\":\"https:\/\/schema.org\",\"@graph\":[{\"@type\":\"Article\",\"@id\":\"https:\/\/ingenieria.udd.cl\/impactoudd\/2021\/11\/30\/impacto-udd-realizo-jornadas-medioambientales-en-la-sede-hualpen-de-la-protectora-de-la-infancia-%ef%bb%bf\/#article\",\"isPartOf\":{\"@id\":\"https:\/\/ingenieria.udd.cl\/impactoudd\/2021\/11\/30\/impacto-udd-realizo-jornadas-medioambientales-en-la-sede-hualpen-de-la-protectora-de-la-infancia-%ef%bb%bf\/\"},\"author\":{\"name\":\"pbreuer\",\"@id\":\"https:\/\/ingenieria.udd.cl\/impactoudd\/#\/schema\/person\/1eef18c196c1c81df7fb8ff434641089\"},\"headline\":\"Impacto UDD realiz\u00f3 jornadas medioambientales en la sede Hualp\u00e9n de la Protectora de la Infancia \ufeff\",\"datePublished\":\"2021-11-30T17:06:07+00:00\",\"dateModified\":\"2021-11-30T17:06:08+00:00\",\"mainEntityOfPage\":{\"@id\":\"https:\/\/ingenieria.udd.cl\/impactoudd\/2021\/11\/30\/impacto-udd-realizo-jornadas-medioambientales-en-la-sede-hualpen-de-la-protectora-de-la-infancia-%ef%bb%bf\/\"},\"wordCount\":505,\"commentCount\":0,\"image\":{\"@id\":\"https:\/\/ingenieria.udd.cl\/impactoudd\/2021\/11\/30\/impacto-udd-realizo-jornadas-medioambientales-en-la-sede-hualpen-de-la-protectora-de-la-infancia-%ef%bb%bf\/#primaryimage\"},\"thumbnailUrl\":\"https:\/\/ingenieria.udd.cl\/impactoudd\/files\/2021\/10\/flyer-final.jpeg\",\"articleSection\":[\"iinoticias\",\"Noticias\",\"Noticias Impacto\"],\"inLanguage\":\"es\",\"potentialAction\":[{\"@type\":\"CommentAction\",\"name\":\"Comment\",\"target\":[\"https:\/\/ingenieria.udd.cl\/impactoudd\/2021\/11\/30\/impacto-udd-realizo-jornadas-medioambientales-en-la-sede-hualpen-de-la-protectora-de-la-infancia-%ef%bb%bf\/#respond\"]}]},{\"@type\":\"WebPage\",\"@id\":\"https:\/\/ingenieria.udd.cl\/impactoudd\/2021\/11\/30\/impacto-udd-realizo-jornadas-medioambientales-en-la-sede-hualpen-de-la-protectora-de-la-infancia-%ef%bb%bf\/\",\"url\":\"https:\/\/ingenieria.udd.cl\/impactoudd\/2021\/11\/30\/impacto-udd-realizo-jornadas-medioambientales-en-la-sede-hualpen-de-la-protectora-de-la-infancia-%ef%bb%bf\/\",\"name\":\"Impacto UDD realiz\u00f3 jornadas medioambientales en la sede Hualp\u00e9n de la Protectora de la Infancia \ufeff - Impacto UDD\",\"isPartOf\":{\"@id\":\"https:\/\/ingenieria.udd.cl\/impactoudd\/#website\"},\"primaryImageOfPage\":{\"@id\":\"https:\/\/ingenieria.udd.cl\/impactoudd\/2021\/11\/30\/impacto-udd-realizo-jornadas-medioambientales-en-la-sede-hualpen-de-la-protectora-de-la-infancia-%ef%bb%bf\/#primaryimage\"},\"image\":{\"@id\":\"https:\/\/ingenieria.udd.cl\/impactoudd\/2021\/11\/30\/impacto-udd-realizo-jornadas-medioambientales-en-la-sede-hualpen-de-la-protectora-de-la-infancia-%ef%bb%bf\/#primaryimage\"},\"thumbnailUrl\":\"https:\/\/ingenieria.udd.cl\/impactoudd\/files\/2021\/10\/flyer-final.jpeg\",\"datePublished\":\"2021-11-30T17:06:07+00:00\",\"dateModified\":\"2021-11-30T17:06:08+00:00\",\"author\":{\"@id\":\"https:\/\/ingenieria.udd.cl\/impactoudd\/#\/schema\/person\/1eef18c196c1c81df7fb8ff434641089\"},\"breadcrumb\":{\"@id\":\"https:\/\/ingenieria.udd.cl\/impactoudd\/2021\/11\/30\/impacto-udd-realizo-jornadas-medioambientales-en-la-sede-hualpen-de-la-protectora-de-la-infancia-%ef%bb%bf\/#breadcrumb\"},\"inLanguage\":\"es\",\"potentialAction\":[{\"@type\":\"ReadAction\",\"target\":[\"https:\/\/ingenieria.udd.cl\/impactoudd\/2021\/11\/30\/impacto-udd-realizo-jornadas-medioambientales-en-la-sede-hualpen-de-la-protectora-de-la-infancia-%ef%bb%bf\/\"]}]},{\"@type\":\"ImageObject\",\"inLanguage\":\"es\",\"@id\":\"https:\/\/ingenieria.udd.cl\/impactoudd\/2021\/11\/30\/impacto-udd-realizo-jornadas-medioambientales-en-la-sede-hualpen-de-la-protectora-de-la-infancia-%ef%bb%bf\/#primaryimage\",\"url\":\"https:\/\/ingenieria.udd.cl\/impactoudd\/files\/2021\/10\/flyer-final.jpeg\",\"contentUrl\":\"https:\/\/ingenieria.udd.cl\/impactoudd\/files\/2021\/10\/flyer-final.jpeg\",\"width\":869,\"height\":1229},{\"@type\":\"BreadcrumbList\",\"@id\":\"https:\/\/ingenieria.udd.cl\/impactoudd\/2021\/11\/30\/impacto-udd-realizo-jornadas-medioambientales-en-la-sede-hualpen-de-la-protectora-de-la-infancia-%ef%bb%bf\/#breadcrumb\",\"itemListElement\":[{\"@type\":\"ListItem\",\"position\":1,\"name\":\"Portada\",\"item\":\"https:\/\/ingenieria.udd.cl\/impactoudd\/\"},{\"@type\":\"ListItem\",\"position\":2,\"name\":\"Impacto UDD realiz\u00f3 jornadas medioambientales en la sede Hualp\u00e9n de la Protectora de la Infancia \ufeff\"}]},{\"@type\":\"WebSite\",\"@id\":\"https:\/\/ingenieria.udd.cl\/impactoudd\/#website\",\"url\":\"https:\/\/ingenieria.udd.cl\/impactoudd\/\",\"name\":\"Impacto UDD\",\"description\":\"Otro sitio m\u00e1s de Ingenieria\",\"inLanguage\":\"es\"},{\"@type\":\"Person\",\"@id\":\"https:\/\/ingenieria.udd.cl\/impactoudd\/#\/schema\/person\/1eef18c196c1c81df7fb8ff434641089\",\"name\":\"pbreuer\",\"image\":{\"@type\":\"ImageObject\",\"inLanguage\":\"es\",\"@id\":\"https:\/\/ingenieria.udd.cl\/impactoudd\/#\/schema\/person\/image\/\",\"url\":\"https:\/\/secure.gravatar.com\/avatar\/d57a8f0ed792691ec021fbbf675332d199c4490763ac14800f6fc2463339626d?s=96&d=mm&r=g\",\"contentUrl\":\"https:\/\/secure.gravatar.com\/avatar\/d57a8f0ed792691ec021fbbf675332d199c4490763ac14800f6fc2463339626d?s=96&d=mm&r=g\",\"caption\":\"pbreuer\"},\"url\":\"https:\/\/ingenieria.udd.cl\/impactoudd\/author\/pbreuer\/\"}]}<\/script>\n<!-- \/ Yoast SEO plugin. -->","yoast_head_json":{"title":"Impacto UDD realiz\u00f3 jornadas medioambientales en la sede Hualp\u00e9n de la Protectora de la Infancia \ufeff - Impacto UDD","robots":{"index":"index","follow":"follow","max-snippet":"max-snippet:-1","max-image-preview":"max-image-preview:large","max-video-preview":"max-video-preview:-1"},"canonical":"https:\/\/ingenieria.udd.cl\/impactoudd\/2021\/11\/30\/impacto-udd-realizo-jornadas-medioambientales-en-la-sede-hualpen-de-la-protectora-de-la-infancia-\ufeff\/","og_locale":"es_ES","og_type":"article","og_title":"Impacto UDD realiz\u00f3 jornadas medioambientales en la sede Hualp\u00e9n de la Protectora de la Infancia \ufeff - Impacto UDD","og_description":"En la comuna de Hualp\u00e9n en la residencia Tupahue de la Protectora de la Infancia, en la Regi\u00f3n del Biob\u00edo, Estudiantes de todas las carreras de la UDD, ni\u00f1os y ni\u00f1os junto a sus familias participaron en una jornada medioambiental que se realiz\u00f3 del 12 al 14 de noviembre, la cual tuvo por objetivo desarrollar [&hellip;]","og_url":"https:\/\/ingenieria.udd.cl\/impactoudd\/2021\/11\/30\/impacto-udd-realizo-jornadas-medioambientales-en-la-sede-hualpen-de-la-protectora-de-la-infancia-\ufeff\/","og_site_name":"Impacto UDD","article_published_time":"2021-11-30T17:06:07+00:00","article_modified_time":"2021-11-30T17:06:08+00:00","og_image":[{"width":869,"height":1229,"url":"https:\/\/ingenieria.udd.cl\/impactoudd\/files\/2021\/10\/flyer-final.jpeg","type":"image\/jpeg"}],"author":"pbreuer","twitter_card":"summary_large_image","twitter_misc":{"Escrito por":"pbreuer","Tiempo de lectura":"2 minutos"},"schema":{"@context":"https:\/\/schema.org","@graph":[{"@type":"Article","@id":"https:\/\/ingenieria.udd.cl\/impactoudd\/2021\/11\/30\/impacto-udd-realizo-jornadas-medioambientales-en-la-sede-hualpen-de-la-protectora-de-la-infancia-%ef%bb%bf\/#article","isPartOf":{"@id":"https:\/\/ingenieria.udd.cl\/impactoudd\/2021\/11\/30\/impacto-udd-realizo-jornadas-medioambientales-en-la-sede-hualpen-de-la-protectora-de-la-infancia-%ef%bb%bf\/"},"author":{"name":"pbreuer","@id":"https:\/\/ingenieria.udd.cl\/impactoudd\/#\/schema\/person\/1eef18c196c1c81df7fb8ff434641089"},"headline":"Impacto UDD realiz\u00f3 jornadas medioambientales en la sede Hualp\u00e9n de la Protectora de la Infancia \ufeff","datePublished":"2021-11-30T17:06:07+00:00","dateModified":"2021-11-30T17:06:08+00:00","mainEntityOfPage":{"@id":"https:\/\/ingenieria.udd.cl\/impactoudd\/2021\/11\/30\/impacto-udd-realizo-jornadas-medioambientales-en-la-sede-hualpen-de-la-protectora-de-la-infancia-%ef%bb%bf\/"},"wordCount":505,"commentCount":0,"image":{"@id":"https:\/\/ingenieria.udd.cl\/impactoudd\/2021\/11\/30\/impacto-udd-realizo-jornadas-medioambientales-en-la-sede-hualpen-de-la-protectora-de-la-infancia-%ef%bb%bf\/#primaryimage"},"thumbnailUrl":"https:\/\/ingenieria.udd.cl\/impactoudd\/files\/2021\/10\/flyer-final.jpeg","articleSection":["iinoticias","Noticias","Noticias Impacto"],"inLanguage":"es","potentialAction":[{"@type":"CommentAction","name":"Comment","target":["https:\/\/ingenieria.udd.cl\/impactoudd\/2021\/11\/30\/impacto-udd-realizo-jornadas-medioambientales-en-la-sede-hualpen-de-la-protectora-de-la-infancia-%ef%bb%bf\/#respond"]}]},{"@type":"WebPage","@id":"https:\/\/ingenieria.udd.cl\/impactoudd\/2021\/11\/30\/impacto-udd-realizo-jornadas-medioambientales-en-la-sede-hualpen-de-la-protectora-de-la-infancia-%ef%bb%bf\/","url":"https:\/\/ingenieria.udd.cl\/impactoudd\/2021\/11\/30\/impacto-udd-realizo-jornadas-medioambientales-en-la-sede-hualpen-de-la-protectora-de-la-infancia-%ef%bb%bf\/","name":"Impacto UDD realiz\u00f3 jornadas medioambientales en la sede Hualp\u00e9n de la Protectora de la Infancia \ufeff - Impacto UDD","isPartOf":{"@id":"https:\/\/ingenieria.udd.cl\/impactoudd\/#website"},"primaryImageOfPage":{"@id":"https:\/\/ingenieria.udd.cl\/impactoudd\/2021\/11\/30\/impacto-udd-realizo-jornadas-medioambientales-en-la-sede-hualpen-de-la-protectora-de-la-infancia-%ef%bb%bf\/#primaryimage"},"image":{"@id":"https:\/\/ingenieria.udd.cl\/impactoudd\/2021\/11\/30\/impacto-udd-realizo-jornadas-medioambientales-en-la-sede-hualpen-de-la-protectora-de-la-infancia-%ef%bb%bf\/#primaryimage"},"thumbnailUrl":"https:\/\/ingenieria.udd.cl\/impactoudd\/files\/2021\/10\/flyer-final.jpeg","datePublished":"2021-11-30T17:06:07+00:00","dateModified":"2021-11-30T17:06:08+00:00","author":{"@id":"https:\/\/ingenieria.udd.cl\/impactoudd\/#\/schema\/person\/1eef18c196c1c81df7fb8ff434641089"},"breadcrumb":{"@id":"https:\/\/ingenieria.udd.cl\/impactoudd\/2021\/11\/30\/impacto-udd-realizo-jornadas-medioambientales-en-la-sede-hualpen-de-la-protectora-de-la-infancia-%ef%bb%bf\/#breadcrumb"},"inLanguage":"es","potentialAction":[{"@type":"ReadAction","target":["https:\/\/ingenieria.udd.cl\/impactoudd\/2021\/11\/30\/impacto-udd-realizo-jornadas-medioambientales-en-la-sede-hualpen-de-la-protectora-de-la-infancia-%ef%bb%bf\/"]}]},{"@type":"ImageObject","inLanguage":"es","@id":"https:\/\/ingenieria.udd.cl\/impactoudd\/2021\/11\/30\/impacto-udd-realizo-jornadas-medioambientales-en-la-sede-hualpen-de-la-protectora-de-la-infancia-%ef%bb%bf\/#primaryimage","url":"https:\/\/ingenieria.udd.cl\/impactoudd\/files\/2021\/10\/flyer-final.jpeg","contentUrl":"https:\/\/ingenieria.udd.cl\/impactoudd\/files\/2021\/10\/flyer-final.jpeg","width":869,"height":1229},{"@type":"BreadcrumbList","@id":"https:\/\/ingenieria.udd.cl\/impactoudd\/2021\/11\/30\/impacto-udd-realizo-jornadas-medioambientales-en-la-sede-hualpen-de-la-protectora-de-la-infancia-%ef%bb%bf\/#breadcrumb","itemListElement":[{"@type":"ListItem","position":1,"name":"Portada","item":"https:\/\/ingenieria.udd.cl\/impactoudd\/"},{"@type":"ListItem","position":2,"name":"Impacto UDD realiz\u00f3 jornadas medioambientales en la sede Hualp\u00e9n de la Protectora de la Infancia \ufeff"}]},{"@type":"WebSite","@id":"https:\/\/ingenieria.udd.cl\/impactoudd\/#website","url":"https:\/\/ingenieria.udd.cl\/impactoudd\/","name":"Impacto UDD","description":"Otro sitio m\u00e1s de Ingenieria","inLanguage":"es"},{"@type":"Person","@id":"https:\/\/ingenieria.udd.cl\/impactoudd\/#\/schema\/person\/1eef18c196c1c81df7fb8ff434641089","name":"pbreuer","image":{"@type":"ImageObject","inLanguage":"es","@id":"https:\/\/ingenieria.udd.cl\/impactoudd\/#\/schema\/person\/image\/","url":"https:\/\/secure.gravatar.com\/avatar\/d57a8f0ed792691ec021fbbf675332d199c4490763ac14800f6fc2463339626d?s=96&d=mm&r=g","contentUrl":"https:\/\/secure.gravatar.com\/avatar\/d57a8f0ed792691ec021fbbf675332d199c4490763ac14800f6fc2463339626d?s=96&d=mm&r=g","caption":"pbreuer"},"url":"https:\/\/ingenieria.udd.cl\/impactoudd\/author\/pbreuer\/"}]}},"featured_image_url":"https:\/\/ingenieria.udd.cl\/impactoudd\/files\/2021\/10\/flyer-final.jpeg","_links":{"self":[{"href":"https:\/\/ingenieria.udd.cl\/impactoudd\/wp-json\/wp\/v2\/posts\/1903","targetHints":{"allow":["GET"]}}],"collection":[{"href":"https:\/\/ingenieria.udd.cl\/impactoudd\/wp-json\/wp\/v2\/posts"}],"about":[{"href":"https:\/\/ingenieria.udd.cl\/impactoudd\/wp-json\/wp\/v2\/types\/post"}],"author":[{"embeddable":true,"href":"https:\/\/ingenieria.udd.cl\/impactoudd\/wp-json\/wp\/v2\/users\/9192223"}],"replies":[{"embeddable":true,"href":"https:\/\/ingenieria.udd.cl\/impactoudd\/wp-json\/wp\/v2\/comments?post=1903"}],"version-history":[{"count":1,"href":"https:\/\/ingenieria.udd.cl\/impactoudd\/wp-json\/wp\/v2\/posts\/1903\/revisions"}],"predecessor-version":[{"id":1914,"href":"https:\/\/ingenieria.udd.cl\/impactoudd\/wp-json\/wp\/v2\/posts\/1903\/revisions\/1914"}],"wp:featuredmedia":[{"embeddable":true,"href":"https:\/\/ingenieria.udd.cl\/impactoudd\/wp-json\/wp\/v2\/media\/1833"}],"wp:attachment":[{"href":"https:\/\/ingenieria.udd.cl\/impactoudd\/wp-json\/wp\/v2\/media?parent=1903"}],"wp:term":[{"taxonomy":"category","embeddable":true,"href":"https:\/\/ingenieria.udd.cl\/impactoudd\/wp-json\/wp\/v2\/categories?post=1903"},{"taxonomy":"post_tag","embeddable":true,"href":"https:\/\/ingenieria.udd.cl\/impactoudd\/wp-json\/wp\/v2\/tags?post=1903"}],"curies":[{"name":"wp","href":"https:\/\/api.w.org\/{rel}","templated":true}]}}