{"id":541,"date":"2020-04-13T16:21:10","date_gmt":"2020-04-13T16:21:10","guid":{"rendered":"https:\/\/impacto.udd.cl\/?p=541"},"modified":"2020-04-13T16:21:10","modified_gmt":"2020-04-13T16:21:10","slug":"impactoudd-desarrolla-alianzas-con-coaniquem-y-protectora-de-la-infancia-para-generar-proyectos-interdisciplinarios","status":"publish","type":"post","link":"https:\/\/ingenieria.udd.cl\/impactoudd\/2020\/04\/13\/impactoudd-desarrolla-alianzas-con-coaniquem-y-protectora-de-la-infancia-para-generar-proyectos-interdisciplinarios\/","title":{"rendered":"ImpactoUDD desarrolla alianzas con Coaniquem y Protectora de la Infancia para generar proyectos interdisciplinarios"},"content":{"rendered":"\n<p>En el marco de la modalidad de desarrollo de proyectos con impacto social que impulsa ImpactoUDD (con la opci\u00f3n para que estudiantes obtengan cr\u00e9ditos extradisciplinares electivos), las fundaciones Coaniquem y Protectora de la Infancia presentaron diversos desaf\u00edos a alumnos para resolver durante este semestre y que se dar\u00e1n continuidad a lo largo del a\u00f1o.&nbsp;<br><\/p>\n\n\n\n<p>Coaniquem, organizaci\u00f3n sin fines de lucro que rehabilita de forma integral y gratuita a ni\u00f1os y j\u00f3venes que hayan sufrido quemaduras, present\u00f3 los desaf\u00edos que enfrentan para optimizar sus procesos de sus Tiendas Solidarias y del Centro de Acopio.<br><\/p>\n\n\n\n<p>El Centro de Acopio o distribuci\u00f3n, que hoy responde a la contingencia, demanda y urgencia, requiere organizar sus procesos internos, de gesti\u00f3n e inventariado, manejo de voluntarios (cuentan con dos personas a cargo de la clasificaci\u00f3n), organizaci\u00f3n del espacio, junto con una mejora en la distribuci\u00f3n de donaciones desde y hacia las Tiendas Solidarias.&nbsp;<br><\/p>\n\n\n\n<p>Para ellos, los estudiantes vinculados a ImpactoUDD y tambi\u00e9n desde los ramos de taller de consultor\u00eda (TC) y de proyectos de Ingenier\u00eda (TPI) se enfocaron en aportar con propuestas de mejora para los sistemas de inventario, seguimiento y etiquetado, al tiempo que se educar a la gente para que sepan qu\u00e9 donar y c\u00f3mo a las tiendas.\u00a0<br><\/p>\n\n\n\n<p>Por su parte, Protectora de la Infancia, organizaci\u00f3n laica sin fines de lucro dedicada a crear servicios de acuerdo a las necesidades de los ni\u00f1os m\u00e1s desprotegidos de Chile, integr\u00f3 a un grupo de estudiantes de ImpactoUDD para trabajar en el diagn\u00f3stico y plan de implementaci\u00f3n de mejoras en torno a la sustentabilidad de los programas social de La Protectora (Prevenci\u00f3n y Reparaci\u00f3n), considerando temas de reciclaje, gesti\u00f3n de residuos, compostaje, huertos y otros aspectos medioambientales. Del mismo modo, estudiantes vinculados a los ramos de TC y TPI est\u00e1n enfocados en dise\u00f1ar una propuesta de marketing que permita vender productos solidarios y en un diagn\u00f3stico de\u00a0 transformaci\u00f3n digital y un plan de Sustentabilidad para la casa de acogida de puente alto.\u00a0\u00a0<br><\/p>\n\n\n\n<p>Los alumnos trabajar\u00e1n en torno a dichos desaf\u00edos con el acompa\u00f1amiento de ImpactoUDD, es decir, aplicando conocimientos t\u00e9cnicos y especializados promoviendo transformaciones sostenibles, validadas y apropiadas por las comunidades. Si quieres conocer las estrategias que se ejecutar\u00e1n para resolver los desaf\u00edos planteados, te invitamos a visitar el sitio web <a href=\"https:\/\/impacto.udd.cl\/inicio\/proyectos\/\">https:\/\/impacto.udd.cl\/inicio\/proyectos\/<\/a><\/p>\n\n\n\n<p><\/p>\n","protected":false},"excerpt":{"rendered":"<p>En el marco de la modalidad de desarrollo de proyectos con impacto social que impulsa ImpactoUDD (con la opci\u00f3n para que estudiantes obtengan cr\u00e9ditos extradisciplinares electivos), las fundaciones Coaniquem y Protectora de la Infancia presentaron diversos desaf\u00edos a alumnos para resolver durante este semestre y que se dar\u00e1n continuidad a lo largo del a\u00f1o.&nbsp; Coaniquem, [&hellip;]<\/p>\n","protected":false},"author":9192223,"featured_media":0,"comment_status":"closed","ping_status":"open","sticky":false,"template":"","format":"standard","meta":{"footnotes":""},"categories":[7,6],"tags":[],"class_list":["post-541","post","type-post","status-publish","format-standard","hentry","category-iinoticias","category-noticias-impacto"],"yoast_head":"<!-- This site is optimized with the Yoast SEO plugin v26.9 - https:\/\/yoast.com\/product\/yoast-seo-wordpress\/ -->\n<title>ImpactoUDD desarrolla alianzas con Coaniquem y Protectora de la Infancia para generar proyectos interdisciplinarios - Impacto UDD<\/title>\n<meta name=\"robots\" content=\"index, follow, max-snippet:-1, max-image-preview:large, max-video-preview:-1\" \/>\n<link rel=\"canonical\" href=\"https:\/\/ingenieria.udd.cl\/impactoudd\/2020\/04\/13\/impactoudd-desarrolla-alianzas-con-coaniquem-y-protectora-de-la-infancia-para-generar-proyectos-interdisciplinarios\/\" \/>\n<meta property=\"og:locale\" content=\"es_ES\" \/>\n<meta property=\"og:type\" content=\"article\" \/>\n<meta property=\"og:title\" content=\"ImpactoUDD desarrolla alianzas con Coaniquem y Protectora de la Infancia para generar proyectos interdisciplinarios - Impacto UDD\" \/>\n<meta property=\"og:description\" content=\"En el marco de la modalidad de desarrollo de proyectos con impacto social que impulsa ImpactoUDD (con la opci\u00f3n para que estudiantes obtengan cr\u00e9ditos extradisciplinares electivos), las fundaciones Coaniquem y Protectora de la Infancia presentaron diversos desaf\u00edos a alumnos para resolver durante este semestre y que se dar\u00e1n continuidad a lo largo del a\u00f1o.&nbsp; Coaniquem, [&hellip;]\" \/>\n<meta property=\"og:url\" content=\"https:\/\/ingenieria.udd.cl\/impactoudd\/2020\/04\/13\/impactoudd-desarrolla-alianzas-con-coaniquem-y-protectora-de-la-infancia-para-generar-proyectos-interdisciplinarios\/\" \/>\n<meta property=\"og:site_name\" content=\"Impacto UDD\" \/>\n<meta property=\"article:published_time\" content=\"2020-04-13T16:21:10+00:00\" \/>\n<meta name=\"author\" content=\"pbreuer\" \/>\n<meta name=\"twitter:card\" content=\"summary_large_image\" \/>\n<meta name=\"twitter:label1\" content=\"Escrito por\" \/>\n\t<meta name=\"twitter:data1\" content=\"pbreuer\" \/>\n\t<meta name=\"twitter:label2\" content=\"Tiempo de lectura\" \/>\n\t<meta name=\"twitter:data2\" content=\"2 minutos\" \/>\n<script type=\"application\/ld+json\" class=\"yoast-schema-graph\">{\"@context\":\"https:\/\/schema.org\",\"@graph\":[{\"@type\":\"Article\",\"@id\":\"https:\/\/ingenieria.udd.cl\/impactoudd\/2020\/04\/13\/impactoudd-desarrolla-alianzas-con-coaniquem-y-protectora-de-la-infancia-para-generar-proyectos-interdisciplinarios\/#article\",\"isPartOf\":{\"@id\":\"https:\/\/ingenieria.udd.cl\/impactoudd\/2020\/04\/13\/impactoudd-desarrolla-alianzas-con-coaniquem-y-protectora-de-la-infancia-para-generar-proyectos-interdisciplinarios\/\"},\"author\":{\"name\":\"pbreuer\",\"@id\":\"https:\/\/ingenieria.udd.cl\/impactoudd\/#\/schema\/person\/1eef18c196c1c81df7fb8ff434641089\"},\"headline\":\"ImpactoUDD desarrolla alianzas con Coaniquem y Protectora de la Infancia para generar proyectos interdisciplinarios\",\"datePublished\":\"2020-04-13T16:21:10+00:00\",\"mainEntityOfPage\":{\"@id\":\"https:\/\/ingenieria.udd.cl\/impactoudd\/2020\/04\/13\/impactoudd-desarrolla-alianzas-con-coaniquem-y-protectora-de-la-infancia-para-generar-proyectos-interdisciplinarios\/\"},\"wordCount\":432,\"articleSection\":[\"iinoticias\",\"Noticias Impacto\"],\"inLanguage\":\"es\"},{\"@type\":\"WebPage\",\"@id\":\"https:\/\/ingenieria.udd.cl\/impactoudd\/2020\/04\/13\/impactoudd-desarrolla-alianzas-con-coaniquem-y-protectora-de-la-infancia-para-generar-proyectos-interdisciplinarios\/\",\"url\":\"https:\/\/ingenieria.udd.cl\/impactoudd\/2020\/04\/13\/impactoudd-desarrolla-alianzas-con-coaniquem-y-protectora-de-la-infancia-para-generar-proyectos-interdisciplinarios\/\",\"name\":\"ImpactoUDD desarrolla alianzas con Coaniquem y Protectora de la Infancia para generar proyectos interdisciplinarios - Impacto UDD\",\"isPartOf\":{\"@id\":\"https:\/\/ingenieria.udd.cl\/impactoudd\/#website\"},\"datePublished\":\"2020-04-13T16:21:10+00:00\",\"author\":{\"@id\":\"https:\/\/ingenieria.udd.cl\/impactoudd\/#\/schema\/person\/1eef18c196c1c81df7fb8ff434641089\"},\"breadcrumb\":{\"@id\":\"https:\/\/ingenieria.udd.cl\/impactoudd\/2020\/04\/13\/impactoudd-desarrolla-alianzas-con-coaniquem-y-protectora-de-la-infancia-para-generar-proyectos-interdisciplinarios\/#breadcrumb\"},\"inLanguage\":\"es\",\"potentialAction\":[{\"@type\":\"ReadAction\",\"target\":[\"https:\/\/ingenieria.udd.cl\/impactoudd\/2020\/04\/13\/impactoudd-desarrolla-alianzas-con-coaniquem-y-protectora-de-la-infancia-para-generar-proyectos-interdisciplinarios\/\"]}]},{\"@type\":\"BreadcrumbList\",\"@id\":\"https:\/\/ingenieria.udd.cl\/impactoudd\/2020\/04\/13\/impactoudd-desarrolla-alianzas-con-coaniquem-y-protectora-de-la-infancia-para-generar-proyectos-interdisciplinarios\/#breadcrumb\",\"itemListElement\":[{\"@type\":\"ListItem\",\"position\":1,\"name\":\"Portada\",\"item\":\"https:\/\/ingenieria.udd.cl\/impactoudd\/\"},{\"@type\":\"ListItem\",\"position\":2,\"name\":\"ImpactoUDD desarrolla alianzas con Coaniquem y Protectora de la Infancia para generar proyectos interdisciplinarios\"}]},{\"@type\":\"WebSite\",\"@id\":\"https:\/\/ingenieria.udd.cl\/impactoudd\/#website\",\"url\":\"https:\/\/ingenieria.udd.cl\/impactoudd\/\",\"name\":\"Impacto UDD\",\"description\":\"Otro sitio m\u00e1s de Ingenieria\",\"inLanguage\":\"es\"},{\"@type\":\"Person\",\"@id\":\"https:\/\/ingenieria.udd.cl\/impactoudd\/#\/schema\/person\/1eef18c196c1c81df7fb8ff434641089\",\"name\":\"pbreuer\",\"image\":{\"@type\":\"ImageObject\",\"inLanguage\":\"es\",\"@id\":\"https:\/\/ingenieria.udd.cl\/impactoudd\/#\/schema\/person\/image\/\",\"url\":\"https:\/\/secure.gravatar.com\/avatar\/d57a8f0ed792691ec021fbbf675332d199c4490763ac14800f6fc2463339626d?s=96&d=mm&r=g\",\"contentUrl\":\"https:\/\/secure.gravatar.com\/avatar\/d57a8f0ed792691ec021fbbf675332d199c4490763ac14800f6fc2463339626d?s=96&d=mm&r=g\",\"caption\":\"pbreuer\"},\"url\":\"https:\/\/ingenieria.udd.cl\/impactoudd\/author\/pbreuer\/\"}]}<\/script>\n<!-- \/ Yoast SEO plugin. -->","yoast_head_json":{"title":"ImpactoUDD desarrolla alianzas con Coaniquem y Protectora de la Infancia para generar proyectos interdisciplinarios - Impacto UDD","robots":{"index":"index","follow":"follow","max-snippet":"max-snippet:-1","max-image-preview":"max-image-preview:large","max-video-preview":"max-video-preview:-1"},"canonical":"https:\/\/ingenieria.udd.cl\/impactoudd\/2020\/04\/13\/impactoudd-desarrolla-alianzas-con-coaniquem-y-protectora-de-la-infancia-para-generar-proyectos-interdisciplinarios\/","og_locale":"es_ES","og_type":"article","og_title":"ImpactoUDD desarrolla alianzas con Coaniquem y Protectora de la Infancia para generar proyectos interdisciplinarios - Impacto UDD","og_description":"En el marco de la modalidad de desarrollo de proyectos con impacto social que impulsa ImpactoUDD (con la opci\u00f3n para que estudiantes obtengan cr\u00e9ditos extradisciplinares electivos), las fundaciones Coaniquem y Protectora de la Infancia presentaron diversos desaf\u00edos a alumnos para resolver durante este semestre y que se dar\u00e1n continuidad a lo largo del a\u00f1o.&nbsp; Coaniquem, [&hellip;]","og_url":"https:\/\/ingenieria.udd.cl\/impactoudd\/2020\/04\/13\/impactoudd-desarrolla-alianzas-con-coaniquem-y-protectora-de-la-infancia-para-generar-proyectos-interdisciplinarios\/","og_site_name":"Impacto UDD","article_published_time":"2020-04-13T16:21:10+00:00","author":"pbreuer","twitter_card":"summary_large_image","twitter_misc":{"Escrito por":"pbreuer","Tiempo de lectura":"2 minutos"},"schema":{"@context":"https:\/\/schema.org","@graph":[{"@type":"Article","@id":"https:\/\/ingenieria.udd.cl\/impactoudd\/2020\/04\/13\/impactoudd-desarrolla-alianzas-con-coaniquem-y-protectora-de-la-infancia-para-generar-proyectos-interdisciplinarios\/#article","isPartOf":{"@id":"https:\/\/ingenieria.udd.cl\/impactoudd\/2020\/04\/13\/impactoudd-desarrolla-alianzas-con-coaniquem-y-protectora-de-la-infancia-para-generar-proyectos-interdisciplinarios\/"},"author":{"name":"pbreuer","@id":"https:\/\/ingenieria.udd.cl\/impactoudd\/#\/schema\/person\/1eef18c196c1c81df7fb8ff434641089"},"headline":"ImpactoUDD desarrolla alianzas con Coaniquem y Protectora de la Infancia para generar proyectos interdisciplinarios","datePublished":"2020-04-13T16:21:10+00:00","mainEntityOfPage":{"@id":"https:\/\/ingenieria.udd.cl\/impactoudd\/2020\/04\/13\/impactoudd-desarrolla-alianzas-con-coaniquem-y-protectora-de-la-infancia-para-generar-proyectos-interdisciplinarios\/"},"wordCount":432,"articleSection":["iinoticias","Noticias Impacto"],"inLanguage":"es"},{"@type":"WebPage","@id":"https:\/\/ingenieria.udd.cl\/impactoudd\/2020\/04\/13\/impactoudd-desarrolla-alianzas-con-coaniquem-y-protectora-de-la-infancia-para-generar-proyectos-interdisciplinarios\/","url":"https:\/\/ingenieria.udd.cl\/impactoudd\/2020\/04\/13\/impactoudd-desarrolla-alianzas-con-coaniquem-y-protectora-de-la-infancia-para-generar-proyectos-interdisciplinarios\/","name":"ImpactoUDD desarrolla alianzas con Coaniquem y Protectora de la Infancia para generar proyectos interdisciplinarios - Impacto UDD","isPartOf":{"@id":"https:\/\/ingenieria.udd.cl\/impactoudd\/#website"},"datePublished":"2020-04-13T16:21:10+00:00","author":{"@id":"https:\/\/ingenieria.udd.cl\/impactoudd\/#\/schema\/person\/1eef18c196c1c81df7fb8ff434641089"},"breadcrumb":{"@id":"https:\/\/ingenieria.udd.cl\/impactoudd\/2020\/04\/13\/impactoudd-desarrolla-alianzas-con-coaniquem-y-protectora-de-la-infancia-para-generar-proyectos-interdisciplinarios\/#breadcrumb"},"inLanguage":"es","potentialAction":[{"@type":"ReadAction","target":["https:\/\/ingenieria.udd.cl\/impactoudd\/2020\/04\/13\/impactoudd-desarrolla-alianzas-con-coaniquem-y-protectora-de-la-infancia-para-generar-proyectos-interdisciplinarios\/"]}]},{"@type":"BreadcrumbList","@id":"https:\/\/ingenieria.udd.cl\/impactoudd\/2020\/04\/13\/impactoudd-desarrolla-alianzas-con-coaniquem-y-protectora-de-la-infancia-para-generar-proyectos-interdisciplinarios\/#breadcrumb","itemListElement":[{"@type":"ListItem","position":1,"name":"Portada","item":"https:\/\/ingenieria.udd.cl\/impactoudd\/"},{"@type":"ListItem","position":2,"name":"ImpactoUDD desarrolla alianzas con Coaniquem y Protectora de la Infancia para generar proyectos interdisciplinarios"}]},{"@type":"WebSite","@id":"https:\/\/ingenieria.udd.cl\/impactoudd\/#website","url":"https:\/\/ingenieria.udd.cl\/impactoudd\/","name":"Impacto UDD","description":"Otro sitio m\u00e1s de Ingenieria","inLanguage":"es"},{"@type":"Person","@id":"https:\/\/ingenieria.udd.cl\/impactoudd\/#\/schema\/person\/1eef18c196c1c81df7fb8ff434641089","name":"pbreuer","image":{"@type":"ImageObject","inLanguage":"es","@id":"https:\/\/ingenieria.udd.cl\/impactoudd\/#\/schema\/person\/image\/","url":"https:\/\/secure.gravatar.com\/avatar\/d57a8f0ed792691ec021fbbf675332d199c4490763ac14800f6fc2463339626d?s=96&d=mm&r=g","contentUrl":"https:\/\/secure.gravatar.com\/avatar\/d57a8f0ed792691ec021fbbf675332d199c4490763ac14800f6fc2463339626d?s=96&d=mm&r=g","caption":"pbreuer"},"url":"https:\/\/ingenieria.udd.cl\/impactoudd\/author\/pbreuer\/"}]}},"featured_image_url":null,"_links":{"self":[{"href":"https:\/\/ingenieria.udd.cl\/impactoudd\/wp-json\/wp\/v2\/posts\/541","targetHints":{"allow":["GET"]}}],"collection":[{"href":"https:\/\/ingenieria.udd.cl\/impactoudd\/wp-json\/wp\/v2\/posts"}],"about":[{"href":"https:\/\/ingenieria.udd.cl\/impactoudd\/wp-json\/wp\/v2\/types\/post"}],"author":[{"embeddable":true,"href":"https:\/\/ingenieria.udd.cl\/impactoudd\/wp-json\/wp\/v2\/users\/9192223"}],"replies":[{"embeddable":true,"href":"https:\/\/ingenieria.udd.cl\/impactoudd\/wp-json\/wp\/v2\/comments?post=541"}],"version-history":[{"count":0,"href":"https:\/\/ingenieria.udd.cl\/impactoudd\/wp-json\/wp\/v2\/posts\/541\/revisions"}],"wp:attachment":[{"href":"https:\/\/ingenieria.udd.cl\/impactoudd\/wp-json\/wp\/v2\/media?parent=541"}],"wp:term":[{"taxonomy":"category","embeddable":true,"href":"https:\/\/ingenieria.udd.cl\/impactoudd\/wp-json\/wp\/v2\/categories?post=541"},{"taxonomy":"post_tag","embeddable":true,"href":"https:\/\/ingenieria.udd.cl\/impactoudd\/wp-json\/wp\/v2\/tags?post=541"}],"curies":[{"name":"wp","href":"https:\/\/api.w.org\/{rel}","templated":true}]}}