{"id":560,"date":"2020-05-12T20:04:30","date_gmt":"2020-05-12T20:04:30","guid":{"rendered":"https:\/\/impacto.udd.cl\/?p=560"},"modified":"2021-04-08T01:38:22","modified_gmt":"2021-04-07T23:38:22","slug":"covid-19-estudiantes-de-impactoudd-se-involucran-en-la-fabricacion-de-protectores-faciales","status":"publish","type":"post","link":"https:\/\/ingenieria.udd.cl\/impactoudd\/2020\/05\/12\/covid-19-estudiantes-de-impactoudd-se-involucran-en-la-fabricacion-de-protectores-faciales\/","title":{"rendered":"Covid-19: estudiantes de la Agrupaci\u00f3n ImpactoUDD se involucran  en la fabricaci\u00f3n de protectores faciales"},"content":{"rendered":"\n<p><em>En el marco de la fabricaci\u00f3n de protectores faciales, la agrupaci\u00f3n ImpactoUDD se sum\u00f3 al equipo que busca contribuir a la seguridad del personal de salud del Hospital Padre Hurtado durante el Covid-19.&nbsp;<\/em><br><\/p>\n\n\n\n<p>Ante la actual contingencia del Covid-19, la Direcci\u00f3n de Innovaci\u00f3n UDD incorpor\u00f3 a ImpactoUDD en la producci\u00f3n de protectores faciales. La labor, que se ejecuta en la granja de producci\u00f3n masiva con dise\u00f1os propios, tiene por objetivo lograr confeccionar mil viseras usando impresi\u00f3n 3D, las cuales son distribuidas por la Facultad de Medicina UDD al Hospital Padre Hurtado de San Ram\u00f3n.<br><\/p>\n\n\n\n<p>Con gran rapidez, la agrupaci\u00f3n ImpactoUDD, integrada por estudiantes, adquiri\u00f3 un rol protag\u00f3nico en este proceso a partir de un trabajo presencial y a distancia. Al respecto, la Coordinadora de ImpactoUDD, Patricia Breuer, valora la motivaci\u00f3n y el esfuerzo realizado por los alumnos. \u201cLa experiencia es muy positiva porque hay una muy buena disposici\u00f3n de los estudiantes a colaborar, eso sumado a que la modalidad de trabajo desarrollada por ellos les ha permitido enfocarse en el objetivo de lograr mil protectores faciales que ser\u00e1n entregados al Hospital Padre Hurtado\u201d.<br><\/p>\n\n\n\n<p>Lucas Linzmayer, coordinador estudiantil de la agrupaci\u00f3n ImpactoUDD y estudiante de cuarto a\u00f1o de Ingenier\u00eda Civil Industrial UDD, comenta que la experiencia ha sido gratificante. \u201cNo s\u00f3lo me ha gustado porque aprend\u00ed c\u00f3mo es el proceso integral de funcionamiento de las impresoras 3D, arduinos e internet de las cosas, sino que tambi\u00e9n por el hecho de ser parte de un equipo que aporta a enfrentar de mejor manera el Covid-19 a un recinto de salud\u201d. Agrega que durante su participaci\u00f3n ha logrado \u201cconocer estudiantes de otras carreras, lo cual me permite conocer otras experiencias que me aportan a mi formaci\u00f3n profesional\u201d.&nbsp;&nbsp;<br><\/p>\n\n\n\n<p>Guillermo Pizarro, estudiante de Ingenier\u00eda Civil en minas, cursando su \u00faltimo ramo, nos cuenta que bajo la organizaci\u00f3n de Fabrizio Alvarez del equipo de innovaci\u00f3n de la facultad, pudieron organizar el trabajo para empezar con la fabricaci\u00f3n de los primeros prototipos. \u201cMe gusta mucho colaborar y ayudar a las personas. Creo que en el pa\u00eds se necesitan estas iniciativas y ahora m\u00e1s que nunca ya que estamos viviendo una situaci\u00f3n poco habitual. Como ingenieros que vamos a ser podemos aportar con un granito de arena, sobre todo a los m\u00e9dicos que est\u00e1n expuestos en primera l\u00ednea. Tengo personas cercanas trabajando en los hospitales y como ciudadanos y alumnos podemos involucrarnos y ayudar\u201d.&nbsp;<\/p>\n\n\n\n<p>A los mil protectores faciales en los que trabaja la sede Santiago, se suman los primeros 200 que ya fueron confeccionados en Concepci\u00f3n y que la Facultad de Ingenier\u00eda distribuir\u00e1 a una instituci\u00f3n por definir.<\/p>\n","protected":false},"excerpt":{"rendered":"<p>En el marco de la fabricaci\u00f3n de protectores faciales, la agrupaci\u00f3n ImpactoUDD se sum\u00f3 al equipo que busca contribuir a la seguridad del personal de salud del Hospital Padre Hurtado durante el Covid-19.&nbsp; Ante la actual contingencia del Covid-19, la Direcci\u00f3n de Innovaci\u00f3n UDD incorpor\u00f3 a ImpactoUDD en la producci\u00f3n de protectores faciales. La labor, [&hellip;]<\/p>\n","protected":false},"author":9192223,"featured_media":561,"comment_status":"closed","ping_status":"open","sticky":false,"template":"","format":"standard","meta":{"footnotes":""},"categories":[7,5,6],"tags":[],"class_list":["post-560","post","type-post","status-publish","format-standard","has-post-thumbnail","hentry","category-iinoticias","category-noticias","category-noticias-impacto"],"yoast_head":"<!-- This site is optimized with the Yoast SEO plugin v26.9 - https:\/\/yoast.com\/product\/yoast-seo-wordpress\/ -->\n<title>Covid-19: estudiantes de la Agrupaci\u00f3n ImpactoUDD se involucran en la fabricaci\u00f3n de protectores faciales - Impacto UDD<\/title>\n<meta name=\"robots\" content=\"index, follow, max-snippet:-1, max-image-preview:large, max-video-preview:-1\" \/>\n<link rel=\"canonical\" href=\"https:\/\/ingenieria.udd.cl\/impactoudd\/2020\/05\/12\/covid-19-estudiantes-de-impactoudd-se-involucran-en-la-fabricacion-de-protectores-faciales\/\" \/>\n<meta property=\"og:locale\" content=\"es_ES\" \/>\n<meta property=\"og:type\" content=\"article\" \/>\n<meta property=\"og:title\" content=\"Covid-19: estudiantes de la Agrupaci\u00f3n ImpactoUDD se involucran en la fabricaci\u00f3n de protectores faciales - Impacto UDD\" \/>\n<meta property=\"og:description\" content=\"En el marco de la fabricaci\u00f3n de protectores faciales, la agrupaci\u00f3n ImpactoUDD se sum\u00f3 al equipo que busca contribuir a la seguridad del personal de salud del Hospital Padre Hurtado durante el Covid-19.&nbsp; Ante la actual contingencia del Covid-19, la Direcci\u00f3n de Innovaci\u00f3n UDD incorpor\u00f3 a ImpactoUDD en la producci\u00f3n de protectores faciales. La labor, [&hellip;]\" \/>\n<meta property=\"og:url\" content=\"https:\/\/ingenieria.udd.cl\/impactoudd\/2020\/05\/12\/covid-19-estudiantes-de-impactoudd-se-involucran-en-la-fabricacion-de-protectores-faciales\/\" \/>\n<meta property=\"og:site_name\" content=\"Impacto UDD\" \/>\n<meta property=\"article:published_time\" content=\"2020-05-12T20:04:30+00:00\" \/>\n<meta property=\"article:modified_time\" content=\"2021-04-07T23:38:22+00:00\" \/>\n<meta property=\"og:image\" content=\"https:\/\/ingenieria.udd.cl\/impactoudd\/files\/2020\/05\/img_5542-scaled-1.jpg\" \/>\n\t<meta property=\"og:image:width\" content=\"2560\" \/>\n\t<meta property=\"og:image:height\" content=\"1707\" \/>\n\t<meta property=\"og:image:type\" content=\"image\/jpeg\" \/>\n<meta name=\"author\" content=\"pbreuer\" \/>\n<meta name=\"twitter:card\" content=\"summary_large_image\" \/>\n<meta name=\"twitter:label1\" content=\"Escrito por\" \/>\n\t<meta name=\"twitter:data1\" content=\"pbreuer\" \/>\n\t<meta name=\"twitter:label2\" content=\"Tiempo de lectura\" \/>\n\t<meta name=\"twitter:data2\" content=\"2 minutos\" \/>\n<script type=\"application\/ld+json\" class=\"yoast-schema-graph\">{\"@context\":\"https:\/\/schema.org\",\"@graph\":[{\"@type\":\"Article\",\"@id\":\"https:\/\/ingenieria.udd.cl\/impactoudd\/2020\/05\/12\/covid-19-estudiantes-de-impactoudd-se-involucran-en-la-fabricacion-de-protectores-faciales\/#article\",\"isPartOf\":{\"@id\":\"https:\/\/ingenieria.udd.cl\/impactoudd\/2020\/05\/12\/covid-19-estudiantes-de-impactoudd-se-involucran-en-la-fabricacion-de-protectores-faciales\/\"},\"author\":{\"name\":\"pbreuer\",\"@id\":\"https:\/\/ingenieria.udd.cl\/impactoudd\/#\/schema\/person\/1eef18c196c1c81df7fb8ff434641089\"},\"headline\":\"Covid-19: estudiantes de la Agrupaci\u00f3n ImpactoUDD se involucran en la fabricaci\u00f3n de protectores faciales\",\"datePublished\":\"2020-05-12T20:04:30+00:00\",\"dateModified\":\"2021-04-07T23:38:22+00:00\",\"mainEntityOfPage\":{\"@id\":\"https:\/\/ingenieria.udd.cl\/impactoudd\/2020\/05\/12\/covid-19-estudiantes-de-impactoudd-se-involucran-en-la-fabricacion-de-protectores-faciales\/\"},\"wordCount\":485,\"image\":{\"@id\":\"https:\/\/ingenieria.udd.cl\/impactoudd\/2020\/05\/12\/covid-19-estudiantes-de-impactoudd-se-involucran-en-la-fabricacion-de-protectores-faciales\/#primaryimage\"},\"thumbnailUrl\":\"https:\/\/ingenieria.udd.cl\/impactoudd\/files\/2020\/05\/img_5542-scaled-1.jpg\",\"articleSection\":[\"iinoticias\",\"Noticias\",\"Noticias Impacto\"],\"inLanguage\":\"es\"},{\"@type\":\"WebPage\",\"@id\":\"https:\/\/ingenieria.udd.cl\/impactoudd\/2020\/05\/12\/covid-19-estudiantes-de-impactoudd-se-involucran-en-la-fabricacion-de-protectores-faciales\/\",\"url\":\"https:\/\/ingenieria.udd.cl\/impactoudd\/2020\/05\/12\/covid-19-estudiantes-de-impactoudd-se-involucran-en-la-fabricacion-de-protectores-faciales\/\",\"name\":\"Covid-19: estudiantes de la Agrupaci\u00f3n ImpactoUDD se involucran en la fabricaci\u00f3n de protectores faciales - Impacto UDD\",\"isPartOf\":{\"@id\":\"https:\/\/ingenieria.udd.cl\/impactoudd\/#website\"},\"primaryImageOfPage\":{\"@id\":\"https:\/\/ingenieria.udd.cl\/impactoudd\/2020\/05\/12\/covid-19-estudiantes-de-impactoudd-se-involucran-en-la-fabricacion-de-protectores-faciales\/#primaryimage\"},\"image\":{\"@id\":\"https:\/\/ingenieria.udd.cl\/impactoudd\/2020\/05\/12\/covid-19-estudiantes-de-impactoudd-se-involucran-en-la-fabricacion-de-protectores-faciales\/#primaryimage\"},\"thumbnailUrl\":\"https:\/\/ingenieria.udd.cl\/impactoudd\/files\/2020\/05\/img_5542-scaled-1.jpg\",\"datePublished\":\"2020-05-12T20:04:30+00:00\",\"dateModified\":\"2021-04-07T23:38:22+00:00\",\"author\":{\"@id\":\"https:\/\/ingenieria.udd.cl\/impactoudd\/#\/schema\/person\/1eef18c196c1c81df7fb8ff434641089\"},\"breadcrumb\":{\"@id\":\"https:\/\/ingenieria.udd.cl\/impactoudd\/2020\/05\/12\/covid-19-estudiantes-de-impactoudd-se-involucran-en-la-fabricacion-de-protectores-faciales\/#breadcrumb\"},\"inLanguage\":\"es\",\"potentialAction\":[{\"@type\":\"ReadAction\",\"target\":[\"https:\/\/ingenieria.udd.cl\/impactoudd\/2020\/05\/12\/covid-19-estudiantes-de-impactoudd-se-involucran-en-la-fabricacion-de-protectores-faciales\/\"]}]},{\"@type\":\"ImageObject\",\"inLanguage\":\"es\",\"@id\":\"https:\/\/ingenieria.udd.cl\/impactoudd\/2020\/05\/12\/covid-19-estudiantes-de-impactoudd-se-involucran-en-la-fabricacion-de-protectores-faciales\/#primaryimage\",\"url\":\"https:\/\/ingenieria.udd.cl\/impactoudd\/files\/2020\/05\/img_5542-scaled-1.jpg\",\"contentUrl\":\"https:\/\/ingenieria.udd.cl\/impactoudd\/files\/2020\/05\/img_5542-scaled-1.jpg\",\"width\":2560,\"height\":1707},{\"@type\":\"BreadcrumbList\",\"@id\":\"https:\/\/ingenieria.udd.cl\/impactoudd\/2020\/05\/12\/covid-19-estudiantes-de-impactoudd-se-involucran-en-la-fabricacion-de-protectores-faciales\/#breadcrumb\",\"itemListElement\":[{\"@type\":\"ListItem\",\"position\":1,\"name\":\"Portada\",\"item\":\"https:\/\/ingenieria.udd.cl\/impactoudd\/\"},{\"@type\":\"ListItem\",\"position\":2,\"name\":\"Covid-19: estudiantes de la Agrupaci\u00f3n ImpactoUDD se involucran en la fabricaci\u00f3n de protectores faciales\"}]},{\"@type\":\"WebSite\",\"@id\":\"https:\/\/ingenieria.udd.cl\/impactoudd\/#website\",\"url\":\"https:\/\/ingenieria.udd.cl\/impactoudd\/\",\"name\":\"Impacto UDD\",\"description\":\"Otro sitio m\u00e1s de Ingenieria\",\"inLanguage\":\"es\"},{\"@type\":\"Person\",\"@id\":\"https:\/\/ingenieria.udd.cl\/impactoudd\/#\/schema\/person\/1eef18c196c1c81df7fb8ff434641089\",\"name\":\"pbreuer\",\"image\":{\"@type\":\"ImageObject\",\"inLanguage\":\"es\",\"@id\":\"https:\/\/ingenieria.udd.cl\/impactoudd\/#\/schema\/person\/image\/\",\"url\":\"https:\/\/secure.gravatar.com\/avatar\/d57a8f0ed792691ec021fbbf675332d199c4490763ac14800f6fc2463339626d?s=96&d=mm&r=g\",\"contentUrl\":\"https:\/\/secure.gravatar.com\/avatar\/d57a8f0ed792691ec021fbbf675332d199c4490763ac14800f6fc2463339626d?s=96&d=mm&r=g\",\"caption\":\"pbreuer\"},\"url\":\"https:\/\/ingenieria.udd.cl\/impactoudd\/author\/pbreuer\/\"}]}<\/script>\n<!-- \/ Yoast SEO plugin. -->","yoast_head_json":{"title":"Covid-19: estudiantes de la Agrupaci\u00f3n ImpactoUDD se involucran en la fabricaci\u00f3n de protectores faciales - Impacto UDD","robots":{"index":"index","follow":"follow","max-snippet":"max-snippet:-1","max-image-preview":"max-image-preview:large","max-video-preview":"max-video-preview:-1"},"canonical":"https:\/\/ingenieria.udd.cl\/impactoudd\/2020\/05\/12\/covid-19-estudiantes-de-impactoudd-se-involucran-en-la-fabricacion-de-protectores-faciales\/","og_locale":"es_ES","og_type":"article","og_title":"Covid-19: estudiantes de la Agrupaci\u00f3n ImpactoUDD se involucran en la fabricaci\u00f3n de protectores faciales - Impacto UDD","og_description":"En el marco de la fabricaci\u00f3n de protectores faciales, la agrupaci\u00f3n ImpactoUDD se sum\u00f3 al equipo que busca contribuir a la seguridad del personal de salud del Hospital Padre Hurtado durante el Covid-19.&nbsp; Ante la actual contingencia del Covid-19, la Direcci\u00f3n de Innovaci\u00f3n UDD incorpor\u00f3 a ImpactoUDD en la producci\u00f3n de protectores faciales. La labor, [&hellip;]","og_url":"https:\/\/ingenieria.udd.cl\/impactoudd\/2020\/05\/12\/covid-19-estudiantes-de-impactoudd-se-involucran-en-la-fabricacion-de-protectores-faciales\/","og_site_name":"Impacto UDD","article_published_time":"2020-05-12T20:04:30+00:00","article_modified_time":"2021-04-07T23:38:22+00:00","og_image":[{"width":2560,"height":1707,"url":"https:\/\/ingenieria.udd.cl\/impactoudd\/files\/2020\/05\/img_5542-scaled-1.jpg","type":"image\/jpeg"}],"author":"pbreuer","twitter_card":"summary_large_image","twitter_misc":{"Escrito por":"pbreuer","Tiempo de lectura":"2 minutos"},"schema":{"@context":"https:\/\/schema.org","@graph":[{"@type":"Article","@id":"https:\/\/ingenieria.udd.cl\/impactoudd\/2020\/05\/12\/covid-19-estudiantes-de-impactoudd-se-involucran-en-la-fabricacion-de-protectores-faciales\/#article","isPartOf":{"@id":"https:\/\/ingenieria.udd.cl\/impactoudd\/2020\/05\/12\/covid-19-estudiantes-de-impactoudd-se-involucran-en-la-fabricacion-de-protectores-faciales\/"},"author":{"name":"pbreuer","@id":"https:\/\/ingenieria.udd.cl\/impactoudd\/#\/schema\/person\/1eef18c196c1c81df7fb8ff434641089"},"headline":"Covid-19: estudiantes de la Agrupaci\u00f3n ImpactoUDD se involucran en la fabricaci\u00f3n de protectores faciales","datePublished":"2020-05-12T20:04:30+00:00","dateModified":"2021-04-07T23:38:22+00:00","mainEntityOfPage":{"@id":"https:\/\/ingenieria.udd.cl\/impactoudd\/2020\/05\/12\/covid-19-estudiantes-de-impactoudd-se-involucran-en-la-fabricacion-de-protectores-faciales\/"},"wordCount":485,"image":{"@id":"https:\/\/ingenieria.udd.cl\/impactoudd\/2020\/05\/12\/covid-19-estudiantes-de-impactoudd-se-involucran-en-la-fabricacion-de-protectores-faciales\/#primaryimage"},"thumbnailUrl":"https:\/\/ingenieria.udd.cl\/impactoudd\/files\/2020\/05\/img_5542-scaled-1.jpg","articleSection":["iinoticias","Noticias","Noticias Impacto"],"inLanguage":"es"},{"@type":"WebPage","@id":"https:\/\/ingenieria.udd.cl\/impactoudd\/2020\/05\/12\/covid-19-estudiantes-de-impactoudd-se-involucran-en-la-fabricacion-de-protectores-faciales\/","url":"https:\/\/ingenieria.udd.cl\/impactoudd\/2020\/05\/12\/covid-19-estudiantes-de-impactoudd-se-involucran-en-la-fabricacion-de-protectores-faciales\/","name":"Covid-19: estudiantes de la Agrupaci\u00f3n ImpactoUDD se involucran en la fabricaci\u00f3n de protectores faciales - Impacto UDD","isPartOf":{"@id":"https:\/\/ingenieria.udd.cl\/impactoudd\/#website"},"primaryImageOfPage":{"@id":"https:\/\/ingenieria.udd.cl\/impactoudd\/2020\/05\/12\/covid-19-estudiantes-de-impactoudd-se-involucran-en-la-fabricacion-de-protectores-faciales\/#primaryimage"},"image":{"@id":"https:\/\/ingenieria.udd.cl\/impactoudd\/2020\/05\/12\/covid-19-estudiantes-de-impactoudd-se-involucran-en-la-fabricacion-de-protectores-faciales\/#primaryimage"},"thumbnailUrl":"https:\/\/ingenieria.udd.cl\/impactoudd\/files\/2020\/05\/img_5542-scaled-1.jpg","datePublished":"2020-05-12T20:04:30+00:00","dateModified":"2021-04-07T23:38:22+00:00","author":{"@id":"https:\/\/ingenieria.udd.cl\/impactoudd\/#\/schema\/person\/1eef18c196c1c81df7fb8ff434641089"},"breadcrumb":{"@id":"https:\/\/ingenieria.udd.cl\/impactoudd\/2020\/05\/12\/covid-19-estudiantes-de-impactoudd-se-involucran-en-la-fabricacion-de-protectores-faciales\/#breadcrumb"},"inLanguage":"es","potentialAction":[{"@type":"ReadAction","target":["https:\/\/ingenieria.udd.cl\/impactoudd\/2020\/05\/12\/covid-19-estudiantes-de-impactoudd-se-involucran-en-la-fabricacion-de-protectores-faciales\/"]}]},{"@type":"ImageObject","inLanguage":"es","@id":"https:\/\/ingenieria.udd.cl\/impactoudd\/2020\/05\/12\/covid-19-estudiantes-de-impactoudd-se-involucran-en-la-fabricacion-de-protectores-faciales\/#primaryimage","url":"https:\/\/ingenieria.udd.cl\/impactoudd\/files\/2020\/05\/img_5542-scaled-1.jpg","contentUrl":"https:\/\/ingenieria.udd.cl\/impactoudd\/files\/2020\/05\/img_5542-scaled-1.jpg","width":2560,"height":1707},{"@type":"BreadcrumbList","@id":"https:\/\/ingenieria.udd.cl\/impactoudd\/2020\/05\/12\/covid-19-estudiantes-de-impactoudd-se-involucran-en-la-fabricacion-de-protectores-faciales\/#breadcrumb","itemListElement":[{"@type":"ListItem","position":1,"name":"Portada","item":"https:\/\/ingenieria.udd.cl\/impactoudd\/"},{"@type":"ListItem","position":2,"name":"Covid-19: estudiantes de la Agrupaci\u00f3n ImpactoUDD se involucran en la fabricaci\u00f3n de protectores faciales"}]},{"@type":"WebSite","@id":"https:\/\/ingenieria.udd.cl\/impactoudd\/#website","url":"https:\/\/ingenieria.udd.cl\/impactoudd\/","name":"Impacto UDD","description":"Otro sitio m\u00e1s de Ingenieria","inLanguage":"es"},{"@type":"Person","@id":"https:\/\/ingenieria.udd.cl\/impactoudd\/#\/schema\/person\/1eef18c196c1c81df7fb8ff434641089","name":"pbreuer","image":{"@type":"ImageObject","inLanguage":"es","@id":"https:\/\/ingenieria.udd.cl\/impactoudd\/#\/schema\/person\/image\/","url":"https:\/\/secure.gravatar.com\/avatar\/d57a8f0ed792691ec021fbbf675332d199c4490763ac14800f6fc2463339626d?s=96&d=mm&r=g","contentUrl":"https:\/\/secure.gravatar.com\/avatar\/d57a8f0ed792691ec021fbbf675332d199c4490763ac14800f6fc2463339626d?s=96&d=mm&r=g","caption":"pbreuer"},"url":"https:\/\/ingenieria.udd.cl\/impactoudd\/author\/pbreuer\/"}]}},"featured_image_url":"https:\/\/ingenieria.udd.cl\/impactoudd\/files\/2020\/05\/img_5542-scaled-1.jpg","_links":{"self":[{"href":"https:\/\/ingenieria.udd.cl\/impactoudd\/wp-json\/wp\/v2\/posts\/560","targetHints":{"allow":["GET"]}}],"collection":[{"href":"https:\/\/ingenieria.udd.cl\/impactoudd\/wp-json\/wp\/v2\/posts"}],"about":[{"href":"https:\/\/ingenieria.udd.cl\/impactoudd\/wp-json\/wp\/v2\/types\/post"}],"author":[{"embeddable":true,"href":"https:\/\/ingenieria.udd.cl\/impactoudd\/wp-json\/wp\/v2\/users\/9192223"}],"replies":[{"embeddable":true,"href":"https:\/\/ingenieria.udd.cl\/impactoudd\/wp-json\/wp\/v2\/comments?post=560"}],"version-history":[{"count":1,"href":"https:\/\/ingenieria.udd.cl\/impactoudd\/wp-json\/wp\/v2\/posts\/560\/revisions"}],"predecessor-version":[{"id":899,"href":"https:\/\/ingenieria.udd.cl\/impactoudd\/wp-json\/wp\/v2\/posts\/560\/revisions\/899"}],"wp:featuredmedia":[{"embeddable":true,"href":"https:\/\/ingenieria.udd.cl\/impactoudd\/wp-json\/wp\/v2\/media\/561"}],"wp:attachment":[{"href":"https:\/\/ingenieria.udd.cl\/impactoudd\/wp-json\/wp\/v2\/media?parent=560"}],"wp:term":[{"taxonomy":"category","embeddable":true,"href":"https:\/\/ingenieria.udd.cl\/impactoudd\/wp-json\/wp\/v2\/categories?post=560"},{"taxonomy":"post_tag","embeddable":true,"href":"https:\/\/ingenieria.udd.cl\/impactoudd\/wp-json\/wp\/v2\/tags?post=560"}],"curies":[{"name":"wp","href":"https:\/\/api.w.org\/{rel}","templated":true}]}}