{"id":820,"date":"2020-08-29T13:32:38","date_gmt":"2020-08-29T13:32:38","guid":{"rendered":"https:\/\/impacto.udd.cl\/?p=820"},"modified":"2020-08-29T13:32:38","modified_gmt":"2020-08-29T13:32:38","slug":"pomaire-ahora-iniciativa-que-apoya-al-pueblo-de-artesanos","status":"publish","type":"post","link":"https:\/\/ingenieria.udd.cl\/impactoudd\/2020\/08\/29\/pomaire-ahora-iniciativa-que-apoya-al-pueblo-de-artesanos\/","title":{"rendered":"Pomaire Ahora: Iniciativa que se lanza en tiempos de Covid-19 para apoyar al pueblo de artesanos"},"content":{"rendered":"\n<h3 class=\"has-text-align-left wp-block-heading\"><em>Entre las primeras acciones de apoyo inmediato a esta comunidad&nbsp; de artesanos, lanzamos una<\/em><strong><em> RIFA SOLIDARIA<\/em><\/strong><em>. Invitamos a todos a participar con la compra de su n\u00famero y ayud\u00e1ndonos con la difusi\u00f3n. Todos los detalles en <\/em><a href=\"http:\/\/pomaireahora.cl\"><strong><em>pomaireahora.cl<\/em><\/strong><\/a><br><\/h3>\n\n\n\n<p>Pomaire, es un pueblo ubicado en la comuna de Melipilla, a 60 kil\u00f3metros de la ciudad de Santiago de Chile, reconocido por su alfarer\u00eda, caracter\u00edstica que se ha transformado en un polo de atracci\u00f3n tur\u00edstica por el valor inigualable de sus artesan\u00edas en greda. Casi todos los habitantes de Pomaire viven de la alfarer\u00eda y del comercio de sus cer\u00e1micas. A la tradicional confecci\u00f3n de ollas, c\u00e1ntaros y jarros, se fueron integrando piezas ornamentales, como las miniaturas de herramientas dom\u00e9sticas y algunos trabajos con formas zool\u00f3gicas. Los m\u00e1s conocidos: sus chanchitos de tres patas para la suerte.<\/p>\n\n\n\n<p>La Facultad de Ingenier\u00eda UDD ha trabajado con artesanos de la comunidad de Pomaire desde el a\u00f1o 2012 mediante diversos prototipos funcionales, de los cuales naci\u00f3 el proyecto interdisciplinario \u201cChancho Sensor\u201d. Dando lugar a la creaci\u00f3n de la primera red de sensores de contaminaci\u00f3n del aire en una comunidad rural en Am\u00e9rica Latina. Estos sensores dentro de chanchos de greda permiten obtener informaci\u00f3n relevante para que la comunidad tome decisiones y autogestione acciones que lleven a la mejora de la calidad del aire en la comunidad.&nbsp;<\/p>\n\n\n\n<p>La poblaci\u00f3n de Pomaire vive principalmente del turismo, hoy paralizado, dejando a las personas sin recursos. Las calles que sol\u00edan estar ocupadas por turistas hoy lucen completamente vac\u00edas. La comunidad de Pomaire vive su momento m\u00e1s dif\u00edcil. Se ven ahora imposibilitados de generar dinero para vivir. Con la consecuente dificultad para abastecerse de alimentos e insumos b\u00e1sicos, sumado a que los artesanos no cuentan con la materia prima para reabastecer su stock de artesan\u00edas.<\/p>\n\n\n\n<p>Nuestra historia y vinculaci\u00f3n con esta comunidad rural de artesanos de Pomaire, hoy nos moviliza m\u00e1s que nunca preocupados por la dif\u00edcil situaci\u00f3n que est\u00e1n afrontando ante esta pandemia, y que si bien nos est\u00e1 tocando transitar a todos, no as\u00ed con la misma dificultad. Es por ello que desde ImpactoUDD de la Facultad de Ingenier\u00eda nos estamos movilizando para organizar diferentes acciones de apoyo a los artesanos y sus familias a trav\u00e9s de una plataforma que llamamos <strong>\u201cPomaire Ahora\u201d.&nbsp;&nbsp;<\/strong><\/p>\n\n\n<p class=\"p1\" style=\"text-align: center\"><span style=\"font-size: 14pt\"><span class=\"s1\"><b><i>\u201cPomaire Ahora\u201d se propone ser un espacio donde incentivar una comunidad de conocimiento, revalorizar la artesan\u00eda local y generar un movimiento de colaboraci\u00f3n.<\/i><\/b><\/span><span class=\"s2\"> Declara Patricia Breuer, Coordinadora de Impacto UDD desde la Facultad de Ingenier\u00eda. Y agrega<i>:<\/i><\/span><\/span><\/p>\n<p class=\"p2\" style=\"text-align: center\"><span class=\"s1\" style=\"font-size: 14pt\"><b><i>\u201cM\u00e1s all\u00e1 de estas acciones de asistencia inmediata, buscamos que \u201cPomaire Ahora\u201d se convierta en una plataforma que permita movilizar proyectos junto a los estudiantes y esta comunidad de artesanos para que en el mediano y largo plazo se generen soluciones de impacto y sostenibles en el tiempo\u201d.&nbsp;<\/i><\/b><\/span><\/p>\n\n\n<p>Entre las primeras acciones de ayuda inmediata se encuentra la recolecci\u00f3n de donaciones para una olla comunitaria y la ejecuci\u00f3n de esta <strong>rifa solidaria<\/strong> a trav\u00e9s de la cual buscamos recolectar fondos para asistir con cajas de alimentos a las familias y con materia prima para que los artesanos puedan retomar su actividad y prepararse para cuando la actividad tur\u00edstica se reactive. La informaci\u00f3n de esta iniciativa est\u00e1n disponible en el sitio web de <a href=\"http:\/\/pomaireahora.cl\">pomaireahora.cl<\/a><\/p>\n\n\n\n<p>Los invitamos ahora a <strong>comprar un n\u00famero para esta rifa <\/strong>y colaborar para que los artesanos puedan seguir trabajando y podamos acercar una caja de alimentos, materia prima (greda y le\u00f1a) e insumos de limpieza para una de las familias de la comunidad de Pomaire.<\/p>\n\n\n<p><span style=\"font-size: 14pt\"><strong data-rich-text-format-boundary=\"true\">Conoce a los artistas y empresas que se sumaron para acompa\u00f1ar esta campa\u00f1a en favor de la comunidad de Pomaire, y a los artesanos locales que ofrecen tambi\u00e9n su propia producci\u00f3n para la rifa:\u00a0<\/strong><\/span><\/p>\n<ul>\n<li><span style=\"font-weight: 400\">Aros de Esperanza Jimenez \u00a0 \u00a0 @elaloca.cl<\/span><\/li>\n<li><span style=\"font-weight: 400\">Ilustraci\u00f3 nde Faya\u00a0 \u00a0 \u00a0 \u00a0 \u00a0 \u00a0 \u00a0 \u00a0 \u00a0 \u00a0 \u00a0 \u00a0@faya_ec<\/span><\/li>\n<li><span style=\"font-weight: 400\">Pintura de Raul Pizarro\u00a0 \u00a0 \u00a0 \u00a0 \u00a0 \u00a0 \u00a0 @raulpizarroartist<\/span><\/li>\n<li><span style=\"font-weight: 400\">Obra de Santi Err\u00e1zuriz\u00a0 \u00a0 \u00a0 \u00a0 \u00a0 \u00a0 \u00a0 @santiagoerrazuriz<\/span><\/li>\n<li><span style=\"font-weight: 400\">Anteojos Karun\u00a0 \u00a0 \u00a0 \u00a0 \u00a0 \u00a0 \u00a0 \u00a0 \u00a0 \u00a0 \u00a0 \u00a0 \u00a0 \u00a0 \u00a0@karun_latam<\/span><\/li>\n<li><span style=\"font-weight: 400\">Casco de ciclista de Educleta\u00a0 \u00a0 @educletachile<\/span><\/li>\n<li><span style=\"font-weight: 400\">Polerones de WEIM\u00a0 \u00a0 \u00a0 \u00a0 \u00a0 \u00a0 \u00a0 \u00a0 \u00a0 \u00a0 \u00a0 @weim_chile<\/span><\/li>\n<\/ul>\n\n\n<p><\/p>\n\n\n\n<p><strong>Artesan\u00edas de los Artesanos de Pomaire<\/strong><\/p>\n\n\n\n<p>Maria Angelica Olivares <\/p>\n\n\n\n<figure class=\"wp-block-embed-youtube wp-block-embed is-type-video is-provider-youtube wp-embed-aspect-16-9 wp-has-aspect-ratio\"><div class=\"wp-block-embed__wrapper\">\n<iframe loading=\"lazy\" title=\"Mari\u0301a Ange\u0301lica, Artesana Pomaire\" width=\"500\" height=\"281\" src=\"https:\/\/www.youtube.com\/embed\/2XFOSYOPbrw?feature=oembed\" frameborder=\"0\" allow=\"accelerometer; autoplay; clipboard-write; encrypted-media; gyroscope; picture-in-picture; web-share\" referrerpolicy=\"strict-origin-when-cross-origin\" allowfullscreen><\/iframe>\n<\/div><\/figure>\n\n\n\n<p>Orlando Malhue<\/p>\n\n\n\n<figure class=\"wp-block-embed-youtube wp-block-embed is-type-video is-provider-youtube wp-embed-aspect-16-9 wp-has-aspect-ratio\"><div class=\"wp-block-embed__wrapper\">\n<iframe loading=\"lazy\" title=\"Orlando Malhue, Artesano Pomaire\" width=\"500\" height=\"281\" src=\"https:\/\/www.youtube.com\/embed\/_jh1MfG5wco?feature=oembed\" frameborder=\"0\" allow=\"accelerometer; autoplay; clipboard-write; encrypted-media; gyroscope; picture-in-picture; web-share\" referrerpolicy=\"strict-origin-when-cross-origin\" allowfullscreen><\/iframe>\n<\/div><\/figure>\n\n\n\n<p>Luis Huaico y Maria Riveros<\/p>\n\n\n\n<figure class=\"wp-block-embed-youtube wp-block-embed is-type-video is-provider-youtube wp-embed-aspect-16-9 wp-has-aspect-ratio\"><div class=\"wp-block-embed__wrapper\">\n<iframe loading=\"lazy\" title=\"Luis Huaico y Mar\u00eda Riveros Artesanos de Pomaire\" width=\"500\" height=\"281\" src=\"https:\/\/www.youtube.com\/embed\/3juMzyHgrm0?feature=oembed\" frameborder=\"0\" allow=\"accelerometer; autoplay; clipboard-write; encrypted-media; gyroscope; picture-in-picture; web-share\" referrerpolicy=\"strict-origin-when-cross-origin\" allowfullscreen><\/iframe>\n<\/div><\/figure>\n\n\n\n<p>Adelina Trujillo<\/p>\n\n\n\n<figure class=\"wp-block-embed-youtube wp-block-embed is-type-video is-provider-youtube wp-embed-aspect-16-9 wp-has-aspect-ratio\"><div class=\"wp-block-embed__wrapper\">\n<iframe loading=\"lazy\" title=\"Adelina Trujillo, Artesana Pomaire\" width=\"500\" height=\"281\" src=\"https:\/\/www.youtube.com\/embed\/FCJb_OjfTnw?feature=oembed\" frameborder=\"0\" allow=\"accelerometer; autoplay; clipboard-write; encrypted-media; gyroscope; picture-in-picture; web-share\" referrerpolicy=\"strict-origin-when-cross-origin\" allowfullscreen><\/iframe>\n<\/div><\/figure>\n\n\n\n<p>Demetrio Z\u00e1rate <br><\/p>\n\n\n\n<figure class=\"wp-block-embed-youtube wp-block-embed is-type-video is-provider-youtube wp-embed-aspect-16-9 wp-has-aspect-ratio\"><div class=\"wp-block-embed__wrapper\">\n<iframe loading=\"lazy\" title=\"Demetrio Zarate, Artesano Pomaire\" width=\"500\" height=\"281\" src=\"https:\/\/www.youtube.com\/embed\/8wtW9SuYbV4?feature=oembed\" frameborder=\"0\" allow=\"accelerometer; autoplay; clipboard-write; encrypted-media; gyroscope; picture-in-picture; web-share\" referrerpolicy=\"strict-origin-when-cross-origin\" allowfullscreen><\/iframe>\n<\/div><\/figure>\n\n\n\n<p><strong>Web<\/strong>: pomaireahora.cl<\/p>\n\n\n\n<p><strong>Consultas:<\/strong> Patricia Breuer <a href=\"mailto:p.breuer@udd.cl\">p.breuer@udd.cl<\/a><\/p>\n","protected":false},"excerpt":{"rendered":"<p>Entre las primeras acciones de apoyo inmediato a esta comunidad&nbsp; de artesanos, lanzamos una RIFA SOLIDARIA. Invitamos a todos a participar con la compra de su n\u00famero y ayud\u00e1ndonos con la difusi\u00f3n. Todos los detalles en pomaireahora.cl Pomaire, es un pueblo ubicado en la comuna de Melipilla, a 60 kil\u00f3metros de la ciudad de Santiago [&hellip;]<\/p>\n","protected":false},"author":9192223,"featured_media":826,"comment_status":"closed","ping_status":"open","sticky":false,"template":"","format":"standard","meta":{"footnotes":""},"categories":[7,5,6],"tags":[],"class_list":["post-820","post","type-post","status-publish","format-standard","has-post-thumbnail","hentry","category-iinoticias","category-noticias","category-noticias-impacto"],"yoast_head":"<!-- This site is optimized with the Yoast SEO plugin v26.9 - https:\/\/yoast.com\/product\/yoast-seo-wordpress\/ -->\n<title>Pomaire Ahora: Iniciativa que se lanza en tiempos de Covid-19 para apoyar al pueblo de artesanos - Impacto UDD<\/title>\n<meta name=\"robots\" content=\"index, follow, max-snippet:-1, max-image-preview:large, max-video-preview:-1\" \/>\n<link rel=\"canonical\" href=\"https:\/\/ingenieria.udd.cl\/impactoudd\/2020\/08\/29\/pomaire-ahora-iniciativa-que-apoya-al-pueblo-de-artesanos\/\" \/>\n<meta property=\"og:locale\" content=\"es_ES\" \/>\n<meta property=\"og:type\" content=\"article\" \/>\n<meta property=\"og:title\" content=\"Pomaire Ahora: Iniciativa que se lanza en tiempos de Covid-19 para apoyar al pueblo de artesanos - Impacto UDD\" \/>\n<meta property=\"og:description\" content=\"Entre las primeras acciones de apoyo inmediato a esta comunidad&nbsp; de artesanos, lanzamos una RIFA SOLIDARIA. Invitamos a todos a participar con la compra de su n\u00famero y ayud\u00e1ndonos con la difusi\u00f3n. Todos los detalles en pomaireahora.cl Pomaire, es un pueblo ubicado en la comuna de Melipilla, a 60 kil\u00f3metros de la ciudad de Santiago [&hellip;]\" \/>\n<meta property=\"og:url\" content=\"https:\/\/ingenieria.udd.cl\/impactoudd\/2020\/08\/29\/pomaire-ahora-iniciativa-que-apoya-al-pueblo-de-artesanos\/\" \/>\n<meta property=\"og:site_name\" content=\"Impacto UDD\" \/>\n<meta property=\"article:published_time\" content=\"2020-08-29T13:32:38+00:00\" \/>\n<meta property=\"og:image\" content=\"https:\/\/ingenieria.udd.cl\/impactoudd\/files\/2020\/08\/rifa-pomaire-ahora.jpeg\" \/>\n\t<meta property=\"og:image:width\" content=\"1280\" \/>\n\t<meta property=\"og:image:height\" content=\"1191\" \/>\n\t<meta property=\"og:image:type\" content=\"image\/jpeg\" \/>\n<meta name=\"author\" content=\"pbreuer\" \/>\n<meta name=\"twitter:card\" content=\"summary_large_image\" \/>\n<meta name=\"twitter:label1\" content=\"Escrito por\" \/>\n\t<meta name=\"twitter:data1\" content=\"pbreuer\" \/>\n\t<meta name=\"twitter:label2\" content=\"Tiempo de lectura\" \/>\n\t<meta name=\"twitter:data2\" content=\"4 minutos\" \/>\n<script type=\"application\/ld+json\" class=\"yoast-schema-graph\">{\"@context\":\"https:\/\/schema.org\",\"@graph\":[{\"@type\":\"Article\",\"@id\":\"https:\/\/ingenieria.udd.cl\/impactoudd\/2020\/08\/29\/pomaire-ahora-iniciativa-que-apoya-al-pueblo-de-artesanos\/#article\",\"isPartOf\":{\"@id\":\"https:\/\/ingenieria.udd.cl\/impactoudd\/2020\/08\/29\/pomaire-ahora-iniciativa-que-apoya-al-pueblo-de-artesanos\/\"},\"author\":{\"name\":\"pbreuer\",\"@id\":\"https:\/\/ingenieria.udd.cl\/impactoudd\/#\/schema\/person\/1eef18c196c1c81df7fb8ff434641089\"},\"headline\":\"Pomaire Ahora: Iniciativa que se lanza en tiempos de Covid-19 para apoyar al pueblo de artesanos\",\"datePublished\":\"2020-08-29T13:32:38+00:00\",\"mainEntityOfPage\":{\"@id\":\"https:\/\/ingenieria.udd.cl\/impactoudd\/2020\/08\/29\/pomaire-ahora-iniciativa-que-apoya-al-pueblo-de-artesanos\/\"},\"wordCount\":779,\"image\":{\"@id\":\"https:\/\/ingenieria.udd.cl\/impactoudd\/2020\/08\/29\/pomaire-ahora-iniciativa-que-apoya-al-pueblo-de-artesanos\/#primaryimage\"},\"thumbnailUrl\":\"https:\/\/ingenieria.udd.cl\/impactoudd\/files\/2020\/08\/rifa-pomaire-ahora.jpeg\",\"articleSection\":[\"iinoticias\",\"Noticias\",\"Noticias Impacto\"],\"inLanguage\":\"es\"},{\"@type\":\"WebPage\",\"@id\":\"https:\/\/ingenieria.udd.cl\/impactoudd\/2020\/08\/29\/pomaire-ahora-iniciativa-que-apoya-al-pueblo-de-artesanos\/\",\"url\":\"https:\/\/ingenieria.udd.cl\/impactoudd\/2020\/08\/29\/pomaire-ahora-iniciativa-que-apoya-al-pueblo-de-artesanos\/\",\"name\":\"Pomaire Ahora: Iniciativa que se lanza en tiempos de Covid-19 para apoyar al pueblo de artesanos - Impacto UDD\",\"isPartOf\":{\"@id\":\"https:\/\/ingenieria.udd.cl\/impactoudd\/#website\"},\"primaryImageOfPage\":{\"@id\":\"https:\/\/ingenieria.udd.cl\/impactoudd\/2020\/08\/29\/pomaire-ahora-iniciativa-que-apoya-al-pueblo-de-artesanos\/#primaryimage\"},\"image\":{\"@id\":\"https:\/\/ingenieria.udd.cl\/impactoudd\/2020\/08\/29\/pomaire-ahora-iniciativa-que-apoya-al-pueblo-de-artesanos\/#primaryimage\"},\"thumbnailUrl\":\"https:\/\/ingenieria.udd.cl\/impactoudd\/files\/2020\/08\/rifa-pomaire-ahora.jpeg\",\"datePublished\":\"2020-08-29T13:32:38+00:00\",\"author\":{\"@id\":\"https:\/\/ingenieria.udd.cl\/impactoudd\/#\/schema\/person\/1eef18c196c1c81df7fb8ff434641089\"},\"breadcrumb\":{\"@id\":\"https:\/\/ingenieria.udd.cl\/impactoudd\/2020\/08\/29\/pomaire-ahora-iniciativa-que-apoya-al-pueblo-de-artesanos\/#breadcrumb\"},\"inLanguage\":\"es\",\"potentialAction\":[{\"@type\":\"ReadAction\",\"target\":[\"https:\/\/ingenieria.udd.cl\/impactoudd\/2020\/08\/29\/pomaire-ahora-iniciativa-que-apoya-al-pueblo-de-artesanos\/\"]}]},{\"@type\":\"ImageObject\",\"inLanguage\":\"es\",\"@id\":\"https:\/\/ingenieria.udd.cl\/impactoudd\/2020\/08\/29\/pomaire-ahora-iniciativa-que-apoya-al-pueblo-de-artesanos\/#primaryimage\",\"url\":\"https:\/\/ingenieria.udd.cl\/impactoudd\/files\/2020\/08\/rifa-pomaire-ahora.jpeg\",\"contentUrl\":\"https:\/\/ingenieria.udd.cl\/impactoudd\/files\/2020\/08\/rifa-pomaire-ahora.jpeg\",\"width\":1280,\"height\":1191},{\"@type\":\"BreadcrumbList\",\"@id\":\"https:\/\/ingenieria.udd.cl\/impactoudd\/2020\/08\/29\/pomaire-ahora-iniciativa-que-apoya-al-pueblo-de-artesanos\/#breadcrumb\",\"itemListElement\":[{\"@type\":\"ListItem\",\"position\":1,\"name\":\"Portada\",\"item\":\"https:\/\/ingenieria.udd.cl\/impactoudd\/\"},{\"@type\":\"ListItem\",\"position\":2,\"name\":\"Pomaire Ahora: Iniciativa que se lanza en tiempos de Covid-19 para apoyar al pueblo de artesanos\"}]},{\"@type\":\"WebSite\",\"@id\":\"https:\/\/ingenieria.udd.cl\/impactoudd\/#website\",\"url\":\"https:\/\/ingenieria.udd.cl\/impactoudd\/\",\"name\":\"Impacto UDD\",\"description\":\"Otro sitio m\u00e1s de Ingenieria\",\"inLanguage\":\"es\"},{\"@type\":\"Person\",\"@id\":\"https:\/\/ingenieria.udd.cl\/impactoudd\/#\/schema\/person\/1eef18c196c1c81df7fb8ff434641089\",\"name\":\"pbreuer\",\"image\":{\"@type\":\"ImageObject\",\"inLanguage\":\"es\",\"@id\":\"https:\/\/ingenieria.udd.cl\/impactoudd\/#\/schema\/person\/image\/\",\"url\":\"https:\/\/secure.gravatar.com\/avatar\/d57a8f0ed792691ec021fbbf675332d199c4490763ac14800f6fc2463339626d?s=96&d=mm&r=g\",\"contentUrl\":\"https:\/\/secure.gravatar.com\/avatar\/d57a8f0ed792691ec021fbbf675332d199c4490763ac14800f6fc2463339626d?s=96&d=mm&r=g\",\"caption\":\"pbreuer\"},\"url\":\"https:\/\/ingenieria.udd.cl\/impactoudd\/author\/pbreuer\/\"}]}<\/script>\n<!-- \/ Yoast SEO plugin. -->","yoast_head_json":{"title":"Pomaire Ahora: Iniciativa que se lanza en tiempos de Covid-19 para apoyar al pueblo de artesanos - Impacto UDD","robots":{"index":"index","follow":"follow","max-snippet":"max-snippet:-1","max-image-preview":"max-image-preview:large","max-video-preview":"max-video-preview:-1"},"canonical":"https:\/\/ingenieria.udd.cl\/impactoudd\/2020\/08\/29\/pomaire-ahora-iniciativa-que-apoya-al-pueblo-de-artesanos\/","og_locale":"es_ES","og_type":"article","og_title":"Pomaire Ahora: Iniciativa que se lanza en tiempos de Covid-19 para apoyar al pueblo de artesanos - Impacto UDD","og_description":"Entre las primeras acciones de apoyo inmediato a esta comunidad&nbsp; de artesanos, lanzamos una RIFA SOLIDARIA. Invitamos a todos a participar con la compra de su n\u00famero y ayud\u00e1ndonos con la difusi\u00f3n. Todos los detalles en pomaireahora.cl Pomaire, es un pueblo ubicado en la comuna de Melipilla, a 60 kil\u00f3metros de la ciudad de Santiago [&hellip;]","og_url":"https:\/\/ingenieria.udd.cl\/impactoudd\/2020\/08\/29\/pomaire-ahora-iniciativa-que-apoya-al-pueblo-de-artesanos\/","og_site_name":"Impacto UDD","article_published_time":"2020-08-29T13:32:38+00:00","og_image":[{"width":1280,"height":1191,"url":"https:\/\/ingenieria.udd.cl\/impactoudd\/files\/2020\/08\/rifa-pomaire-ahora.jpeg","type":"image\/jpeg"}],"author":"pbreuer","twitter_card":"summary_large_image","twitter_misc":{"Escrito por":"pbreuer","Tiempo de lectura":"4 minutos"},"schema":{"@context":"https:\/\/schema.org","@graph":[{"@type":"Article","@id":"https:\/\/ingenieria.udd.cl\/impactoudd\/2020\/08\/29\/pomaire-ahora-iniciativa-que-apoya-al-pueblo-de-artesanos\/#article","isPartOf":{"@id":"https:\/\/ingenieria.udd.cl\/impactoudd\/2020\/08\/29\/pomaire-ahora-iniciativa-que-apoya-al-pueblo-de-artesanos\/"},"author":{"name":"pbreuer","@id":"https:\/\/ingenieria.udd.cl\/impactoudd\/#\/schema\/person\/1eef18c196c1c81df7fb8ff434641089"},"headline":"Pomaire Ahora: Iniciativa que se lanza en tiempos de Covid-19 para apoyar al pueblo de artesanos","datePublished":"2020-08-29T13:32:38+00:00","mainEntityOfPage":{"@id":"https:\/\/ingenieria.udd.cl\/impactoudd\/2020\/08\/29\/pomaire-ahora-iniciativa-que-apoya-al-pueblo-de-artesanos\/"},"wordCount":779,"image":{"@id":"https:\/\/ingenieria.udd.cl\/impactoudd\/2020\/08\/29\/pomaire-ahora-iniciativa-que-apoya-al-pueblo-de-artesanos\/#primaryimage"},"thumbnailUrl":"https:\/\/ingenieria.udd.cl\/impactoudd\/files\/2020\/08\/rifa-pomaire-ahora.jpeg","articleSection":["iinoticias","Noticias","Noticias Impacto"],"inLanguage":"es"},{"@type":"WebPage","@id":"https:\/\/ingenieria.udd.cl\/impactoudd\/2020\/08\/29\/pomaire-ahora-iniciativa-que-apoya-al-pueblo-de-artesanos\/","url":"https:\/\/ingenieria.udd.cl\/impactoudd\/2020\/08\/29\/pomaire-ahora-iniciativa-que-apoya-al-pueblo-de-artesanos\/","name":"Pomaire Ahora: Iniciativa que se lanza en tiempos de Covid-19 para apoyar al pueblo de artesanos - Impacto UDD","isPartOf":{"@id":"https:\/\/ingenieria.udd.cl\/impactoudd\/#website"},"primaryImageOfPage":{"@id":"https:\/\/ingenieria.udd.cl\/impactoudd\/2020\/08\/29\/pomaire-ahora-iniciativa-que-apoya-al-pueblo-de-artesanos\/#primaryimage"},"image":{"@id":"https:\/\/ingenieria.udd.cl\/impactoudd\/2020\/08\/29\/pomaire-ahora-iniciativa-que-apoya-al-pueblo-de-artesanos\/#primaryimage"},"thumbnailUrl":"https:\/\/ingenieria.udd.cl\/impactoudd\/files\/2020\/08\/rifa-pomaire-ahora.jpeg","datePublished":"2020-08-29T13:32:38+00:00","author":{"@id":"https:\/\/ingenieria.udd.cl\/impactoudd\/#\/schema\/person\/1eef18c196c1c81df7fb8ff434641089"},"breadcrumb":{"@id":"https:\/\/ingenieria.udd.cl\/impactoudd\/2020\/08\/29\/pomaire-ahora-iniciativa-que-apoya-al-pueblo-de-artesanos\/#breadcrumb"},"inLanguage":"es","potentialAction":[{"@type":"ReadAction","target":["https:\/\/ingenieria.udd.cl\/impactoudd\/2020\/08\/29\/pomaire-ahora-iniciativa-que-apoya-al-pueblo-de-artesanos\/"]}]},{"@type":"ImageObject","inLanguage":"es","@id":"https:\/\/ingenieria.udd.cl\/impactoudd\/2020\/08\/29\/pomaire-ahora-iniciativa-que-apoya-al-pueblo-de-artesanos\/#primaryimage","url":"https:\/\/ingenieria.udd.cl\/impactoudd\/files\/2020\/08\/rifa-pomaire-ahora.jpeg","contentUrl":"https:\/\/ingenieria.udd.cl\/impactoudd\/files\/2020\/08\/rifa-pomaire-ahora.jpeg","width":1280,"height":1191},{"@type":"BreadcrumbList","@id":"https:\/\/ingenieria.udd.cl\/impactoudd\/2020\/08\/29\/pomaire-ahora-iniciativa-que-apoya-al-pueblo-de-artesanos\/#breadcrumb","itemListElement":[{"@type":"ListItem","position":1,"name":"Portada","item":"https:\/\/ingenieria.udd.cl\/impactoudd\/"},{"@type":"ListItem","position":2,"name":"Pomaire Ahora: Iniciativa que se lanza en tiempos de Covid-19 para apoyar al pueblo de artesanos"}]},{"@type":"WebSite","@id":"https:\/\/ingenieria.udd.cl\/impactoudd\/#website","url":"https:\/\/ingenieria.udd.cl\/impactoudd\/","name":"Impacto UDD","description":"Otro sitio m\u00e1s de Ingenieria","inLanguage":"es"},{"@type":"Person","@id":"https:\/\/ingenieria.udd.cl\/impactoudd\/#\/schema\/person\/1eef18c196c1c81df7fb8ff434641089","name":"pbreuer","image":{"@type":"ImageObject","inLanguage":"es","@id":"https:\/\/ingenieria.udd.cl\/impactoudd\/#\/schema\/person\/image\/","url":"https:\/\/secure.gravatar.com\/avatar\/d57a8f0ed792691ec021fbbf675332d199c4490763ac14800f6fc2463339626d?s=96&d=mm&r=g","contentUrl":"https:\/\/secure.gravatar.com\/avatar\/d57a8f0ed792691ec021fbbf675332d199c4490763ac14800f6fc2463339626d?s=96&d=mm&r=g","caption":"pbreuer"},"url":"https:\/\/ingenieria.udd.cl\/impactoudd\/author\/pbreuer\/"}]}},"featured_image_url":"https:\/\/ingenieria.udd.cl\/impactoudd\/files\/2020\/08\/rifa-pomaire-ahora.jpeg","_links":{"self":[{"href":"https:\/\/ingenieria.udd.cl\/impactoudd\/wp-json\/wp\/v2\/posts\/820","targetHints":{"allow":["GET"]}}],"collection":[{"href":"https:\/\/ingenieria.udd.cl\/impactoudd\/wp-json\/wp\/v2\/posts"}],"about":[{"href":"https:\/\/ingenieria.udd.cl\/impactoudd\/wp-json\/wp\/v2\/types\/post"}],"author":[{"embeddable":true,"href":"https:\/\/ingenieria.udd.cl\/impactoudd\/wp-json\/wp\/v2\/users\/9192223"}],"replies":[{"embeddable":true,"href":"https:\/\/ingenieria.udd.cl\/impactoudd\/wp-json\/wp\/v2\/comments?post=820"}],"version-history":[{"count":0,"href":"https:\/\/ingenieria.udd.cl\/impactoudd\/wp-json\/wp\/v2\/posts\/820\/revisions"}],"wp:featuredmedia":[{"embeddable":true,"href":"https:\/\/ingenieria.udd.cl\/impactoudd\/wp-json\/wp\/v2\/media\/826"}],"wp:attachment":[{"href":"https:\/\/ingenieria.udd.cl\/impactoudd\/wp-json\/wp\/v2\/media?parent=820"}],"wp:term":[{"taxonomy":"category","embeddable":true,"href":"https:\/\/ingenieria.udd.cl\/impactoudd\/wp-json\/wp\/v2\/categories?post=820"},{"taxonomy":"post_tag","embeddable":true,"href":"https:\/\/ingenieria.udd.cl\/impactoudd\/wp-json\/wp\/v2\/tags?post=820"}],"curies":[{"name":"wp","href":"https:\/\/api.w.org\/{rel}","templated":true}]}}