{"id":215,"date":"2021-02-24T20:52:57","date_gmt":"2021-02-24T19:52:57","guid":{"rendered":"https:\/\/ingenieria.udd.cl\/maker-campus\/?p=215"},"modified":"2021-02-24T20:53:44","modified_gmt":"2021-02-24T19:53:44","slug":"academia-maker-campus-realiza-capacitacion-introductoria-a-docentes-de-tecnologia-de-las-condes","status":"publish","type":"post","link":"https:\/\/ingenieria.udd.cl\/maker-campus\/2021\/02\/24\/academia-maker-campus-realiza-capacitacion-introductoria-a-docentes-de-tecnologia-de-las-condes\/","title":{"rendered":"Academia Maker Campus realiza capacitaci\u00f3n introductoria a docentes de tecnolog\u00eda de Las Condes"},"content":{"rendered":"\n<p><em>La jornada doble se efectu\u00f3 los d\u00edas 23 y 24 de febrero y cont\u00f3 con la participaci\u00f3n de 45 docentes.<\/em><br><\/p>\n\n\n\n<p>La Academia Maker Campus perteneciente a la Direcci\u00f3n de Desarrollo e Innovaci\u00f3n de la Facultad de Ingenier\u00eda UDD, realiz\u00f3 una jornada doble de capacitaci\u00f3n introductoria a docentes de tecnolog\u00eda y matem\u00e1ticas de establecimientos educacionales de la Municipalidad de Las Condes, quienes tendr\u00e1n la posibilidad de aplicar los conocimientos adquiridos en sus respectivas clases.<br><\/p>\n\n\n\n<p>Los objetivos de la sesi\u00f3n fueron describir la tendencia actual, resaltar la importancia de la educaci\u00f3n y la tecnolog\u00eda, transferir el principio de la importancia del pensamiento computacional dentro del desarrollo curricular e introducir los objetivos del proyecto el cual se trabajar\u00e1 en conjunto todo el a\u00f1o con los profesores y estudiantes de 5\u00ba b\u00e1sico a 2\u00ba medio.<br><\/p>\n\n\n\n<p>Entre las tem\u00e1ticas se abord\u00f3 la incidencia del pensamiento computacional en la resoluci\u00f3n de problemas de la sociedad actual, as\u00ed como tambi\u00e9n las tendencias tecnol\u00f3gicas presentes lo cotidiano, entre las que destacan aquellas que poseen sistemas abiertos e inteligencia artificial. Finalmente, se dieron a conocer los desaf\u00edos entre los cuales destaca la oportunidad de desarrollar habilidades profesionales y de desarrollo tecnol\u00f3gico en estudiantes de colegios.<br><\/p>\n\n\n\n<p>En la segunda jornada se dio a conocer el proceso que realizar\u00e1 la Academia Maker Campus en establecimientos educacionales de la Municipalidad de Las Condes durante este a\u00f1o. \u201cEl objetivo de la Academia Maker Campus es contribuir al desarrollo educacional integral de toda la comunidad escolar y para ello se realizar\u00e1 un apoyo t\u00e9cnico y acompa\u00f1amiento en el proceso de aprendizaje\u201d, se\u00f1al\u00f3 Camilo Rodr\u00edguez-Beltr\u00e1n, Director de Innovaci\u00f3n de la Facultad de Ingenier\u00eda UDD. Asimismo, se realizaron ejercicios pr\u00e1cticos que brindaron herramientas a docentes para que puedan desarrollarlas de manera aut\u00f3noma con sus estudiantes.<br><\/p>\n\n\n\n<p>La capacitaci\u00f3n desarrollada los d\u00edas 23 y 24 de febrero con la participaci\u00f3n de 45 docentes y fue impartida por el Director de innovaci\u00f3n de la Facultad de Ingenier\u00eda UDD, Camilo Rodr\u00edguez-Beltr\u00e1n, Alejandro Rebolledo investigador de la Direcci\u00f3n de Innovaci\u00f3n, Javiera de la Fuente adjunta del \u00c1rea de Laboratorios I+D de la Facultad de Ingenier\u00eda UDD y Vicente Lorca, asesor de la Facultad de Ingenier\u00eda.<br><\/p>\n","protected":false},"excerpt":{"rendered":"<p>La jornada doble se efectu\u00f3 los d\u00edas 23 y 24 de febrero y cont\u00f3 con la participaci\u00f3n de 45 docentes. La Academia Maker Campus perteneciente a la Direcci\u00f3n de Desarrollo e Innovaci\u00f3n de la Facultad de Ingenier\u00eda UDD, realiz\u00f3 una jornada doble de capacitaci\u00f3n introductoria a docentes de tecnolog\u00eda y matem\u00e1ticas de establecimientos educacionales de [&hellip;]<\/p>\n","protected":false},"author":9192227,"featured_media":216,"comment_status":"open","ping_status":"open","sticky":false,"template":"","format":"standard","meta":{"footnotes":""},"categories":[3,4],"tags":[],"class_list":["post-215","post","type-post","status-publish","format-standard","has-post-thumbnail","hentry","category-noticias","category-noticias-maker-campus"],"yoast_head":"<!-- This site is optimized with the Yoast SEO plugin v26.9 - https:\/\/yoast.com\/product\/yoast-seo-wordpress\/ -->\n<title>Academia Maker Campus realiza capacitaci\u00f3n introductoria a docentes de tecnolog\u00eda de Las Condes - Maker Campus<\/title>\n<meta name=\"robots\" content=\"index, follow, max-snippet:-1, max-image-preview:large, max-video-preview:-1\" \/>\n<link rel=\"canonical\" href=\"https:\/\/ingenieria.udd.cl\/maker-campus\/2021\/02\/24\/academia-maker-campus-realiza-capacitacion-introductoria-a-docentes-de-tecnologia-de-las-condes\/\" \/>\n<meta property=\"og:locale\" content=\"es_ES\" \/>\n<meta property=\"og:type\" content=\"article\" \/>\n<meta property=\"og:title\" content=\"Academia Maker Campus realiza capacitaci\u00f3n introductoria a docentes de tecnolog\u00eda de Las Condes - Maker Campus\" \/>\n<meta property=\"og:description\" content=\"La jornada doble se efectu\u00f3 los d\u00edas 23 y 24 de febrero y cont\u00f3 con la participaci\u00f3n de 45 docentes. La Academia Maker Campus perteneciente a la Direcci\u00f3n de Desarrollo e Innovaci\u00f3n de la Facultad de Ingenier\u00eda UDD, realiz\u00f3 una jornada doble de capacitaci\u00f3n introductoria a docentes de tecnolog\u00eda y matem\u00e1ticas de establecimientos educacionales de [&hellip;]\" \/>\n<meta property=\"og:url\" content=\"https:\/\/ingenieria.udd.cl\/maker-campus\/2021\/02\/24\/academia-maker-campus-realiza-capacitacion-introductoria-a-docentes-de-tecnologia-de-las-condes\/\" \/>\n<meta property=\"og:site_name\" content=\"Maker Campus\" \/>\n<meta property=\"article:published_time\" content=\"2021-02-24T19:52:57+00:00\" \/>\n<meta property=\"article:modified_time\" content=\"2021-02-24T19:53:44+00:00\" \/>\n<meta property=\"og:image\" content=\"https:\/\/ingenieria.udd.cl\/maker-campus\/files\/2021\/02\/Captura-de-Pantalla-2021-02-23-a-las-12.48.39.png\" \/>\n\t<meta property=\"og:image:width\" content=\"1063\" \/>\n\t<meta property=\"og:image:height\" content=\"606\" \/>\n\t<meta property=\"og:image:type\" content=\"image\/png\" \/>\n<meta name=\"author\" content=\"asantelices\" \/>\n<meta name=\"twitter:card\" content=\"summary_large_image\" \/>\n<meta name=\"twitter:label1\" content=\"Escrito por\" \/>\n\t<meta name=\"twitter:data1\" content=\"asantelices\" \/>\n\t<meta name=\"twitter:label2\" content=\"Tiempo de lectura\" \/>\n\t<meta name=\"twitter:data2\" content=\"2 minutos\" \/>\n<script type=\"application\/ld+json\" class=\"yoast-schema-graph\">{\"@context\":\"https:\/\/schema.org\",\"@graph\":[{\"@type\":\"Article\",\"@id\":\"https:\/\/ingenieria.udd.cl\/maker-campus\/2021\/02\/24\/academia-maker-campus-realiza-capacitacion-introductoria-a-docentes-de-tecnologia-de-las-condes\/#article\",\"isPartOf\":{\"@id\":\"https:\/\/ingenieria.udd.cl\/maker-campus\/2021\/02\/24\/academia-maker-campus-realiza-capacitacion-introductoria-a-docentes-de-tecnologia-de-las-condes\/\"},\"author\":{\"name\":\"asantelices\",\"@id\":\"https:\/\/ingenieria.udd.cl\/maker-campus\/#\/schema\/person\/8a62cceff1e85fc4055583eeb11790f1\"},\"headline\":\"Academia Maker Campus realiza capacitaci\u00f3n introductoria a docentes de tecnolog\u00eda de Las Condes\",\"datePublished\":\"2021-02-24T19:52:57+00:00\",\"dateModified\":\"2021-02-24T19:53:44+00:00\",\"mainEntityOfPage\":{\"@id\":\"https:\/\/ingenieria.udd.cl\/maker-campus\/2021\/02\/24\/academia-maker-campus-realiza-capacitacion-introductoria-a-docentes-de-tecnologia-de-las-condes\/\"},\"wordCount\":403,\"commentCount\":0,\"image\":{\"@id\":\"https:\/\/ingenieria.udd.cl\/maker-campus\/2021\/02\/24\/academia-maker-campus-realiza-capacitacion-introductoria-a-docentes-de-tecnologia-de-las-condes\/#primaryimage\"},\"thumbnailUrl\":\"https:\/\/ingenieria.udd.cl\/maker-campus\/files\/2021\/02\/Captura-de-Pantalla-2021-02-23-a-las-12.48.39.png\",\"articleSection\":[\"Noticias\",\"Noticias Maker Campus\"],\"inLanguage\":\"es\",\"potentialAction\":[{\"@type\":\"CommentAction\",\"name\":\"Comment\",\"target\":[\"https:\/\/ingenieria.udd.cl\/maker-campus\/2021\/02\/24\/academia-maker-campus-realiza-capacitacion-introductoria-a-docentes-de-tecnologia-de-las-condes\/#respond\"]}]},{\"@type\":\"WebPage\",\"@id\":\"https:\/\/ingenieria.udd.cl\/maker-campus\/2021\/02\/24\/academia-maker-campus-realiza-capacitacion-introductoria-a-docentes-de-tecnologia-de-las-condes\/\",\"url\":\"https:\/\/ingenieria.udd.cl\/maker-campus\/2021\/02\/24\/academia-maker-campus-realiza-capacitacion-introductoria-a-docentes-de-tecnologia-de-las-condes\/\",\"name\":\"Academia Maker Campus realiza capacitaci\u00f3n introductoria a docentes de tecnolog\u00eda de Las Condes - Maker Campus\",\"isPartOf\":{\"@id\":\"https:\/\/ingenieria.udd.cl\/maker-campus\/#website\"},\"primaryImageOfPage\":{\"@id\":\"https:\/\/ingenieria.udd.cl\/maker-campus\/2021\/02\/24\/academia-maker-campus-realiza-capacitacion-introductoria-a-docentes-de-tecnologia-de-las-condes\/#primaryimage\"},\"image\":{\"@id\":\"https:\/\/ingenieria.udd.cl\/maker-campus\/2021\/02\/24\/academia-maker-campus-realiza-capacitacion-introductoria-a-docentes-de-tecnologia-de-las-condes\/#primaryimage\"},\"thumbnailUrl\":\"https:\/\/ingenieria.udd.cl\/maker-campus\/files\/2021\/02\/Captura-de-Pantalla-2021-02-23-a-las-12.48.39.png\",\"datePublished\":\"2021-02-24T19:52:57+00:00\",\"dateModified\":\"2021-02-24T19:53:44+00:00\",\"author\":{\"@id\":\"https:\/\/ingenieria.udd.cl\/maker-campus\/#\/schema\/person\/8a62cceff1e85fc4055583eeb11790f1\"},\"breadcrumb\":{\"@id\":\"https:\/\/ingenieria.udd.cl\/maker-campus\/2021\/02\/24\/academia-maker-campus-realiza-capacitacion-introductoria-a-docentes-de-tecnologia-de-las-condes\/#breadcrumb\"},\"inLanguage\":\"es\",\"potentialAction\":[{\"@type\":\"ReadAction\",\"target\":[\"https:\/\/ingenieria.udd.cl\/maker-campus\/2021\/02\/24\/academia-maker-campus-realiza-capacitacion-introductoria-a-docentes-de-tecnologia-de-las-condes\/\"]}]},{\"@type\":\"ImageObject\",\"inLanguage\":\"es\",\"@id\":\"https:\/\/ingenieria.udd.cl\/maker-campus\/2021\/02\/24\/academia-maker-campus-realiza-capacitacion-introductoria-a-docentes-de-tecnologia-de-las-condes\/#primaryimage\",\"url\":\"https:\/\/ingenieria.udd.cl\/maker-campus\/files\/2021\/02\/Captura-de-Pantalla-2021-02-23-a-las-12.48.39.png\",\"contentUrl\":\"https:\/\/ingenieria.udd.cl\/maker-campus\/files\/2021\/02\/Captura-de-Pantalla-2021-02-23-a-las-12.48.39.png\",\"width\":1063,\"height\":606},{\"@type\":\"BreadcrumbList\",\"@id\":\"https:\/\/ingenieria.udd.cl\/maker-campus\/2021\/02\/24\/academia-maker-campus-realiza-capacitacion-introductoria-a-docentes-de-tecnologia-de-las-condes\/#breadcrumb\",\"itemListElement\":[{\"@type\":\"ListItem\",\"position\":1,\"name\":\"Portada\",\"item\":\"https:\/\/ingenieria.udd.cl\/maker-campus\/\"},{\"@type\":\"ListItem\",\"position\":2,\"name\":\"Academia Maker Campus realiza capacitaci\u00f3n introductoria a docentes de tecnolog\u00eda de Las Condes\"}]},{\"@type\":\"WebSite\",\"@id\":\"https:\/\/ingenieria.udd.cl\/maker-campus\/#website\",\"url\":\"https:\/\/ingenieria.udd.cl\/maker-campus\/\",\"name\":\"Maker Campus\",\"description\":\"Otro sitio m\u00e1s de Ingenieria\",\"inLanguage\":\"es\"},{\"@type\":\"Person\",\"@id\":\"https:\/\/ingenieria.udd.cl\/maker-campus\/#\/schema\/person\/8a62cceff1e85fc4055583eeb11790f1\",\"name\":\"asantelices\",\"image\":{\"@type\":\"ImageObject\",\"inLanguage\":\"es\",\"@id\":\"https:\/\/ingenieria.udd.cl\/maker-campus\/#\/schema\/person\/image\/\",\"url\":\"https:\/\/secure.gravatar.com\/avatar\/994e0189167ca1ed648f5e98c1527b7335dc0b35437f49f30cd8082a5d544855?s=96&d=mm&r=g\",\"contentUrl\":\"https:\/\/secure.gravatar.com\/avatar\/994e0189167ca1ed648f5e98c1527b7335dc0b35437f49f30cd8082a5d544855?s=96&d=mm&r=g\",\"caption\":\"asantelices\"},\"url\":\"https:\/\/ingenieria.udd.cl\/maker-campus\/author\/asantelices\/\"}]}<\/script>\n<!-- \/ Yoast SEO plugin. -->","yoast_head_json":{"title":"Academia Maker Campus realiza capacitaci\u00f3n introductoria a docentes de tecnolog\u00eda de Las Condes - Maker Campus","robots":{"index":"index","follow":"follow","max-snippet":"max-snippet:-1","max-image-preview":"max-image-preview:large","max-video-preview":"max-video-preview:-1"},"canonical":"https:\/\/ingenieria.udd.cl\/maker-campus\/2021\/02\/24\/academia-maker-campus-realiza-capacitacion-introductoria-a-docentes-de-tecnologia-de-las-condes\/","og_locale":"es_ES","og_type":"article","og_title":"Academia Maker Campus realiza capacitaci\u00f3n introductoria a docentes de tecnolog\u00eda de Las Condes - Maker Campus","og_description":"La jornada doble se efectu\u00f3 los d\u00edas 23 y 24 de febrero y cont\u00f3 con la participaci\u00f3n de 45 docentes. La Academia Maker Campus perteneciente a la Direcci\u00f3n de Desarrollo e Innovaci\u00f3n de la Facultad de Ingenier\u00eda UDD, realiz\u00f3 una jornada doble de capacitaci\u00f3n introductoria a docentes de tecnolog\u00eda y matem\u00e1ticas de establecimientos educacionales de [&hellip;]","og_url":"https:\/\/ingenieria.udd.cl\/maker-campus\/2021\/02\/24\/academia-maker-campus-realiza-capacitacion-introductoria-a-docentes-de-tecnologia-de-las-condes\/","og_site_name":"Maker Campus","article_published_time":"2021-02-24T19:52:57+00:00","article_modified_time":"2021-02-24T19:53:44+00:00","og_image":[{"width":1063,"height":606,"url":"https:\/\/ingenieria.udd.cl\/maker-campus\/files\/2021\/02\/Captura-de-Pantalla-2021-02-23-a-las-12.48.39.png","type":"image\/png"}],"author":"asantelices","twitter_card":"summary_large_image","twitter_misc":{"Escrito por":"asantelices","Tiempo de lectura":"2 minutos"},"schema":{"@context":"https:\/\/schema.org","@graph":[{"@type":"Article","@id":"https:\/\/ingenieria.udd.cl\/maker-campus\/2021\/02\/24\/academia-maker-campus-realiza-capacitacion-introductoria-a-docentes-de-tecnologia-de-las-condes\/#article","isPartOf":{"@id":"https:\/\/ingenieria.udd.cl\/maker-campus\/2021\/02\/24\/academia-maker-campus-realiza-capacitacion-introductoria-a-docentes-de-tecnologia-de-las-condes\/"},"author":{"name":"asantelices","@id":"https:\/\/ingenieria.udd.cl\/maker-campus\/#\/schema\/person\/8a62cceff1e85fc4055583eeb11790f1"},"headline":"Academia Maker Campus realiza capacitaci\u00f3n introductoria a docentes de tecnolog\u00eda de Las Condes","datePublished":"2021-02-24T19:52:57+00:00","dateModified":"2021-02-24T19:53:44+00:00","mainEntityOfPage":{"@id":"https:\/\/ingenieria.udd.cl\/maker-campus\/2021\/02\/24\/academia-maker-campus-realiza-capacitacion-introductoria-a-docentes-de-tecnologia-de-las-condes\/"},"wordCount":403,"commentCount":0,"image":{"@id":"https:\/\/ingenieria.udd.cl\/maker-campus\/2021\/02\/24\/academia-maker-campus-realiza-capacitacion-introductoria-a-docentes-de-tecnologia-de-las-condes\/#primaryimage"},"thumbnailUrl":"https:\/\/ingenieria.udd.cl\/maker-campus\/files\/2021\/02\/Captura-de-Pantalla-2021-02-23-a-las-12.48.39.png","articleSection":["Noticias","Noticias Maker Campus"],"inLanguage":"es","potentialAction":[{"@type":"CommentAction","name":"Comment","target":["https:\/\/ingenieria.udd.cl\/maker-campus\/2021\/02\/24\/academia-maker-campus-realiza-capacitacion-introductoria-a-docentes-de-tecnologia-de-las-condes\/#respond"]}]},{"@type":"WebPage","@id":"https:\/\/ingenieria.udd.cl\/maker-campus\/2021\/02\/24\/academia-maker-campus-realiza-capacitacion-introductoria-a-docentes-de-tecnologia-de-las-condes\/","url":"https:\/\/ingenieria.udd.cl\/maker-campus\/2021\/02\/24\/academia-maker-campus-realiza-capacitacion-introductoria-a-docentes-de-tecnologia-de-las-condes\/","name":"Academia Maker Campus realiza capacitaci\u00f3n introductoria a docentes de tecnolog\u00eda de Las Condes - Maker Campus","isPartOf":{"@id":"https:\/\/ingenieria.udd.cl\/maker-campus\/#website"},"primaryImageOfPage":{"@id":"https:\/\/ingenieria.udd.cl\/maker-campus\/2021\/02\/24\/academia-maker-campus-realiza-capacitacion-introductoria-a-docentes-de-tecnologia-de-las-condes\/#primaryimage"},"image":{"@id":"https:\/\/ingenieria.udd.cl\/maker-campus\/2021\/02\/24\/academia-maker-campus-realiza-capacitacion-introductoria-a-docentes-de-tecnologia-de-las-condes\/#primaryimage"},"thumbnailUrl":"https:\/\/ingenieria.udd.cl\/maker-campus\/files\/2021\/02\/Captura-de-Pantalla-2021-02-23-a-las-12.48.39.png","datePublished":"2021-02-24T19:52:57+00:00","dateModified":"2021-02-24T19:53:44+00:00","author":{"@id":"https:\/\/ingenieria.udd.cl\/maker-campus\/#\/schema\/person\/8a62cceff1e85fc4055583eeb11790f1"},"breadcrumb":{"@id":"https:\/\/ingenieria.udd.cl\/maker-campus\/2021\/02\/24\/academia-maker-campus-realiza-capacitacion-introductoria-a-docentes-de-tecnologia-de-las-condes\/#breadcrumb"},"inLanguage":"es","potentialAction":[{"@type":"ReadAction","target":["https:\/\/ingenieria.udd.cl\/maker-campus\/2021\/02\/24\/academia-maker-campus-realiza-capacitacion-introductoria-a-docentes-de-tecnologia-de-las-condes\/"]}]},{"@type":"ImageObject","inLanguage":"es","@id":"https:\/\/ingenieria.udd.cl\/maker-campus\/2021\/02\/24\/academia-maker-campus-realiza-capacitacion-introductoria-a-docentes-de-tecnologia-de-las-condes\/#primaryimage","url":"https:\/\/ingenieria.udd.cl\/maker-campus\/files\/2021\/02\/Captura-de-Pantalla-2021-02-23-a-las-12.48.39.png","contentUrl":"https:\/\/ingenieria.udd.cl\/maker-campus\/files\/2021\/02\/Captura-de-Pantalla-2021-02-23-a-las-12.48.39.png","width":1063,"height":606},{"@type":"BreadcrumbList","@id":"https:\/\/ingenieria.udd.cl\/maker-campus\/2021\/02\/24\/academia-maker-campus-realiza-capacitacion-introductoria-a-docentes-de-tecnologia-de-las-condes\/#breadcrumb","itemListElement":[{"@type":"ListItem","position":1,"name":"Portada","item":"https:\/\/ingenieria.udd.cl\/maker-campus\/"},{"@type":"ListItem","position":2,"name":"Academia Maker Campus realiza capacitaci\u00f3n introductoria a docentes de tecnolog\u00eda de Las Condes"}]},{"@type":"WebSite","@id":"https:\/\/ingenieria.udd.cl\/maker-campus\/#website","url":"https:\/\/ingenieria.udd.cl\/maker-campus\/","name":"Maker Campus","description":"Otro sitio m\u00e1s de Ingenieria","inLanguage":"es"},{"@type":"Person","@id":"https:\/\/ingenieria.udd.cl\/maker-campus\/#\/schema\/person\/8a62cceff1e85fc4055583eeb11790f1","name":"asantelices","image":{"@type":"ImageObject","inLanguage":"es","@id":"https:\/\/ingenieria.udd.cl\/maker-campus\/#\/schema\/person\/image\/","url":"https:\/\/secure.gravatar.com\/avatar\/994e0189167ca1ed648f5e98c1527b7335dc0b35437f49f30cd8082a5d544855?s=96&d=mm&r=g","contentUrl":"https:\/\/secure.gravatar.com\/avatar\/994e0189167ca1ed648f5e98c1527b7335dc0b35437f49f30cd8082a5d544855?s=96&d=mm&r=g","caption":"asantelices"},"url":"https:\/\/ingenieria.udd.cl\/maker-campus\/author\/asantelices\/"}]}},"featured_image_url":"https:\/\/ingenieria.udd.cl\/maker-campus\/files\/2021\/02\/Captura-de-Pantalla-2021-02-23-a-las-12.48.39.png","_links":{"self":[{"href":"https:\/\/ingenieria.udd.cl\/maker-campus\/wp-json\/wp\/v2\/posts\/215","targetHints":{"allow":["GET"]}}],"collection":[{"href":"https:\/\/ingenieria.udd.cl\/maker-campus\/wp-json\/wp\/v2\/posts"}],"about":[{"href":"https:\/\/ingenieria.udd.cl\/maker-campus\/wp-json\/wp\/v2\/types\/post"}],"author":[{"embeddable":true,"href":"https:\/\/ingenieria.udd.cl\/maker-campus\/wp-json\/wp\/v2\/users\/9192227"}],"replies":[{"embeddable":true,"href":"https:\/\/ingenieria.udd.cl\/maker-campus\/wp-json\/wp\/v2\/comments?post=215"}],"version-history":[{"count":1,"href":"https:\/\/ingenieria.udd.cl\/maker-campus\/wp-json\/wp\/v2\/posts\/215\/revisions"}],"predecessor-version":[{"id":217,"href":"https:\/\/ingenieria.udd.cl\/maker-campus\/wp-json\/wp\/v2\/posts\/215\/revisions\/217"}],"wp:featuredmedia":[{"embeddable":true,"href":"https:\/\/ingenieria.udd.cl\/maker-campus\/wp-json\/wp\/v2\/media\/216"}],"wp:attachment":[{"href":"https:\/\/ingenieria.udd.cl\/maker-campus\/wp-json\/wp\/v2\/media?parent=215"}],"wp:term":[{"taxonomy":"category","embeddable":true,"href":"https:\/\/ingenieria.udd.cl\/maker-campus\/wp-json\/wp\/v2\/categories?post=215"},{"taxonomy":"post_tag","embeddable":true,"href":"https:\/\/ingenieria.udd.cl\/maker-campus\/wp-json\/wp\/v2\/tags?post=215"}],"curies":[{"name":"wp","href":"https:\/\/api.w.org\/{rel}","templated":true}]}}